{"id":73600,"date":"2024-12-09T18:54:47","date_gmt":"2024-12-09T18:54:47","guid":{"rendered":"https:\/\/tvbrazilusa.com\/2024\/12\/09\/juiz-concorda-em-adiar-novo-julgamento-de-karen-read\/"},"modified":"2024-12-09T19:43:35","modified_gmt":"2024-12-09T19:43:35","slug":"juiz-concorda-em-adiar-novo-julgamento-de-karen-read","status":"publish","type":"post","link":"https:\/\/tvbrazilusa.com\/pt\/2024\/12\/09\/juiz-concorda-em-adiar-novo-julgamento-de-karen-read\/","title":{"rendered":"Juiz concorda em adiar novo julgamento de Karen Read"},"content":{"rendered":"<p> <script async src=\"https:\/\/pagead2.googlesyndication.com\/pagead\/js\/adsbygoogle.js?client=ca-pub-8864793242727901\"\r\n     crossorigin=\"anonymous\"><\/script><br \/>\n<\/p>\n<div id=\"\">\n<header class=\"m-article-header m-article-header--standard\">\n\t\t\t\t\t\t\t\t\t\t\t\t<span id=\"article-header-primary-term\"><br \/>\n\t\t\t\t\t\t\t\t<a class=\"a-term a-term--primary\" href=\"https:\/\/www.boston.com\/tag\/crime\/\"><\/p>\n<p>\t\t\t\t\t\t\t\tCrime\t\t\t\t\t\t\t\t<\/a><br \/>\n\t\t\t\t\t\t\t<\/span><\/p>\n<h2 class=\"m-article-header__sub-headline\">Os promotores e os advogados de defesa solicitaram o adiamento, argumentando que uma data posterior do julgamento tornaria o processo mais r\u00e1pido. <\/h2>\n<figure class=\"a-photo m-article-header__photo\"><figcaption class=\"a-photo__caption\">\n<p>\tKaren Read deixa o Tribunal Superior de Norfolk em 13 de novembro de 2024.<em> Jessica Rinaldi\/equipe do Boston Globe<\/em>\t<\/figcaption><\/figure>\n<\/header>\n<p><a href=\"http:\/\/Karen%20Read\" target=\"_blank\" rel=\"noreferrer noopener\">Karen leu<\/a>O segundo julgamento por homic\u00eddio foi adiado depois que a ju\u00edza Beverly Cannone permitiu um pedido conjunto de promotores e advogados de defesa para adiar o t\u00e3o aguardado novo julgamento.<\/p>\n<p>Os advogados pediram para adiar a data de in\u00edcio de 27 de janeiro para 1\u00ba de abril, com o promotor especial Hank Brennan argumentando que isso permitiria um julgamento mais r\u00e1pido. <\/p>\n<p>\u201cEmbora atrase o caso se voc\u00ea permitir esta mo\u00e7\u00e3o, acho que o julgamento ser\u00e1 mais curto, mais eficaz e eficiente e acho que ser\u00e1, o que \u00e9 mais importante, mais justo para as partes envolvidas\u201d, disse Brennan a Cannone. <a href=\"https:\/\/www.boston.com\/news\/crime\/2024\/11\/13\/livestream-karen-read-back-in-court-for-hearing-on-several-key-motions\/\" target=\"_blank\" rel=\"noreferrer noopener\">durante uma audi\u00eancia no m\u00eas passado<\/a>. Ele tamb\u00e9m disse que o atraso lhe permitiria reduzir \u201csubstancialmente\u201d a lista de testemunhas da acusa\u00e7\u00e3o. <\/p>\n<p>Na decis\u00e3o de segunda-feira, Cannone pediu \u00e0 acusa\u00e7\u00e3o e \u00e0 defesa que propusessem uma ordem de agendamento para ela considerar quando Read retornar ao tribunal na quinta-feira.<\/p>\n<p>Read, 44, \u00e9 acusada de matar seu namorado, o policial de Boston John O&#8217;Keefe, ap\u00f3s uma noite de passeios em bares em Cant\u00e3o em 29 de janeiro de 2022. Os promotores alegam que Read estava dirigindo b\u00eabado e deliberadamente deu r\u00e9 com seu SUV em O&#8217;Keefe enquanto o deixava em uma festa em casa. Ele foi encontrado inconsciente na neve horas depois. <\/p>\n<p>Os advogados de Read afirmam que ela era uma <a href=\"https:\/\/www.boston.com\/news\/crime\/2024\/04\/29\/karen-read-murder-trial-day-1\/\" target=\"_blank\" rel=\"noreferrer noopener\">\u201cforasteiro conveniente\u201d<\/a> enquadrado em um encobrimento policial, sugerindo que O&#8217;Keefe foi severamente espancado e possivelmente atacado pelo cachorro do propriet\u00e1rio ap\u00f3s entrar na festa. <\/p>\n<p>Seu primeiro julgamento terminou com um j\u00fari empatado em 1\u00ba de julho, e ela apelou para o Supremo Tribunal Judicial em uma tentativa de <a href=\"https:\/\/www.boston.com\/news\/crime\/2024\/11\/06\/livestream-karen-read-lawyers-dismissal-arguments-sjc\/\" target=\"_blank\" rel=\"noreferrer noopener\">retire duas de suas acusa\u00e7\u00f5es<\/a> antes do novo julgamento do pr\u00f3ximo ano.<\/p>\n<div class=\"o-author-single has-avatar\">\n<header class=\"m-author-card\">\n<div class=\"a-image a-image--square m-author-card__image\">\n\t\t<img decoding=\"async\" class=\"\" src=\"https:\/\/www.boston.com\/wp-content\/uploads\/2024\/10\/cropped-Patkin-Headshot-66fea67b66dd2-scaled-1-66fea6a1c6f25.jpg\" alt=\"Imagem do perfil de Abby Patkin\"\/>\t<\/div>\n<\/header>\n<section class=\"author-info\">\n<div class=\"m-author__section\">\n<p>Abby Patkin \u00e9 uma rep\u00f3rter de not\u00edcias gerais cujo trabalho aborda transporte p\u00fablico, crime, sa\u00fade e tudo mais.<\/p>\n<\/div>\n<\/section>\n<\/div>\n<div class=\"m-block m-generic-cta\t m-generic-cta--post-content\t m-generic-cta--dark\t m-generic-cta--homepage\t m-generic-cta--email-signup\t\t m-generic-cta-block-style--default \tt-amp__generic-cta\"><\/p>\n<div class=\"m-generic-cta__wrap\">\n<div class=\"m-generic-cta__content\">\n<h3 class=\"m-generic-cta__title\">Boston.com hoje<\/h3>\n<p class=\"m-generic-cta__subtitle\">Inscreva-se para receber as \u00faltimas manchetes em sua caixa de entrada todas as manh\u00e3s.<\/p>\n<\/p><\/div>\n<\/p><\/div>\n<\/div><\/div>\n<p><script>\n\t\tvar consent=\"grant\";\n\t\t\/* The above code is parsing the JSON data from the local storage and storing it in a variable. *\/\n\t\t\t\t\tconst onetrustStorageConsent = JSON.parse(localStorage.getItem( 'consent_one_trust_bdc' ) );\n\t\t\tif ( ( onetrustStorageConsent !== null ) ) {\n\t\t\t\t\/* Checking to see if the user has consented to the use of cookies.\n\t\t\t\t* If they have not, it is deleting the cookie.\n\t\t\t\t* This will comment for now, until further notice.\n\t\t\t\t*\/\n\t\t\t\t\/\/if ( onetrustStorageConsent.C0002 === false ) {\n\t\t\t\t\/\/\tdocument.cookie=\"_fbp=;expires=Thu, 01 Jan 2010 00:00:00 UTC; path=\/; domain=.boston.com\";\n\t\t\t\t\/\/}\n\t\t\t\t\/* Checking if the user has given consent for the cookie C0002.\n\t\t\t\t* If the user has given consent, the variable consent will be set to 'grant'.\n\t\t\t\t* If the user has not given consent,the variable consent will be set to 'revoke'.\n\t\t\t\t* Documentation https:\/\/developers.facebook.com\/docs\/meta-pixel\/implementation\/gdpr\n\t\t\t\t*\/\n\t\t\t\tif ( onetrustStorageConsent.C0002 !== true ) {\n\t\t\t\t\tconsent=\"revoke\";\n\t\t\t\t}\n\t\t\t}\n\t\t\t\t!function(f,b,e,v,n,t,s)\n\t\t{if(f.fbq)return;n=f.fbq=function(){n.callMethod?\n\t\tn.callMethod.apply(n,arguments):n.queue.push(arguments)};\n\t\tif(!f._fbq)f._fbq=n;n.push=n;n.loaded=!0;n.version='2.0';\n\t\tn.queue=[];t=b.createElement(e);t.async=!0;\n\t\tt.src=v;s=b.getElementsByTagName(e)[0];\n\t\ts.parentNode.insertBefore(t,s)}(window, document,'script',\n\t\t'https:\/\/connect.facebook.net\/en_US\/fbevents.js');\n\t\tfbq('consent', consent);\n\t\tfbq('init', '989222871864976');\n\t\tfbq('track', 'PageView');\n\t<\/script><script type=\"module\">\n\t\tvar consent=\"grant\";\n\t\t\/* The above code is parsing the JSON data from the local storage and storing it in a variable. *\/\n\t\t\tconst onetrustStorageConsent = JSON.parse(localStorage.getItem( 'consent_one_trust_bdc' ) );\n\t\t\t\/* Checking to see if the user has consented to the use of cookies.\n\t\t\t* If they have not, it is deleting the cookie.\n\t\t\t* This will comment for now, until further notice.\n\t\t\t*\/\n\t\t\t\/\/if ( onetrustStorageConsent.C0002 === false ) {\n\t\t\t\/\/\tdocument.cookie=\"_fbp=;expires=Thu, 01 Jan 2010 00:00:00 UTC; path=\/; domain=.boston.com\";\n\t\t\t\/\/}\n\t\t\t\/* Checking if the user has given consent for the cookie C0002.\n\t\t\t* If the user has given consent, the variable consent will be set to 'grant'.\n\t\t\t* If the user has not given consent,the variable consent will be set to 'revoke'.\n\t\t\t* Documentation https:\/\/developers.facebook.com\/docs\/meta-pixel\/implementation\/gdpr\n\t\t\t*\/\n\t\t\tif ( ( onetrustStorageConsent !== null ) && (onetrustStorageConsent.C0002 !== true ) ) {\n\t\t\t\tconsent=\"revoke\";\n\t\t\t}\n\t\t\t\t!function(f,b,e,v,n,t,s){if(f.fbq)return;n=f.fbq=function()\n\t\t{n.callMethod? n.callMethod.apply(n,arguments):n.queue.push(arguments)}\n\t\t;if(!f._fbq)f._fbq=n;\n\t\tn.push=n;n.loaded=!0;n.version='2.0';n.queue=[];t=b.createElement(e);t.async=!0;\n\t\tt.src=v;s=b.getElementsByTagName(e)[0];s.parentNode.insertBefore(t,s)}(window,\n\t\tdocument,'script','https:\/\/connect.facebook.net\/en_US\/fbevents.js');\n\t\tfbq('consent', consent);\n\t\tfbq('init', '813236348753005');\n\t\tfbq('track', \"PageView\");\n\t<\/script><br \/>\n<br \/><br \/>\n<br \/><a href=\"https:\/\/www.boston.com\/news\/crime\/2024\/12\/09\/judge-agrees-postpone-karen-read-retrial\/\">Source link <\/a><\/p>","protected":false},"excerpt":{"rendered":"<p>Crime Os promotores e os advogados de defesa solicitaram o adiamento, argumentando que uma data posterior do julgamento tornaria o processo mais r\u00e1pido. Karen Read deixa o Tribunal Superior de&hellip;<\/p>","protected":false},"author":1,"featured_media":73601,"comment_status":"closed","ping_status":"open","sticky":false,"template":"","format":"standard","meta":{"content-type":"","footnotes":""},"categories":[1],"tags":[],"class_list":["post-73600","post","type-post","status-publish","format-standard","has-post-thumbnail","hentry","category-uncategorized"],"_links":{"self":[{"href":"https:\/\/tvbrazilusa.com\/pt\/wp-json\/wp\/v2\/posts\/73600","targetHints":{"allow":["GET"]}}],"collection":[{"href":"https:\/\/tvbrazilusa.com\/pt\/wp-json\/wp\/v2\/posts"}],"about":[{"href":"https:\/\/tvbrazilusa.com\/pt\/wp-json\/wp\/v2\/types\/post"}],"author":[{"embeddable":true,"href":"https:\/\/tvbrazilusa.com\/pt\/wp-json\/wp\/v2\/users\/1"}],"replies":[{"embeddable":true,"href":"https:\/\/tvbrazilusa.com\/pt\/wp-json\/wp\/v2\/comments?post=73600"}],"version-history":[{"count":1,"href":"https:\/\/tvbrazilusa.com\/pt\/wp-json\/wp\/v2\/posts\/73600\/revisions"}],"predecessor-version":[{"id":73602,"href":"https:\/\/tvbrazilusa.com\/pt\/wp-json\/wp\/v2\/posts\/73600\/revisions\/73602"}],"wp:featuredmedia":[{"embeddable":true,"href":"https:\/\/tvbrazilusa.com\/pt\/wp-json\/wp\/v2\/media\/73601"}],"wp:attachment":[{"href":"https:\/\/tvbrazilusa.com\/pt\/wp-json\/wp\/v2\/media?parent=73600"}],"wp:term":[{"taxonomy":"category","embeddable":true,"href":"https:\/\/tvbrazilusa.com\/pt\/wp-json\/wp\/v2\/categories?post=73600"},{"taxonomy":"post_tag","embeddable":true,"href":"https:\/\/tvbrazilusa.com\/pt\/wp-json\/wp\/v2\/tags?post=73600"}],"curies":[{"name":"wp","href":"https:\/\/api.w.org\/{rel}","templated":true}]}}