{"id":73728,"date":"2024-12-09T22:32:53","date_gmt":"2024-12-09T22:32:53","guid":{"rendered":"https:\/\/tvbrazilusa.com\/2024\/12\/09\/homem-atira-em-carro-apos-briga-de-transito-veja-video\/"},"modified":"2024-12-09T22:32:54","modified_gmt":"2024-12-09T22:32:54","slug":"homem-atira-em-carro-apos-briga-de-transito-veja-video","status":"publish","type":"post","link":"https:\/\/tvbrazilusa.com\/pt\/2024\/12\/09\/homem-atira-em-carro-apos-briga-de-transito-veja-video\/","title":{"rendered":"Homem atira em carro ap\u00f3s briga de tr\u00e2nsito: VEJA V\u00cdDEO"},"content":{"rendered":"<p> <script async src=\"https:\/\/pagead2.googlesyndication.com\/pagead\/js\/adsbygoogle.js?client=ca-pub-8864793242727901\"\r\n     crossorigin=\"anonymous\"><\/script><br \/>\n<\/p>\n<div id=\"taboola-read-more\" style=\"display:block; width:100%\">\n<p>Um homem de 31 anos foi preso em flagrante por tentativa de homic\u00eddio ap\u00f3s atirar contra um motorista durante uma briga de tr\u00e2nsito em S\u00e3o Paulo. O caso ocorreu na rua Nossa Senhora das Merc\u00eas, na zona sul da capital paulista, no \u00faltimo domingo (8).\n<\/p>\n<p><strong>ASSISTA:<\/strong><\/p>\n<p>Em um v\u00eddeo filmado por uma testemunha \u00e9 poss\u00edvel ver que o ve\u00edculo da v\u00edtima e do atirador est\u00e3o lado a lado, quando o homem de 31 anos, que est\u00e1 do lado de fora do carro, saca uma arma e efetua pelo menos dois disparos. O outro motorista acelera o ve\u00edculo e sai do local.\n<\/p>\n<p>Segundo a pol\u00edcia, o homem admitiu ter atirado contra o motorista ap\u00f3s uma briga de tr\u00e2nsito. A v\u00edtima n\u00e3o ficou ferida e o suspeito foi levado para a delegacia.\n<\/p>\n<p>O caso foi registrado como posse ilegal de arma de fogo e tentativa de homic\u00eddio.\n<\/p>\n<p>Fonte: CNN Brasil              <\/p>\n<\/div>\n<p><br \/>\n<br \/><a href=\"https:\/\/diariodobrasilnoticias.com.br\/noticia\/homem-atira-em-carro-apos-briga-de-transito-veja-video-675747fa6af8d\">Source link <\/a><\/p>","protected":false},"excerpt":{"rendered":"<p>Um homem de 31 anos foi preso em flagrante por tentativa de homic\u00eddio ap\u00f3s atirar contra um motorista durante uma briga de tr\u00e2nsito em S\u00e3o Paulo. O caso ocorreu na&hellip;<\/p>","protected":false},"author":1,"featured_media":73729,"comment_status":"closed","ping_status":"open","sticky":false,"template":"","format":"standard","meta":{"content-type":"","footnotes":""},"categories":[16],"tags":[123,2448,5313,1267],"class_list":["post-73728","post","type-post","status-publish","format-standard","has-post-thumbnail","hentry","category-noticias","tag-brasil","tag-diario","tag-noticia","tag-noticias"],"_links":{"self":[{"href":"https:\/\/tvbrazilusa.com\/pt\/wp-json\/wp\/v2\/posts\/73728","targetHints":{"allow":["GET"]}}],"collection":[{"href":"https:\/\/tvbrazilusa.com\/pt\/wp-json\/wp\/v2\/posts"}],"about":[{"href":"https:\/\/tvbrazilusa.com\/pt\/wp-json\/wp\/v2\/types\/post"}],"author":[{"embeddable":true,"href":"https:\/\/tvbrazilusa.com\/pt\/wp-json\/wp\/v2\/users\/1"}],"replies":[{"embeddable":true,"href":"https:\/\/tvbrazilusa.com\/pt\/wp-json\/wp\/v2\/comments?post=73728"}],"version-history":[{"count":1,"href":"https:\/\/tvbrazilusa.com\/pt\/wp-json\/wp\/v2\/posts\/73728\/revisions"}],"predecessor-version":[{"id":73730,"href":"https:\/\/tvbrazilusa.com\/pt\/wp-json\/wp\/v2\/posts\/73728\/revisions\/73730"}],"wp:featuredmedia":[{"embeddable":true,"href":"https:\/\/tvbrazilusa.com\/pt\/wp-json\/wp\/v2\/media\/73729"}],"wp:attachment":[{"href":"https:\/\/tvbrazilusa.com\/pt\/wp-json\/wp\/v2\/media?parent=73728"}],"wp:term":[{"taxonomy":"category","embeddable":true,"href":"https:\/\/tvbrazilusa.com\/pt\/wp-json\/wp\/v2\/categories?post=73728"},{"taxonomy":"post_tag","embeddable":true,"href":"https:\/\/tvbrazilusa.com\/pt\/wp-json\/wp\/v2\/tags?post=73728"}],"curies":[{"name":"wp","href":"https:\/\/api.w.org\/{rel}","templated":true}]}}