{"id":73737,"date":"2024-12-09T22:45:20","date_gmt":"2024-12-09T22:45:20","guid":{"rendered":"https:\/\/tvbrazilusa.com\/2024\/12\/09\/dolar-fecha-em-alta-2\/"},"modified":"2024-12-09T22:45:22","modified_gmt":"2024-12-09T22:45:22","slug":"dolar-fecha-em-alta-2","status":"publish","type":"post","link":"https:\/\/tvbrazilusa.com\/pt\/2024\/12\/09\/dolar-fecha-em-alta-2\/","title":{"rendered":"D\u00f3lar fecha em alta"},"content":{"rendered":"<p> <script async src=\"https:\/\/pagead2.googlesyndication.com\/pagead\/js\/adsbygoogle.js?client=ca-pub-8864793242727901\"\r\n     crossorigin=\"anonymous\"><\/script><br \/>\n<\/p>\n<div id=\"taboola-read-more\" style=\"display:block; width:100%\">\n<p>O d\u00f3lar voltou a fechar em alta e renovou a m\u00e1xima hist\u00f3rica nesta segunda-feira (9), dia de agenda econ\u00f4mica esvaziada e com investidores se posicionando para uma semana marcada por dados de infla\u00e7\u00e3o no Brasil e nos Estados Unidos e pela \u00faltima reuni\u00e3o dos juros pelo Banco Central (BC) neste ano.\n<\/p>\n<p>O d\u00f3lar encerrou a sess\u00e3o com alta de 0,09%, indo a R$ 5,082 na venda.<\/p>\n<p>Foi a segunda sess\u00e3o seguida de recorde da divisa norte-americana, com fechamento em R$ 6,076 na sexta-feira (6).\n<\/p>\n<p>Os ativos da bolsa brasileira tamb\u00e9m fecharam em alta, com a repercuss\u00e3o positiva com o an\u00fancio de a China fazer a primeira mudan\u00e7a na pol\u00edtica monet\u00e1ria desde 2010 para estimular o crescimento.\n<\/p>\n<p>O Ibovespa encerrou a sess\u00e3o com avan\u00e7o de 1%, aos 127.210 pontos.\n<\/p>\n<p>A not\u00edcia deu mais for\u00e7a para a\u00e7\u00f5es de commodites, com CSN Minera\u00e7\u00e3o (CMIN3) liderando, com alta de 6,68%. Na sequ\u00eancia, Vale (VALE3) ganhou 5,32%.\n<\/p>\n<p>J\u00e1 Petrobras (PETR4) fechou o dia com alta de 2,59%.\n<\/p>\n<p>Cen\u00e1rio dom\u00e9stico<br \/>Dados do \u00cdndice de Pre\u00e7os ao Consumidor Amplo (IPCA) \u2013 o indicador oficial da infla\u00e7\u00e3o brasileira \u2013 de novembro ser\u00e3o publicados nesta ter\u00e7a-feira (10).\n<\/p>\n<p>Economistas consultados pela Reuters projetam uma desacelera\u00e7\u00e3o da infla\u00e7\u00e3o ao consumidor para 0,37% na base mensal, de 0,56% em outubro.\n<\/p>\n<p>Em 12 meses, a previs\u00e3o \u00e9 que o \u00edndice tenha acelerado para alta de 4,85%, ante 4,76% em outubro. O n\u00edvel se mant\u00e9m acima da meta perseguida do BC, de 3%, com toler\u00e2ncia de 1,5 ponto para cima ou para baixo.\n<\/p>\n<p>J\u00e1 na quarta sai a decis\u00e3o dos juros pelo Comit\u00ea de Pol\u00edtica Monet\u00e1ria (Copom) do BC, com operadores aumento as apostas de alta de 1 ponto na Selic, mas com proje\u00e7\u00f5es tamb\u00e9m indicado avan\u00e7o de 0,75 ponto.\n<\/p>\n<p>Ambos os movimentos representariam uma nova acelera\u00e7\u00e3o no ritmo do atual ciclo de aperto monet\u00e1rio, ap\u00f3s alta de 0,5 ponto percentual de novembro e o aumento 0,25 ponto em setembro.\n<\/p>\n<p>\u201cNa nossa avalia\u00e7\u00e3o, \u00e9 justificado acelerar o ritmo do aumento dos juros, dado um cen\u00e1rio de uma economia superaquecida, um mercado de trabalho apertado, sal\u00e1rios elevados e o crescimento da renda dispon\u00edvel das fam\u00edlias\u201d, disseram analistas do Goldman Sachs em nota.\n<\/p>\n<p>O mercado ainda segue de olho na tramita\u00e7\u00e3o das medidas de conten\u00e7\u00e3o de gastos propostas pelo governo no Congresso, uma vez que o Executivo busca aprov\u00e1-las at\u00e9 o fim deste ano para que j\u00e1 comecem a valer a partir de 2025.\n<\/p>\n<p>A repercuss\u00e3o do pacote fiscal tem sido ruim desde seu an\u00fancio no fim do m\u00eas passado, quando veio acompanhado da divulga\u00e7\u00e3o de um inesperado projeto de reforma do Imposto de Renda.\n<\/p>\n<p>Piora das expectativas<br \/>Dados do Boletim Focus, pesquisa semanal do BC com agentes do mercado, mostraram piora para juros, infla\u00e7\u00e3o e c\u00e2mbio em 2024 e nos pr\u00f3ximos anos.\n<\/p>\n<p>A expectativa para a Selic est\u00e1 em 12% ao fim deste ano e 13,5% em 2025.\n<\/p>\n<p>Os investidores passaram a ver altas do IPCA de 4,84% e 4,59% respectivamente em 2024 e 2025, de 4,71% e 4,40% antes.\n<\/p>\n<p>Analistas consultados pelo Banco Central passaram a ver uma infla\u00e7\u00e3o acima do teto da meta perseguida pela autarquia \u2014 com centro de 3% e uma margem de toler\u00e2ncia de 1,5 ponto percentual para cima ou para baixo \u2013 este ano e no pr\u00f3ximo, com aumentos nas perspectivas para o d\u00f3lar.\n<\/p>\n<p>A pesquisa Focus mostrou que os economistas agora preveem altas do IPCA de 4,84% e 4,59% respectivamente em 2024 e 2025, de 4,71% e 4,40% antes.\n<\/p>\n<p>A press\u00e3o inflacion\u00e1ria vem tamb\u00e9m do enfraquecimento do real. O Focus mostrou ainda que a expectativa para o d\u00f3lar ao final deste ano subiu de R$ 5,70 para R$ 5,95, enquanto que para 2025 passou de R$ 5,60 para R$ 5,77.\n<\/p>\n<p>As contas para o Produto Interno Bruto (PIB) tamb\u00e9m foram ajustadas para cima, com a estimativa de crescimento em 2024 agora em 3,39% e para 2025 em 2%.\n<\/p>\n<p>Na semana passada as expectativas eram respectivamente de expans\u00e3o de 3,22% e 1,95%.\n<\/p>\n<p>Contexto internacional<br \/>A cena local tamb\u00e9m \u00e9 marcada pela expectativa de dados da infla\u00e7\u00e3o nos Estados Unidos na ter\u00e7a e quarta-feira (11), que devem mexer com expectativas para os juros definidos pelo Federal Reserve (Fed).\n<\/p>\n<p>A \u00faltima reuni\u00e3o da autoridade monet\u00e1ria ser\u00e1 na semana que vem.\n<\/p>\n<p>Os mercados tamb\u00e9m repercutiram an\u00fancio da China, que adotar\u00e1 uma pol\u00edtica monet\u00e1ria \u201cadequadamente frouxa\u201d no pr\u00f3ximo ano como parte das medidas de apoio ao crescimento econ\u00f4mico, informou a m\u00eddia estatal nesta segunda.\n<\/p>\n<p>A China implementar\u00e1 uma pol\u00edtica fiscal mais proativa e intensificar\u00e1 os ajustes antic\u00edclicos \u201cn\u00e3o convencionais\u201d, informou a Xinhua, citando o Politburo.\n<\/p>\n<p>A China tamb\u00e9m deve aumentar \u201cvigorosamente\u201d o consumo e expandir a demanda interna \u201cem todas as dire\u00e7\u00f5es\u201d, disse a Xinhua.\n<\/p>\n<p>Fonte: CNN Brasil              <\/p>\n<\/div>\n<p><br \/>\n<br \/><a href=\"https:\/\/diariodobrasilnoticias.com.br\/noticia\/dolar-fecha-em-alta-675761ba81bff\">Source link <\/a><\/p>","protected":false},"excerpt":{"rendered":"<p>O d\u00f3lar voltou a fechar em alta e renovou a m\u00e1xima hist\u00f3rica nesta segunda-feira (9), dia de agenda econ\u00f4mica esvaziada e com investidores se posicionando para uma semana marcada por&hellip;<\/p>","protected":false},"author":1,"featured_media":73738,"comment_status":"closed","ping_status":"open","sticky":false,"template":"","format":"standard","meta":{"content-type":"","footnotes":""},"categories":[16],"tags":[123,2448,5313,1267],"class_list":["post-73737","post","type-post","status-publish","format-standard","has-post-thumbnail","hentry","category-noticias","tag-brasil","tag-diario","tag-noticia","tag-noticias"],"_links":{"self":[{"href":"https:\/\/tvbrazilusa.com\/pt\/wp-json\/wp\/v2\/posts\/73737","targetHints":{"allow":["GET"]}}],"collection":[{"href":"https:\/\/tvbrazilusa.com\/pt\/wp-json\/wp\/v2\/posts"}],"about":[{"href":"https:\/\/tvbrazilusa.com\/pt\/wp-json\/wp\/v2\/types\/post"}],"author":[{"embeddable":true,"href":"https:\/\/tvbrazilusa.com\/pt\/wp-json\/wp\/v2\/users\/1"}],"replies":[{"embeddable":true,"href":"https:\/\/tvbrazilusa.com\/pt\/wp-json\/wp\/v2\/comments?post=73737"}],"version-history":[{"count":1,"href":"https:\/\/tvbrazilusa.com\/pt\/wp-json\/wp\/v2\/posts\/73737\/revisions"}],"predecessor-version":[{"id":73739,"href":"https:\/\/tvbrazilusa.com\/pt\/wp-json\/wp\/v2\/posts\/73737\/revisions\/73739"}],"wp:featuredmedia":[{"embeddable":true,"href":"https:\/\/tvbrazilusa.com\/pt\/wp-json\/wp\/v2\/media\/73738"}],"wp:attachment":[{"href":"https:\/\/tvbrazilusa.com\/pt\/wp-json\/wp\/v2\/media?parent=73737"}],"wp:term":[{"taxonomy":"category","embeddable":true,"href":"https:\/\/tvbrazilusa.com\/pt\/wp-json\/wp\/v2\/categories?post=73737"},{"taxonomy":"post_tag","embeddable":true,"href":"https:\/\/tvbrazilusa.com\/pt\/wp-json\/wp\/v2\/tags?post=73737"}],"curies":[{"name":"wp","href":"https:\/\/api.w.org\/{rel}","templated":true}]}}