{"id":73743,"date":"2024-12-09T22:48:00","date_gmt":"2024-12-09T22:48:00","guid":{"rendered":"https:\/\/tvbrazilusa.com\/2024\/12\/09\/bill-belichick-confirma-negociacoes-com-unc-e-traca-visao-para-programa-de-futebol-universitario\/"},"modified":"2024-12-09T22:51:07","modified_gmt":"2024-12-09T22:51:07","slug":"bill-belichick-confirma-negociacoes-com-unc-e-traca-visao-para-programa-de-futebol-universitario","status":"publish","type":"post","link":"https:\/\/tvbrazilusa.com\/pt\/2024\/12\/09\/bill-belichick-confirma-negociacoes-com-unc-e-traca-visao-para-programa-de-futebol-universitario\/","title":{"rendered":"Bill Belichick confirma negocia\u00e7\u00f5es com UNC e tra\u00e7a vis\u00e3o para programa de futebol universit\u00e1rio"},"content":{"rendered":"<p> <script async src=\"https:\/\/pagead2.googlesyndication.com\/pagead\/js\/adsbygoogle.js?client=ca-pub-8864793242727901\"\r\n     crossorigin=\"anonymous\"><\/script><br \/>\n<\/p>\n<div id=\"\">\n<header class=\"m-article-header m-article-header--standard\">\n\t\t\t\t\t\t\t\t\t\t\t\t<span id=\"article-header-primary-term\"><br \/>\n\t\t\t\t\t\t\t\t<a class=\"a-term a-term--primary\" href=\"https:\/\/www.boston.com\/tag\/new-england-patriots\/\"><\/p>\n<p>\t\t\t\t\t\t\t\tPatriotas\t\t\t\t\t\t\t\t<\/a><br \/>\n\t\t\t\t\t\t\t<\/span><\/p>\n<h2 class=\"m-article-header__sub-headline\">\u201cSeria um programa profissional \u2013 treinamento, nutri\u00e7\u00e3o, esquema, t\u00e9cnicas de treinamento \u2013 que seria transferido para a NFL.\u201d<\/h2>\n<figure class=\"a-photo m-article-header__photo\"><figcaption class=\"a-photo__caption\">\n<p>\tBill Belichick continuou as negocia\u00e7\u00f5es com a Universidade da Carolina do Norte. <em> (Foto AP\/Steven Senne<\/em>\t<\/figcaption><\/figure>\n<\/header>\n<p>Enquanto os rumores continuam a girar <a target=\"_blank\" href=\"https:\/\/www.boston.com\/sports\/morning-sports-update\/2024\/12\/09\/bill-belichick-unc-report-college-coach-job-opening\/\" rel=\"noreferrer noopener\">Bill Belichick e seu interesse na vaga de treinador principal da Universidade da Carolina do Norte,<\/a> o ex-t\u00e9cnico do Patriots confirmou suas conversas com a universidade na tarde de segunda-feira.<\/p>\n<p>\u201cTive a oportunidade este ano de dar uma olhada mais de perto no futebol universit\u00e1rio, tem sido interessante\u201d, Belichick <a target=\"_blank\" href=\"https:\/\/x.com\/PatMcAfeeShow\/status\/1866186677955318250\" rel=\"noreferrer noopener\">disse durante sua apari\u00e7\u00e3o semanal no \u201cThe Pat McAfee Show\u201d na segunda-feira.<\/a> \u201cFoi um bom ano para mim. Eu aprendi muito. Tive a oportunidade de conversar com o Chanceler (Lee H.) Roberts e tivemos algumas boas conversas. Ent\u00e3o veremos como vai.\u201d <\/p>\n<p>Antes da apari\u00e7\u00e3o de Belichick, <a href=\"https:\/\/x.com\/PatMcAfeeShow\/status\/1866179609110139306\" target=\"_blank\" rel=\"noreferrer noopener\">Adam Schefter, membro da ESPN NFL, relatou o mesmo programa<\/a> que \u201cas conversa\u00e7\u00f5es s\u00e3o reais\u201d entre Belichick e UNC, acrescentando que Belichick se reuniu com funcion\u00e1rios da universidade durante cinco horas no domingo.<\/p>\n<p>Belichick permaneceu calado sobre o assunto quando questionado sobre uma reuni\u00e3o prolongada no domingo com o Tar Heels.<\/p>\n<p>\u201cVamos deixar assim, Pat,\u201d <a target=\"_blank\" href=\"https:\/\/x.com\/PatMcAfeeShow\/status\/1866187830403224025\" rel=\"noreferrer noopener\">Belichick disse quando solicitado a confirmar a reuni\u00e3o.<\/a> \u201cN\u00e3o quero dar muita informa\u00e7\u00e3o. Quero recuperar minha aura de coletiva de imprensa.\u201d <\/p>\n<p>Mesmo que Belichick n\u00e3o tenha nenhuma experi\u00eancia como treinador de futebol universit\u00e1rio, ele tem liga\u00e7\u00f5es com a UNC. O pai de Belichick, Steve, foi assistente t\u00e9cnico do Tar Heels de 1953-55. <\/p>\n<p>Junto com o desejo de voltar \u00e0s fileiras de treinador um relat\u00f3rio de Ollie Connolly do The Guardian na semana passada observou que Belichick queria ter seu filho Stephen <a target=\"_blank\" href=\"https:\/\/www.boston.com\/sports\/college-sports\/2024\/12\/06\/bill-belichick-university-of-north-carolina-head-coach-interview-reports\/\" rel=\"noreferrer noopener\">nomeado seu sucessor como treinador principal do Tar Heels antes de aceitar o acordo.<\/a><\/p>\n<p>Embora Belichick n\u00e3o quisesse entrar em detalhes sobre sua reuni\u00e3o com a UNC, est\u00e1 claro que ele fez sua li\u00e7\u00e3o de casa sobre como elaboraria um programa universit\u00e1rio se recebesse as r\u00e9deas em Chapel Hill. <\/p>\n<p>\u201cSe, e deixe-me colocar em letras mai\u00fasculas: SE. Se eu estivesse em um programa universit\u00e1rio, o programa universit\u00e1rio seria um canal para a NFL para os jogadores que tivessem a capacidade de jogar na NFL\u201d, disse Belichick na segunda-feira. \u201cSeria um programa profissional \u2013 treinamento, nutri\u00e7\u00e3o, esquema, t\u00e9cnicas de coaching \u2013 que seria transferido para a NFL.<\/p>\n<p>\u201cSeria um programa da NFL em n\u00edvel universit\u00e1rio e uma educa\u00e7\u00e3o que prepararia os jogadores para sua carreira depois do futebol, seja no final da carreira universit\u00e1ria ou no final da carreira profissional. Mas seria voltado para o desenvolvimento do jogador, da gest\u00e3o do tempo, da disciplina, da estrutura e tudo mais.\u201d<\/p>\n<figure class=\"wp-block-embed is-type-rich is-provider-twitter wp-block-embed-twitter\">\n<div class=\"wp-block-embed__wrapper\">\n<blockquote class=\"twitter-tweet\" data-width=\"500\" data-dnt=\"true\">\n<p lang=\"en\" dir=\"ltr\">\u201cSe eu estivesse em um programa universit\u00e1rio, seria um canal para a NFL para os jogadores que tivessem a capacidade de jogar na NFL.<\/p>\n<p>Seria um programa profissional em n\u00edvel universit\u00e1rio.<\/p>\n<p>N\u00e3o tenho d\u00favidas de que os jogadores estariam prontos para a NFL&#8221; ~ Bill Belichick <a href=\"https:\/\/twitter.com\/hashtag\/PMSLive?src=hash&#038;ref_src=twsrc%5Etfw\">#PMSLive<\/a> <a href=\"https:\/\/t.co\/JyMDtzs2yR\">pic.twitter.com\/JyMDtzs2yR<\/a><\/p>\n<p>-Pat McAfee (@PatMcAfeeShow) <a href=\"https:\/\/twitter.com\/PatMcAfeeShow\/status\/1866190590502678888?ref_src=twsrc%5Etfw\">9 de dezembro de 2024<\/a><\/p><\/blockquote>\n<\/div>\n<\/figure>\n<p>Dada a forma como Belichick imagina o futuro do atletismo universit\u00e1rio e o caminho que ele pode conquistar para as fileiras da NFL, ele acredita que seu curr\u00edculo na NFL e conex\u00f5es no mais alto n\u00edvel do futebol o ajudar\u00e3o se ele mudar para o jogo universit\u00e1rio.<\/p>\n<p>\u201cSinto-me muito confiante de que tenho contatos na NFL para preparar o caminho para os jogadores que teriam a oportunidade de competir na NFL. Se eles s\u00e3o bons o suficiente ou n\u00e3o, n\u00e3o sei, mas estariam prontos para isso \u2013 n\u00e3o tenho d\u00favidas sobre isso. Esse seria o primeiro coment\u00e1rio que faria relativamente \u00e0 estrutura do programa. Seria um programa da NFL, mas n\u00e3o no n\u00edvel da NFL.\u201d<\/p>\n<p>Parece que uma resolu\u00e7\u00e3o para o namoro da UNC com Belichick ser\u00e1 alcan\u00e7ada num futuro pr\u00f3ximo. Pete Thamel da ESPN <a href=\"https:\/\/www.boston.com\/sports\/morning-sports-update\/2024\/12\/09\/bill-belichick-unc-report-college-coach-job-opening\/\">informou na segunda-feira que uma decis\u00e3o tomada pela universidade ser\u00e1 \u201cesperada para esta semana\u201d.<\/a><\/p>\n<div class=\"o-author-single has-avatar\">\n<header class=\"m-author-card\">\n<div class=\"a-image a-image--square m-author-card__image\">\n\t\t<img decoding=\"async\" class=\"\" src=\"https:\/\/www.boston.com\/wp-content\/uploads\/2023\/05\/Headshot_Conor-645c0406ed6cb-scaled.jpg\" alt=\"Imagem do perfil de Conor Ryan\"\/>\t<\/div>\n<\/header>\n<section class=\"author-info\">\n<div class=\"m-author__section\">\n<p>Conor Ryan \u00e9 redator da equipe que cobre Bruins, Celtics, Patriots e Red Sox para Boston.com, fun\u00e7\u00e3o que ocupa desde 2023.<\/p>\n<\/div>\n<\/section>\n<\/div>\n<div class=\"m-block m-generic-cta\t m-generic-cta--post-content\t m-generic-cta--dark\t m-generic-cta--homepage\t m-generic-cta--email-signup\t\t m-generic-cta-block-style--default \tt-amp__generic-cta\"><\/p>\n<div class=\"m-generic-cta__wrap\">\n<div class=\"m-generic-cta__content\">\n<h3 class=\"m-generic-cta__title\">Boston.com hoje<\/h3>\n<p class=\"m-generic-cta__subtitle\">Inscreva-se para receber as \u00faltimas manchetes em sua caixa de entrada todas as manh\u00e3s.<\/p>\n<\/p><\/div>\n<\/p><\/div>\n<\/div><\/div>\n<p><script async src=\"\/\/platform.twitter.com\/widgets.js\" charset=\"utf-8\"><\/script><script>\n\t\tvar consent=\"grant\";\n\t\t\/* The above code is parsing the JSON data from the local storage and storing it in a variable. *\/\n\t\t\t\t\tconst onetrustStorageConsent = JSON.parse(localStorage.getItem( 'consent_one_trust_bdc' ) );\n\t\t\tif ( ( onetrustStorageConsent !== null ) ) {\n\t\t\t\t\/* Checking to see if the user has consented to the use of cookies.\n\t\t\t\t* If they have not, it is deleting the cookie.\n\t\t\t\t* This will comment for now, until further notice.\n\t\t\t\t*\/\n\t\t\t\t\/\/if ( onetrustStorageConsent.C0002 === false ) {\n\t\t\t\t\/\/\tdocument.cookie=\"_fbp=;expires=Thu, 01 Jan 2010 00:00:00 UTC; path=\/; domain=.boston.com\";\n\t\t\t\t\/\/}\n\t\t\t\t\/* Checking if the user has given consent for the cookie C0002.\n\t\t\t\t* If the user has given consent, the variable consent will be set to 'grant'.\n\t\t\t\t* If the user has not given consent,the variable consent will be set to 'revoke'.\n\t\t\t\t* Documentation https:\/\/developers.facebook.com\/docs\/meta-pixel\/implementation\/gdpr\n\t\t\t\t*\/\n\t\t\t\tif ( onetrustStorageConsent.C0002 !== true ) {\n\t\t\t\t\tconsent=\"revoke\";\n\t\t\t\t}\n\t\t\t}\n\t\t\t\t!function(f,b,e,v,n,t,s)\n\t\t{if(f.fbq)return;n=f.fbq=function(){n.callMethod?\n\t\tn.callMethod.apply(n,arguments):n.queue.push(arguments)};\n\t\tif(!f._fbq)f._fbq=n;n.push=n;n.loaded=!0;n.version='2.0';\n\t\tn.queue=[];t=b.createElement(e);t.async=!0;\n\t\tt.src=v;s=b.getElementsByTagName(e)[0];\n\t\ts.parentNode.insertBefore(t,s)}(window, document,'script',\n\t\t'https:\/\/connect.facebook.net\/en_US\/fbevents.js');\n\t\tfbq('consent', consent);\n\t\tfbq('init', '989222871864976');\n\t\tfbq('track', 'PageView');\n\t<\/script><script type=\"module\">\n\t\tvar consent=\"grant\";\n\t\t\/* The above code is parsing the JSON data from the local storage and storing it in a variable. *\/\n\t\t\tconst onetrustStorageConsent = JSON.parse(localStorage.getItem( 'consent_one_trust_bdc' ) );\n\t\t\t\/* Checking to see if the user has consented to the use of cookies.\n\t\t\t* If they have not, it is deleting the cookie.\n\t\t\t* This will comment for now, until further notice.\n\t\t\t*\/\n\t\t\t\/\/if ( onetrustStorageConsent.C0002 === false ) {\n\t\t\t\/\/\tdocument.cookie=\"_fbp=;expires=Thu, 01 Jan 2010 00:00:00 UTC; path=\/; domain=.boston.com\";\n\t\t\t\/\/}\n\t\t\t\/* Checking if the user has given consent for the cookie C0002.\n\t\t\t* If the user has given consent, the variable consent will be set to 'grant'.\n\t\t\t* If the user has not given consent,the variable consent will be set to 'revoke'.\n\t\t\t* Documentation https:\/\/developers.facebook.com\/docs\/meta-pixel\/implementation\/gdpr\n\t\t\t*\/\n\t\t\tif ( ( onetrustStorageConsent !== null ) && (onetrustStorageConsent.C0002 !== true ) ) {\n\t\t\t\tconsent=\"revoke\";\n\t\t\t}\n\t\t\t\t!function(f,b,e,v,n,t,s){if(f.fbq)return;n=f.fbq=function()\n\t\t{n.callMethod? n.callMethod.apply(n,arguments):n.queue.push(arguments)}\n\t\t;if(!f._fbq)f._fbq=n;\n\t\tn.push=n;n.loaded=!0;n.version='2.0';n.queue=[];t=b.createElement(e);t.async=!0;\n\t\tt.src=v;s=b.getElementsByTagName(e)[0];s.parentNode.insertBefore(t,s)}(window,\n\t\tdocument,'script','https:\/\/connect.facebook.net\/en_US\/fbevents.js');\n\t\tfbq('consent', consent);\n\t\tfbq('init', '813236348753005');\n\t\tfbq('track', \"PageView\");\n\t<\/script><br \/>\n<br \/><br \/>\n<br \/><a href=\"https:\/\/www.boston.com\/sports\/new-england-patriots\/2024\/12\/09\/bill-belichick-unc-north-carolina-football-rumors-interview-pat-mcafee\/\">Source link <\/a><\/p>","protected":false},"excerpt":{"rendered":"<p>Patriotas \u201cSeria um programa profissional \u2013 treinamento, nutri\u00e7\u00e3o, esquema, t\u00e9cnicas de treinamento \u2013 que seria transferido para a NFL.\u201d Bill Belichick continuou as negocia\u00e7\u00f5es com a Universidade da Carolina do&hellip;<\/p>","protected":false},"author":1,"featured_media":73744,"comment_status":"closed","ping_status":"open","sticky":false,"template":"","format":"standard","meta":{"content-type":"","footnotes":""},"categories":[1],"tags":[],"class_list":["post-73743","post","type-post","status-publish","format-standard","has-post-thumbnail","hentry","category-uncategorized"],"_links":{"self":[{"href":"https:\/\/tvbrazilusa.com\/pt\/wp-json\/wp\/v2\/posts\/73743","targetHints":{"allow":["GET"]}}],"collection":[{"href":"https:\/\/tvbrazilusa.com\/pt\/wp-json\/wp\/v2\/posts"}],"about":[{"href":"https:\/\/tvbrazilusa.com\/pt\/wp-json\/wp\/v2\/types\/post"}],"author":[{"embeddable":true,"href":"https:\/\/tvbrazilusa.com\/pt\/wp-json\/wp\/v2\/users\/1"}],"replies":[{"embeddable":true,"href":"https:\/\/tvbrazilusa.com\/pt\/wp-json\/wp\/v2\/comments?post=73743"}],"version-history":[{"count":1,"href":"https:\/\/tvbrazilusa.com\/pt\/wp-json\/wp\/v2\/posts\/73743\/revisions"}],"predecessor-version":[{"id":73745,"href":"https:\/\/tvbrazilusa.com\/pt\/wp-json\/wp\/v2\/posts\/73743\/revisions\/73745"}],"wp:featuredmedia":[{"embeddable":true,"href":"https:\/\/tvbrazilusa.com\/pt\/wp-json\/wp\/v2\/media\/73744"}],"wp:attachment":[{"href":"https:\/\/tvbrazilusa.com\/pt\/wp-json\/wp\/v2\/media?parent=73743"}],"wp:term":[{"taxonomy":"category","embeddable":true,"href":"https:\/\/tvbrazilusa.com\/pt\/wp-json\/wp\/v2\/categories?post=73743"},{"taxonomy":"post_tag","embeddable":true,"href":"https:\/\/tvbrazilusa.com\/pt\/wp-json\/wp\/v2\/tags?post=73743"}],"curies":[{"name":"wp","href":"https:\/\/api.w.org\/{rel}","templated":true}]}}