{"id":73749,"date":"2024-12-09T22:57:31","date_gmt":"2024-12-09T22:57:31","guid":{"rendered":"https:\/\/tvbrazilusa.com\/2024\/12\/09\/prefeito-italiano-que-usou-a-bandeira-do-brasil-para-protestar-contra-a-sobrecarga-de-pedidos-de-cidadania-e-denunciado-por-ultraje\/"},"modified":"2024-12-09T22:57:32","modified_gmt":"2024-12-09T22:57:32","slug":"prefeito-italiano-que-usou-a-bandeira-do-brasil-para-protestar-contra-a-sobrecarga-de-pedidos-de-cidadania-e-denunciado-por-ultraje","status":"publish","type":"post","link":"https:\/\/tvbrazilusa.com\/pt\/2024\/12\/09\/prefeito-italiano-que-usou-a-bandeira-do-brasil-para-protestar-contra-a-sobrecarga-de-pedidos-de-cidadania-e-denunciado-por-ultraje\/","title":{"rendered":"Prefeito italiano que usou a bandeira do Brasil para protestar contra a &#8216;sobrecarga&#8217; de pedidos de cidadania \u00e9 denunciado por ultraje"},"content":{"rendered":"<p> <script async src=\"https:\/\/pagead2.googlesyndication.com\/pagead\/js\/adsbygoogle.js?client=ca-pub-8864793242727901\"\r\n     crossorigin=\"anonymous\"><\/script><br \/>\n<\/p>\n<div id=\"taboola-read-more\" style=\"display:block; width:100%\">\n<p>O prefeito da cidade italiana de Val di Zoldo, Camillo De Pellegrin, foi denunciado por hastear uma bandeira do Brasil na fachada da prefeitura, em protesto contra o que algumas autoridades locais consideram uma &#8220;sobrecarga&#8221; de pedidos de cidadania apresentados por brasileiros na regi\u00e3o de V\u00eaneto, na It\u00e1lia.\n<\/p>\n<p>A queixa partiu do advogado \u00edtalo-brasileiro Luiz Scarpelli. Embora o s\u00edmbolo tenha sido retirado do pr\u00e9dio h\u00e1 pouco mais de um m\u00eas \u2014 estava l\u00e1 desde o in\u00edcio do ano \u2014, Scarpelli manteve a den\u00fancia, apresentada, segundo ele, \u00e0 presid\u00eancia da Rep\u00fablica no Brasil, ao Minist\u00e9rio das Rela\u00e7\u00f5es Exteriores, \u00e0 C\u00e2mara dos Deputados e ao Senado.<\/p>\n<p>Solicitei uma interven\u00e7\u00e3o por um ato que \u00e9 moralmente inaceit\u00e1vel. Ele desrespeitou os brasileiros. Para n\u00f3s, brasileiros, e tamb\u00e9m para n\u00f3s, italianos, nossos s\u00edmbolos s\u00e3o sagrados: se qualquer brasileiro fizesse isso com a bandeira italiana, eu denunciaria da mesma forma \u2014 disse o advogado ao Il Gazzettino.\n<\/p>\n<p>Segundo o jornal italiano, o prefeito decidiu usar a bandeira para protestar ao se deparar com centenas de processos de inscri\u00e7\u00e3o de descendentes brasileiros rec\u00e9m-cidad\u00e3os italianos, que, do ponto de vista dele, estariam \u201ctravando\u201d o cart\u00f3rio civil.\n<\/p>\n<p>Defensor da luta contra o que considera um abuso do ius sanguinis \u2014 \u201cdireito de sangue\u201d, na tradu\u00e7\u00e3o do latim \u2014, Pellegrin afirma n\u00e3o ter recebido nenhuma notifica\u00e7\u00e3o. At\u00e9 o momento, n\u00e3o foi apresentada den\u00fancia ao Minist\u00e9rio P\u00fablico italiano, mas Luiz Scarpelli afirma que est\u00e1 disposto a recorrer ao Tribunal Europeu de Direitos Humanos.\n<\/p>\n<p>\u2014 Eu sou um dos poucos que denunciaram fraudes escondidas por tr\u00e1s desses processos, ou ainda as ag\u00eancias que fazem promo\u00e7\u00f5es de Black Friday oferecendo &#8220;descontos&#8221; na cidadania. Esses s\u00e3o criminosos e delinquentes. Nesse ponto, concordo com o prefeito e podemos trabalhar juntos. Mas antes, pe\u00e7o a ele que respeite o povo e os s\u00edmbolos brasileiros \u2014 acrescenta Scarpelli.\n<\/p>\n<p>O prefeito, por outro lado, diz que tamb\u00e9m est\u00e1 \u201cpronto\u201d para apresentar uma den\u00fancia relacionada aos ataques constantes que diz sofrer nas redes sociais, por parte de cidad\u00e3os brasileiros que o \u201cinsultam e amea\u00e7am\u201d.\n<\/p>\n<p>Prefeituras falam em &#8216;excesso&#8217; de pedidos<br \/>Em todos os munic\u00edpios da regi\u00e3o do V\u00eaneto, chegam diariamente in\u00fameras solicita\u00e7\u00f5es de descendentes de italianos. Segundo o jornal Corriere del Veneto, em Tribano, na zona de P\u00e1dua, o cart\u00f3rio est\u00e1 lotado. Valdastico, por exemplo, tem 100 procedimentos a cada 1,3 mil habitantes anualmente. Treviso e Vicenza tamb\u00e9m alegam receber dezenas de pedidos por semana. Outros munic\u00edpios foram obrigados a contratar novos funcion\u00e1rios ou pagar horas extras aos funcion\u00e1rios para que tamb\u00e9m trabalhem em finais de semana.\n<\/p>\n<p>Primeiro, o pedido \u00e9 levado ao Judici\u00e1rio. Depois, a Justi\u00e7a ordena que a cidade de origem do ancestral do solicitante fa\u00e7a o reconhecimento de cidadania. Os registros de nascimento e casamento s\u00e3o emitidos a partir de ent\u00e3o.\n<\/p>\n<p>De modo geral, cada prefeitura tem aproximadamente 1 m\u00eas para encerrar as buscas e emitir a documenta\u00e7\u00e3o. O processo, no entanto, \u00e9 dispendioso para os funcion\u00e1rios, segundo o autarca da Liga Norte, Matteo Pressi.\n<\/p>\n<p>Ainda de acordo com a imprensa local, um exemplo de investiga\u00e7\u00e3o solicitada dizia: \u201cProcuro um Tamellin (sobrenome), que poderia se chamar Antonio, Mario ou Giovanni, e que nasceu entre 1838 e 1840\u201d.\n<\/p>\n<p>Os processos, no entanto, n\u00e3o s\u00e3o gratuitos, como aponta a advogada Isabel de Lima, de N\u00e1poles.\n<\/p>\n<p>\u2014 N\u00e3o sei porque \u00e9 que os munic\u00edpios se queixam tanto, dado que pedem de 100 a 500 euros por cada documento para emiss\u00e3o das certid\u00f5es de nascimento e casamento dos antepassados, face aos 50 euros pagos pelos residentes \u2014 explica a profissional ao Corriere del Veneto.\n<\/p>\n<p>A C\u00e2mara Municipal de Soave cobra 2 mil euros, o equivalente a mais de R$ 10 mil, para iniciar e concluir o procedimento, al\u00e9m de outros 600 euros (R$ 3,8 mil) para cada certid\u00e3o de casamento ou nascimento.\n<\/p>\n<p>\u2014 Al\u00e9m dos direitos de secretariado, temos que pedir despesas de subsist\u00eancia. Alguns procedimentos s\u00e3o muito complicados, um dos nossos funcion\u00e1rios s\u00f3 tratou dos pedidos de cidadania de tr\u00eas irm\u00e3os durante um m\u00eas. Temos de recuar cem anos, responder a pedidos muitas vezes incompletos, sem assinatura, com nomes e pa\u00edses errados, reencaminhados sem recurso aos formul\u00e1rios adequados. Muitas vezes quem se inscreve nem sabe exatamente o nome do seu antepassado, d\u00e1-nos coordenadas aproximadas com base em mem\u00f3rias \u2014 diz Matteo Pressi ao jornal.\n<\/p>\n<p>Fonte: O Globo              <\/p>\n<\/div>\n<p><br \/>\n<br \/><a href=\"https:\/\/diariodobrasilnoticias.com.br\/noticia\/prefeito-italiano-que-usou-a-bandeira-do-brasil-para-protestar-contra-a-sobrecarga-de-pedidos-de-cidadania-e-denunciado-por-ultraje-675759f687551\">Source link <\/a><\/p>","protected":false},"excerpt":{"rendered":"<p>O prefeito da cidade italiana de Val di Zoldo, Camillo De Pellegrin, foi denunciado por hastear uma bandeira do Brasil na fachada da prefeitura, em protesto contra o que algumas&hellip;<\/p>","protected":false},"author":1,"featured_media":73750,"comment_status":"closed","ping_status":"open","sticky":false,"template":"","format":"standard","meta":{"content-type":"","footnotes":""},"categories":[16],"tags":[123,2448,5313,1267],"class_list":["post-73749","post","type-post","status-publish","format-standard","has-post-thumbnail","hentry","category-noticias","tag-brasil","tag-diario","tag-noticia","tag-noticias"],"_links":{"self":[{"href":"https:\/\/tvbrazilusa.com\/pt\/wp-json\/wp\/v2\/posts\/73749","targetHints":{"allow":["GET"]}}],"collection":[{"href":"https:\/\/tvbrazilusa.com\/pt\/wp-json\/wp\/v2\/posts"}],"about":[{"href":"https:\/\/tvbrazilusa.com\/pt\/wp-json\/wp\/v2\/types\/post"}],"author":[{"embeddable":true,"href":"https:\/\/tvbrazilusa.com\/pt\/wp-json\/wp\/v2\/users\/1"}],"replies":[{"embeddable":true,"href":"https:\/\/tvbrazilusa.com\/pt\/wp-json\/wp\/v2\/comments?post=73749"}],"version-history":[{"count":1,"href":"https:\/\/tvbrazilusa.com\/pt\/wp-json\/wp\/v2\/posts\/73749\/revisions"}],"predecessor-version":[{"id":73751,"href":"https:\/\/tvbrazilusa.com\/pt\/wp-json\/wp\/v2\/posts\/73749\/revisions\/73751"}],"wp:featuredmedia":[{"embeddable":true,"href":"https:\/\/tvbrazilusa.com\/pt\/wp-json\/wp\/v2\/media\/73750"}],"wp:attachment":[{"href":"https:\/\/tvbrazilusa.com\/pt\/wp-json\/wp\/v2\/media?parent=73749"}],"wp:term":[{"taxonomy":"category","embeddable":true,"href":"https:\/\/tvbrazilusa.com\/pt\/wp-json\/wp\/v2\/categories?post=73749"},{"taxonomy":"post_tag","embeddable":true,"href":"https:\/\/tvbrazilusa.com\/pt\/wp-json\/wp\/v2\/tags?post=73749"}],"curies":[{"name":"wp","href":"https:\/\/api.w.org\/{rel}","templated":true}]}}