{"id":73763,"date":"2024-12-09T23:27:57","date_gmt":"2024-12-09T23:27:57","guid":{"rendered":"https:\/\/tvbrazilusa.com\/2024\/12\/09\/sbt-inteiro-toca-sino-para-patricia-abravanel-apos-eles-ficarem-acima-da-globo-em-audiencia-veja-video\/"},"modified":"2024-12-09T23:27:59","modified_gmt":"2024-12-09T23:27:59","slug":"sbt-inteiro-toca-sino-para-patricia-abravanel-apos-eles-ficarem-acima-da-globo-em-audiencia-veja-video","status":"publish","type":"post","link":"https:\/\/tvbrazilusa.com\/pt\/2024\/12\/09\/sbt-inteiro-toca-sino-para-patricia-abravanel-apos-eles-ficarem-acima-da-globo-em-audiencia-veja-video\/","title":{"rendered":"SBT Inteiro toca sino para Patr\u00edcia Abravanel ap\u00f3s eles ficarem acima da globo em audi\u00eancia; VEJA V\u00cdDEO"},"content":{"rendered":"<p> <script async src=\"https:\/\/pagead2.googlesyndication.com\/pagead\/js\/adsbygoogle.js?client=ca-pub-8864793242727901\"\r\n     crossorigin=\"anonymous\"><\/script><br \/>\n<br \/>VEJA V\u00cdDEO<br \/>\n<br \/><br \/>\n<br \/><a href=\"https:\/\/diariodobrasilnoticias.com.br\/noticia\/sbt-inteiro-toca-sino-para-patricia-abravanel-apos-eles-ficarem-acima-da-globo-em-audiencia-veja-video-67574d94069f0\">Source link <\/a><\/p>","protected":false},"excerpt":{"rendered":"<p>VEJA V\u00cdDEO Source link<\/p>","protected":false},"author":1,"featured_media":73764,"comment_status":"closed","ping_status":"open","sticky":false,"template":"","format":"standard","meta":{"content-type":"","footnotes":""},"categories":[16],"tags":[123,2448,5313,1267],"class_list":["post-73763","post","type-post","status-publish","format-standard","has-post-thumbnail","hentry","category-noticias","tag-brasil","tag-diario","tag-noticia","tag-noticias"],"_links":{"self":[{"href":"https:\/\/tvbrazilusa.com\/pt\/wp-json\/wp\/v2\/posts\/73763","targetHints":{"allow":["GET"]}}],"collection":[{"href":"https:\/\/tvbrazilusa.com\/pt\/wp-json\/wp\/v2\/posts"}],"about":[{"href":"https:\/\/tvbrazilusa.com\/pt\/wp-json\/wp\/v2\/types\/post"}],"author":[{"embeddable":true,"href":"https:\/\/tvbrazilusa.com\/pt\/wp-json\/wp\/v2\/users\/1"}],"replies":[{"embeddable":true,"href":"https:\/\/tvbrazilusa.com\/pt\/wp-json\/wp\/v2\/comments?post=73763"}],"version-history":[{"count":1,"href":"https:\/\/tvbrazilusa.com\/pt\/wp-json\/wp\/v2\/posts\/73763\/revisions"}],"predecessor-version":[{"id":73765,"href":"https:\/\/tvbrazilusa.com\/pt\/wp-json\/wp\/v2\/posts\/73763\/revisions\/73765"}],"wp:featuredmedia":[{"embeddable":true,"href":"https:\/\/tvbrazilusa.com\/pt\/wp-json\/wp\/v2\/media\/73764"}],"wp:attachment":[{"href":"https:\/\/tvbrazilusa.com\/pt\/wp-json\/wp\/v2\/media?parent=73763"}],"wp:term":[{"taxonomy":"category","embeddable":true,"href":"https:\/\/tvbrazilusa.com\/pt\/wp-json\/wp\/v2\/categories?post=73763"},{"taxonomy":"post_tag","embeddable":true,"href":"https:\/\/tvbrazilusa.com\/pt\/wp-json\/wp\/v2\/tags?post=73763"}],"curies":[{"name":"wp","href":"https:\/\/api.w.org\/{rel}","templated":true}]}}