{"id":73766,"date":"2024-12-09T23:18:46","date_gmt":"2024-12-09T23:18:46","guid":{"rendered":"https:\/\/tvbrazilusa.com\/2024\/12\/09\/fwc-3-pessoas-feridas-durante-acidente-no-merritt-island-christmas-boat-parade-wsvn-7news-noticias-de-miami-clima-esportes-fort-lauderdale\/"},"modified":"2024-12-09T23:32:28","modified_gmt":"2024-12-09T23:32:28","slug":"fwc-3-pessoas-feridas-durante-acidente-no-merritt-island-christmas-boat-parade-wsvn-7news-noticias-de-miami-clima-esportes-fort-lauderdale","status":"publish","type":"post","link":"https:\/\/tvbrazilusa.com\/pt\/2024\/12\/09\/fwc-3-pessoas-feridas-durante-acidente-no-merritt-island-christmas-boat-parade-wsvn-7news-noticias-de-miami-clima-esportes-fort-lauderdale\/","title":{"rendered":"FWC: 3 pessoas feridas durante acidente no Merritt Island Christmas Boat Parade &#8211; WSVN 7News | Not\u00edcias de Miami, clima, esportes | Fort Lauderdale"},"content":{"rendered":"<p> <script async src=\"https:\/\/pagead2.googlesyndication.com\/pagead\/js\/adsbygoogle.js?client=ca-pub-8864793242727901\"\r\n     crossorigin=\"anonymous\"><\/script><br \/>\n<\/p>\n<div itemprop=\"articleBody\">\n<p>ILHA MERRITT, Fl\u00f3rida (<a href=\"https:\/\/www.wesh.com\/article\/one-person-injured-merritt-island-boat-parade-crash\/63127265\" target=\"_blank\" rel=\"noreferrer noopener\">WESH<\/a>) &#8211; Um acidente de barco levou tr\u00eas pessoas ao hospital ap\u00f3s o desfile de barcos de Natal da Ilha Merritt no s\u00e1bado.<\/p>\n<p>Uma testemunha, Terry Thorn, disse que sentiu que algo iria dar errado.<\/p>\n<p>\u201cE ele estava desviando muito rapidamente das estacas\u201d, disse Thorn.<\/p>\n<p>Pouco depois, testemunhas disseram que o motorista do barco a jato perdeu o controle e voou para outro barco.<\/p>\n<p>A Comiss\u00e3o de Conserva\u00e7\u00e3o de Peixes e Vida Selvagem da Fl\u00f3rida confirmou que tr\u00eas pessoas foram levadas a um hospital.<\/p>\n<p>\u201cPelo menos ningu\u00e9m morreu por causa disso\u201d, disse Thorn.<\/p>\n<p>Outra testemunha, Don Wilson, disse que viu o incidente acontecer logo ap\u00f3s o desfile.<\/p>\n<p>\u201cParece que ele estava se aproximando perigosamente de outros barcos. Havia muitos outros barcos e certamente, em segundos, ele atingiu algu\u00e9m\u201d, disse Wilson.<\/p>\n<p>Moradores disseram que foi dif\u00edcil para os socorristas acessar a \u00e1rea porque muitos carros estavam estacionados do lado de fora, obstruindo a estrada.<\/p>\n<p>Uma postagem no Facebook dos organizadores do desfile de barcos afirmou que eles n\u00e3o toleram passeios de barco imprudentes e est\u00e3o trabalhando para garantir que isso n\u00e3o aconte\u00e7a novamente.<\/p>\n<p>\u201cEle estava percorrendo 32 quil\u00f4metros nesses c\u00edrculos e foi um pouco imprudente\u201d, disse Wilson.<\/p>\n<p>Wilson expressou al\u00edvio por ningu\u00e9m ter morrido, mas espera que os velejadores sejam mais cuidadosos no futuro.<\/p>\n<p>\u201cEspero que o cara que causou o acidente aprenda uma li\u00e7\u00e3o valiosa e hoje seja um velejador melhor do que era ontem\u201d, disse Wilson.<\/p>\n<p><em>The-CNN-Wire\u2122 e \u00a9 2024 Cable News Network, Inc., uma empresa da Time Warner. Todos os direitos reservados.<\/em><\/p>\n<div class=\"wp-block-newsletter\">\n\t<strong class=\"wp-block-newsletter__title\">Cadastre-se em nosso boletim informativo para receber as \u00faltimas not\u00edcias diretamente em sua caixa de entrada<\/strong><\/p>\n<\/div><\/div>\n<p><br \/>\n<br \/><a href=\"https:\/\/wsvn.com\/news\/local\/florida\/fwc-3-people-injured-during-merritt-island-christmas-boat-parade-crash\/\">Source link <\/a><\/p>","protected":false},"excerpt":{"rendered":"<p>ILHA MERRITT, Fl\u00f3rida (WESH) &#8211; Um acidente de barco levou tr\u00eas pessoas ao hospital ap\u00f3s o desfile de barcos de Natal da Ilha Merritt no s\u00e1bado. Uma testemunha, Terry Thorn,&hellip;<\/p>","protected":false},"author":1,"featured_media":73767,"comment_status":"closed","ping_status":"open","sticky":false,"template":"","format":"standard","meta":{"content-type":"","footnotes":""},"categories":[1],"tags":[],"class_list":["post-73766","post","type-post","status-publish","format-standard","has-post-thumbnail","hentry","category-uncategorized"],"_links":{"self":[{"href":"https:\/\/tvbrazilusa.com\/pt\/wp-json\/wp\/v2\/posts\/73766","targetHints":{"allow":["GET"]}}],"collection":[{"href":"https:\/\/tvbrazilusa.com\/pt\/wp-json\/wp\/v2\/posts"}],"about":[{"href":"https:\/\/tvbrazilusa.com\/pt\/wp-json\/wp\/v2\/types\/post"}],"author":[{"embeddable":true,"href":"https:\/\/tvbrazilusa.com\/pt\/wp-json\/wp\/v2\/users\/1"}],"replies":[{"embeddable":true,"href":"https:\/\/tvbrazilusa.com\/pt\/wp-json\/wp\/v2\/comments?post=73766"}],"version-history":[{"count":1,"href":"https:\/\/tvbrazilusa.com\/pt\/wp-json\/wp\/v2\/posts\/73766\/revisions"}],"predecessor-version":[{"id":73768,"href":"https:\/\/tvbrazilusa.com\/pt\/wp-json\/wp\/v2\/posts\/73766\/revisions\/73768"}],"wp:featuredmedia":[{"embeddable":true,"href":"https:\/\/tvbrazilusa.com\/pt\/wp-json\/wp\/v2\/media\/73767"}],"wp:attachment":[{"href":"https:\/\/tvbrazilusa.com\/pt\/wp-json\/wp\/v2\/media?parent=73766"}],"wp:term":[{"taxonomy":"category","embeddable":true,"href":"https:\/\/tvbrazilusa.com\/pt\/wp-json\/wp\/v2\/categories?post=73766"},{"taxonomy":"post_tag","embeddable":true,"href":"https:\/\/tvbrazilusa.com\/pt\/wp-json\/wp\/v2\/tags?post=73766"}],"curies":[{"name":"wp","href":"https:\/\/api.w.org\/{rel}","templated":true}]}}