{"id":7378,"date":"2024-07-24T13:10:43","date_gmt":"2024-07-24T13:10:43","guid":{"rendered":"https:\/\/tvbrazilusa.com\/2024\/07\/24\/coco-gauff-se-juntara-a-lebron-james-como-porta-estandarte-da-equipe-dos-eua-na-cerimonia-de-abertura-olimpica-wsvn-7news-noticias-de-miami-clima-esportes-fort-lauderdale\/"},"modified":"2024-07-24T13:22:58","modified_gmt":"2024-07-24T13:22:58","slug":"coco-gauff-se-juntara-a-lebron-james-como-porta-estandarte-da-equipe-dos-eua-na-cerimonia-de-abertura-olimpica-wsvn-7news-noticias-de-miami-clima-esportes-fort-lauderdale","status":"publish","type":"post","link":"https:\/\/tvbrazilusa.com\/pt\/2024\/07\/24\/coco-gauff-se-juntara-a-lebron-james-como-porta-estandarte-da-equipe-dos-eua-na-cerimonia-de-abertura-olimpica-wsvn-7news-noticias-de-miami-clima-esportes-fort-lauderdale\/","title":{"rendered":"Coco Gauff se juntar\u00e1 a LeBron James como porta-estandarte da equipe dos EUA na cerim\u00f4nia de abertura ol\u00edmpica &#8211; WSVN 7News | Not\u00edcias de Miami, clima, esportes | Fort Lauderdale"},"content":{"rendered":"<p> <script async src=\"https:\/\/pagead2.googlesyndication.com\/pagead\/js\/adsbygoogle.js?client=ca-pub-8864793242727901\"\r\n     crossorigin=\"anonymous\"><\/script><br \/>\n<\/p>\n<div itemprop=\"articleBody\">\n<p><strong>(CNN) \u2014 <\/strong>A atual campe\u00e3 do US Open e tenista n\u00famero 2 do mundo, Coco Gauff, foi nomeada tenista feminina do Time EUA <a href=\"https:\/\/wsvn.com\/sports\/lebron-james-to-be-team-usas-male-flag-bearer-for-olympic-opening-ceremony\/\" data-type=\"link\" data-id=\"https:\/\/wsvn.com\/sports\/lebron-james-to-be-team-usas-male-flag-bearer-for-olympic-opening-ceremony\/\" target=\"_blank\" rel=\"noreferrer noopener\">portador de bandeira<\/a> para a Cerim\u00f4nia de Abertura dos Jogos Ol\u00edmpicos de Paris, o Comit\u00ea Ol\u00edmpico e Paral\u00edmpico dos Estados Unidos (USOPC) <a href=\"https:\/\/view.email.teamusa.org\/?qs=a7394c019ffcff6c7d6385e8db7040570ab1d5376d9e01bef77470c76df3a69b43dafcbbcb94e4e9761ea988ca2288ffe5096778e6ec47d8d73b0cb9d94a99335505061e4f4c639316b84bd436eff9e3\" target=\"_blank\" rel=\"noreferrer noopener\">anunciado<\/a> Quarta-feira.<\/p>\n<p>Gauff se juntar\u00e1 ao porta-bandeira e tr\u00eas vezes atleta ol\u00edmpico LeBron James na frente e no centro do evento de sexta-feira, que ser\u00e1 realizado \u00e0s margens do Rio Sena, marcando a primeira vez que a cerim\u00f4nia n\u00e3o ocorrer\u00e1 dentro de um est\u00e1dio.<\/p>\n<p>\u201cNunca pensei que teria a honra de carregar a bandeira americana pelo Time EUA na Cerim\u00f4nia de Abertura\u201d, disse Gauff em um comunicado.<\/p>\n<p>\u201cEu n\u00e3o poderia estar mais orgulhoso de liderar meus companheiros de equipe com LeBron enquanto mostramos nossa dedica\u00e7\u00e3o e paix\u00e3o no maior palco que existe \u2013 em um momento em que podemos reunir atletas e f\u00e3s de todo o mundo.\u201d<\/p>\n<p>Gauff far\u00e1 sua estreia ol\u00edmpica. Ela estava inicialmente definida para competir nos Jogos de T\u00f3quio 2020, mas desistiu ap\u00f3s testar positivo para Covid-19.<\/p>\n<p>O jovem de 20 anos \u00e9 o primeiro tenista dos EUA a servir como porta-bandeira da Sele\u00e7\u00e3o dos EUA.<\/p>\n<p>As competi\u00e7\u00f5es de simples e duplas para t\u00eanis come\u00e7am no s\u00e1bado em Roland Garros, casa do Aberto da Fran\u00e7a. Gauff formar\u00e1 dupla com sua companheira de equipe Jessica Pegula nas duplas.<\/p>\n<p>O Desfile das Na\u00e7\u00f5es \u2013 que normalmente re\u00fane delega\u00e7\u00f5es nacionais de atletas entrando no Est\u00e1dio Ol\u00edmpico a p\u00e9 \u2013 acontecer\u00e1 na pr\u00f3pria \u00e1gua, com barcos transportando os 10.500 atletas pelo centro da cidade.<\/p>\n<p>A cerim\u00f4nia come\u00e7a \u00e0s 13h30 (hor\u00e1rio do leste dos EUA) e ser\u00e1 transmitida pela NBC.<\/p>\n<p><em>The-CNN-Wire\u2122 &#038; \u00a9 2024 Cable News Network, Inc., uma empresa Time Warner. Todos os direitos reservados.<\/em><\/p>\n<div class=\"wp-block-newsletter\">\n\t<strong class=\"wp-block-newsletter__title\">Inscreva-se em nossa Newsletter para receber as \u00faltimas not\u00edcias diretamente na sua caixa de entrada<\/strong><\/p>\n<\/div><\/div>\n<p><br \/>\n<br \/><a href=\"https:\/\/wsvn.com\/sports\/coco-gauff-to-join-lebron-james-as-team-usa-flag-bearer-for-olympic-opening-ceremony\/\">Source link <\/a><\/p>","protected":false},"excerpt":{"rendered":"<p>(CNN) \u2014 A atual campe\u00e3 do US Open e tenista n\u00famero 2 do mundo, Coco Gauff, foi nomeada tenista feminina do Time EUA portador de bandeira para a Cerim\u00f4nia de&hellip;<\/p>","protected":false},"author":1,"featured_media":7379,"comment_status":"closed","ping_status":"open","sticky":false,"template":"","format":"standard","meta":{"content-type":"","footnotes":""},"categories":[1],"tags":[],"class_list":["post-7378","post","type-post","status-publish","format-standard","has-post-thumbnail","hentry","category-uncategorized"],"_links":{"self":[{"href":"https:\/\/tvbrazilusa.com\/pt\/wp-json\/wp\/v2\/posts\/7378","targetHints":{"allow":["GET"]}}],"collection":[{"href":"https:\/\/tvbrazilusa.com\/pt\/wp-json\/wp\/v2\/posts"}],"about":[{"href":"https:\/\/tvbrazilusa.com\/pt\/wp-json\/wp\/v2\/types\/post"}],"author":[{"embeddable":true,"href":"https:\/\/tvbrazilusa.com\/pt\/wp-json\/wp\/v2\/users\/1"}],"replies":[{"embeddable":true,"href":"https:\/\/tvbrazilusa.com\/pt\/wp-json\/wp\/v2\/comments?post=7378"}],"version-history":[{"count":1,"href":"https:\/\/tvbrazilusa.com\/pt\/wp-json\/wp\/v2\/posts\/7378\/revisions"}],"predecessor-version":[{"id":7380,"href":"https:\/\/tvbrazilusa.com\/pt\/wp-json\/wp\/v2\/posts\/7378\/revisions\/7380"}],"wp:featuredmedia":[{"embeddable":true,"href":"https:\/\/tvbrazilusa.com\/pt\/wp-json\/wp\/v2\/media\/7379"}],"wp:attachment":[{"href":"https:\/\/tvbrazilusa.com\/pt\/wp-json\/wp\/v2\/media?parent=7378"}],"wp:term":[{"taxonomy":"category","embeddable":true,"href":"https:\/\/tvbrazilusa.com\/pt\/wp-json\/wp\/v2\/categories?post=7378"},{"taxonomy":"post_tag","embeddable":true,"href":"https:\/\/tvbrazilusa.com\/pt\/wp-json\/wp\/v2\/tags?post=7378"}],"curies":[{"name":"wp","href":"https:\/\/api.w.org\/{rel}","templated":true}]}}