{"id":73941,"date":"2024-12-10T14:14:01","date_gmt":"2024-12-10T14:14:01","guid":{"rendered":"https:\/\/tvbrazilusa.com\/2024\/12\/10\/agora-hospital-sirio-libanes-solta-uma-nota-sobre-estado-de-saude-de-lula\/"},"modified":"2024-12-10T14:14:04","modified_gmt":"2024-12-10T14:14:04","slug":"agora-hospital-sirio-libanes-solta-uma-nota-sobre-estado-de-saude-de-lula","status":"publish","type":"post","link":"https:\/\/tvbrazilusa.com\/pt\/2024\/12\/10\/agora-hospital-sirio-libanes-solta-uma-nota-sobre-estado-de-saude-de-lula\/","title":{"rendered":"Agora: Hospital S\u00edrio liban\u00eas solta uma nota sobre estado de sa\u00fade de Lula"},"content":{"rendered":"<p> <script async src=\"https:\/\/pagead2.googlesyndication.com\/pagead\/js\/adsbygoogle.js?client=ca-pub-8864793242727901\"\r\n     crossorigin=\"anonymous\"><\/script><br \/>\n<\/p>\n<div id=\"taboola-read-more\" style=\"display:block; width:100%\">\n<p>O presidente Luiz In\u00e1cio Lula da Silva (PT) foi internado \u00e0s pressas na noite de 2\u00aa feira (9.dez.2024), no Hospital S\u00edrio-Liban\u00eas, em Bras\u00edlia. O petista precisou ser transferido de Bras\u00edlia para S\u00e3o Paulo para uma cirugia de emerg\u00eancia depois de sentir dores de cabe\u00e7a.\n<\/p>\n<p>Segundo boletim m\u00e9dico, o presidente foi submetido a um procedimento cir\u00fargico para drenagem de um hematoma. Foi constatado hemorragia intracraniana. O chefe do Executivo est\u00e1 internado na UTI e \u201cencontra-se bem\u201d.<\/p>\n<\/p>\n<p>\u201cO presidente Luiz In\u00e1cio Lula da Silva esteve ontem \u00e0 noite no Hospital S\u00edrio-Liban\u00eas, unidade Bras\u00edlia, para realizar exame de imagem ap\u00f3s sentir dor de cabe\u00e7a. A resson\u00e2ncia magn\u00e9tica mostrou hemorragia intracraniana, decorrente do acidente domiciliar sofrido em 19 de outubro.\n<\/p>\n<p>\u201cFoi transferido para o Hospital S\u00edrio-Liban\u00eas, unidade S\u00e3o Paulo, onde foi submetido \u00e0 craniotomia para drenagem de hematoma. A cirurgia transcorreu sem intercorr\u00eancias\u201d, afirmou a nota.\n<\/p>\n<p>Lula est\u00e1 sob cuidados da equipe m\u00e9dica comandada por Roberto Kalil Filho e Ana Helena Germoglio.\n<\/p>\n<p>Acidente dom\u00e9stico<br \/>De acordo com o hospital, a intercorr\u00eancia m\u00e9dica aconteceu devido ao \u201cacidente domiciliar\u201d sofrido pelo presidente em 19 de outubro. O petista sofreu uma queda no banheiro do Pal\u00e1cio da Alvorada, o que resultou num ferimento \u201ccorto-contuso em regi\u00e3o occipital\u201d \u2013um corte na parte de tr\u00e1s da cabe\u00e7a. O presidente foi atendido, fez exames e curativo na regi\u00e3o afetada.\n<\/p>\n<p>Hist\u00f3rico de sa\u00fade<br \/>A sa\u00fade de Lula passou por alguns problemas desde que assumiu o Planalto, em janeiro de 2023. Em 25 de fevereiro daquele ano, o petista fez uma resson\u00e2ncia na bacia, coluna e lombar no Hospital S\u00edrio-Liban\u00eas, em Bras\u00edlia. J\u00e1 em 25 de mar\u00e7o, cancelou sua viagem \u00e0 China para se recuperar de uma broncopneumonia bacteriana e viral pelo v\u00edrus influenza A.\n<\/p>\n<p>No final de setembro, o presidente precisou passar por uma cirurgia no quadril por causa de uma artrose na perna direita. A doen\u00e7a \u00e9 um desgaste na articula\u00e7\u00e3o, que no caso de Lula acomete a que fica entre o quadril e o f\u00eamur. Entenda aqui como funciona o procedimento.\n<\/p>\n<p>Lula aproveitou e fez uma cirurgia pl\u00e1stica no mesmo dia. Retirou o excesso de pele nas p\u00e1lpebras, que, segundo seu m\u00e9dico, Roberto Kalil, por vezes atrapalhava a vis\u00e3o do petista.\n<\/p>\n<p>Os 2 procedimentos foram bem sucedidos e sem intercorr\u00eancias. O chefe do Executivo recebeu alta do hospital 2 dias antes do previsto. Ficou 3 semanas recluso no Pal\u00e1cio do Alvorada para evitar infec\u00e7\u00f5es e se dedicar a fisioterapia. Mas j\u00e1 na mesma semana da cirurgia conseguiu caminhar e subir alguns degraus de escada. Na 2\u00aa semana, j\u00e1 teve compromissos oficiais e voltou a trabalhar de forma remota.\n<\/p>\n<p><img decoding=\"async\" src=\"https:\/\/static.poder360.com.br\/2024\/10\/saude-lula-site-28-out-2024.png\" alt=\"\" width=\"100%\"\/>\n<\/p>\n<p>Fonte: Poder360\n              <\/p>\n<\/div>\n<p><br \/>\n<br \/><a href=\"https:\/\/diariodobrasilnoticias.com.br\/noticia\/agora-hospital-sirio-libanes-solta-uma-nota-sobre-estado-de-saude-de-lula-675820a04e073\">Source link <\/a><\/p>","protected":false},"excerpt":{"rendered":"<p>O presidente Luiz In\u00e1cio Lula da Silva (PT) foi internado \u00e0s pressas na noite de 2\u00aa feira (9.dez.2024), no Hospital S\u00edrio-Liban\u00eas, em Bras\u00edlia. O petista precisou ser transferido de Bras\u00edlia&hellip;<\/p>","protected":false},"author":1,"featured_media":73942,"comment_status":"closed","ping_status":"open","sticky":false,"template":"","format":"standard","meta":{"content-type":"","footnotes":""},"categories":[16],"tags":[123,2448,5313,1267],"class_list":["post-73941","post","type-post","status-publish","format-standard","has-post-thumbnail","hentry","category-noticias","tag-brasil","tag-diario","tag-noticia","tag-noticias"],"_links":{"self":[{"href":"https:\/\/tvbrazilusa.com\/pt\/wp-json\/wp\/v2\/posts\/73941","targetHints":{"allow":["GET"]}}],"collection":[{"href":"https:\/\/tvbrazilusa.com\/pt\/wp-json\/wp\/v2\/posts"}],"about":[{"href":"https:\/\/tvbrazilusa.com\/pt\/wp-json\/wp\/v2\/types\/post"}],"author":[{"embeddable":true,"href":"https:\/\/tvbrazilusa.com\/pt\/wp-json\/wp\/v2\/users\/1"}],"replies":[{"embeddable":true,"href":"https:\/\/tvbrazilusa.com\/pt\/wp-json\/wp\/v2\/comments?post=73941"}],"version-history":[{"count":1,"href":"https:\/\/tvbrazilusa.com\/pt\/wp-json\/wp\/v2\/posts\/73941\/revisions"}],"predecessor-version":[{"id":73943,"href":"https:\/\/tvbrazilusa.com\/pt\/wp-json\/wp\/v2\/posts\/73941\/revisions\/73943"}],"wp:featuredmedia":[{"embeddable":true,"href":"https:\/\/tvbrazilusa.com\/pt\/wp-json\/wp\/v2\/media\/73942"}],"wp:attachment":[{"href":"https:\/\/tvbrazilusa.com\/pt\/wp-json\/wp\/v2\/media?parent=73941"}],"wp:term":[{"taxonomy":"category","embeddable":true,"href":"https:\/\/tvbrazilusa.com\/pt\/wp-json\/wp\/v2\/categories?post=73941"},{"taxonomy":"post_tag","embeddable":true,"href":"https:\/\/tvbrazilusa.com\/pt\/wp-json\/wp\/v2\/tags?post=73941"}],"curies":[{"name":"wp","href":"https:\/\/api.w.org\/{rel}","templated":true}]}}