{"id":73947,"date":"2024-12-10T14:26:15","date_gmt":"2024-12-10T14:26:15","guid":{"rendered":"https:\/\/tvbrazilusa.com\/2024\/12\/10\/milei-completa-um-ano-de-governo-com-inflacao-em-queda\/"},"modified":"2024-12-10T14:26:16","modified_gmt":"2024-12-10T14:26:16","slug":"milei-completa-um-ano-de-governo-com-inflacao-em-queda","status":"publish","type":"post","link":"https:\/\/tvbrazilusa.com\/pt\/2024\/12\/10\/milei-completa-um-ano-de-governo-com-inflacao-em-queda\/","title":{"rendered":"Milei completa um ano de governo com infla\u00e7\u00e3o em queda"},"content":{"rendered":"<p> <script async src=\"https:\/\/pagead2.googlesyndication.com\/pagead\/js\/adsbygoogle.js?client=ca-pub-8864793242727901\"\r\n     crossorigin=\"anonymous\"><\/script><br \/>\n<\/p>\n<div id=\"taboola-read-more\" style=\"display:block; width:100%\">\n<p>O presidente da Argentina, Javier Milei (La Libertad Avanza, direita), completa 1 ano no governo nesta 3\u00aa feira (10.dez.2024). O mandat\u00e1rio, antes com pouca voz pol\u00edtica, surgiu como um outsider na campanha de 2023 e venceu o ent\u00e3o presidente peronista Alberto Fern\u00e1ndez.\n<\/p>\n<p>Uma das propostas mais enfatizadas durante sua campanha e no come\u00e7o do governo foi a situa\u00e7\u00e3o econ\u00f4mica do pa\u00eds. Ao assumir a Casa Rosada, a Argentina tinha 12,8% de infla\u00e7\u00e3o mensal em novembro. Agora, 1 ano depois do in\u00edcio de seu mandato, o pa\u00eds registrou 2,7% em outubro, \u00faltimo dado dispon\u00edvel pelo Indec (Instituto Nacional de Estat\u00edstica e Censos).<\/p>\n<p>No entanto, o professor de rela\u00e7\u00f5es internacionais da UFF (Universidade Federal Fluminense) Marcio Malta avalia que o feito n\u00e3o \u00e9 de se comemorar.\u00a0<em>\u201cO 1\u00ba ano de Javier Milei \u00e9 o que poderia se esperar de pior porque, afinal de contas, a quest\u00e3o social \u00e9 deprimente.<\/em>\u00a0[\u2026]\u00a0<em>Acho que as pessoas n\u00e3o est\u00e3o podendo consumir porque n\u00e3o conseguem satisfazer o m\u00ednimo de suas necessidades\u201d<\/em>, diz em entrevista ao\u00a0<strong>Poder360<\/strong>.\u00a0\n<\/p>\n<p><em>\u201cControlar a infla\u00e7\u00e3o com interven\u00e7\u00e3o do governo no sentido de segurar d\u00f3lar, por exemplo, \u00e9 queimar divisas e satisfazer setores financeiros mais abastados\u201d<\/em>, declara.\n<\/p>\n<p>O Indec informou em 26 de setembro que\u00a0<a href=\"https:\/\/12ft.io\/proxy?q=https%3A%2F%2Fwww.poder360.com.br%2Fpoder-economia%2Fargentina-tem-529-da-populacao-em-situacao-de-pobreza%2F\" target=\"_parent\">15,7 milh\u00f5es de pessoas est\u00e3o em situa\u00e7\u00e3o de pobreza<\/a>. Se estendido \u00e0s \u00e1reas rurais, o n\u00famero chega a 24,9 milh\u00f5es de argentinos, resultando em 52,9% da popula\u00e7\u00e3o total do pa\u00eds nessa situa\u00e7\u00e3o.\u00a0\n<\/p>\n<p><em>\u201cComparativamente ao 2\u00ba semestre de 2023, a incid\u00eancia da pobreza registrou um aumento para fam\u00edlias e indiv\u00edduos, de 10,7 e 11,2 pontos percentuais, respectivamente. No caso de indig\u00eancia, apresentou aumento de 4,9% nos domic\u00edlios e 6,2% nas pessoas\u201d<\/em>, diz a pesquisa sobre a compara\u00e7\u00e3o com dados do 1\u00ba semestre de 2023. Eis a\u00a0<a href=\"https:\/\/12ft.io\/proxy?q=https%3A%2F%2Fstatic.poder360.com.br%2F2024%2F09%2Fpobreza-argentina.pdf\" target=\"_parent\">\u00edntegra<\/a>\u00a0(PDF \u2013 888 kB, em espanhol).\u00a0\n<\/p>\n<p>Na pr\u00e1tica, o Indec indica que 3,4 milh\u00f5es de argentinos passaram a figurar em situa\u00e7\u00e3o de pobreza nos 6 meses iniciais da gest\u00e3o de Javier Milei. Ao todo, 5,4 milh\u00f5es de argentinos est\u00e3o em pobreza extrema (18,1% da popula\u00e7\u00e3o).\n<\/p>\n<p>Uma\u00a0<a href=\"https:\/\/12ft.io\/proxy?q=https%3A%2F%2Fwww.lanacion.com.ar%2Fpolitica%2Fencuesta-exclusiva-a-un-ano-de-asumir-milei-conserva-un-nivel-alto-de-aprobacion-pero-su-estilo-nid08122024%2F\" target=\"_parent\">pesquisa realizada pela Poliarqu\u00eda<\/a>\u00a0de 4 a 14 de novembro mostra que 56% da popula\u00e7\u00e3o aprova o governo do presidente argentino e se dizem otimistas quanto \u00e0s perspectivas futuras do pa\u00eds. Outros 43% afirmam desaprovar a gest\u00e3o de Milei.\u00a0\n<\/p>\n<p>De acordo com o jornal\u00a0<em>La Naci\u00f3n<\/em>, o libert\u00e1rio conseguiu manter seu n\u00edvel de aprova\u00e7\u00e3o est\u00e1vel ao longo deste 1\u00ba ano de governo, ao contr\u00e1rio de seus antecessores Alberto Fern\u00e1ndez, Mauricio Macri e Cristina Kirchner. Al\u00e9m disso, foi o melhor m\u00eas de novembro de um 1\u00ba ano de governo para um presidente argentino desde N\u00e9stor Kirchner, que governou o pa\u00eds de 2003 a 2007.\u00a0\n<\/p>\n<p>O in\u00edcio do governo foi marcado pela\u00a0<a href=\"https:\/\/12ft.io\/proxy?q=https%3A%2F%2Fwww.poder360.com.br%2Finternacional%2Fmilei-envia-ao-congresso-pacote-que-amplia-reforma-do-estado%2F\" target=\"_parent\">Lei \u00d4mnibus<\/a>, superpacote de medidas proposto por Milei ao Congresso logo no seu 1\u00ba m\u00eas na Casa Rosada. O texto buscava estabelecer privatiza\u00e7\u00f5es de empresas estatais, desregulamenta\u00e7\u00e3o de alguns setores da economia, reforma da previd\u00eancia e outros pontos.\u00a0\n<\/p>\n<p>O projeto passou por diversas tramita\u00e7\u00f5es na C\u00e2mara e no Senado em que registraram tanto\u00a0<a href=\"https:\/\/12ft.io\/proxy?q=https%3A%2F%2Fwww.poder360.com.br%2Finternacional%2Fcom-protestos-senado-argentino-aprova-1a-lei-de-milei-em-6-meses%2F\" target=\"_parent\">vit\u00f3rias<\/a>\u00a0quanto\u00a0<a href=\"https:\/\/12ft.io\/proxy?q=https%3A%2F%2Fwww.poder360.com.br%2Finternacional%2Flei-omnibus-volta-a-estaca-zero-na-camara-em-derrota-para-milei%2F\" target=\"_parent\">derrotas<\/a>\u00a0para o governo.\u00a0\n<\/p>\n<p>No final das contas, muitas coisas ficaram<em>\u00a0\u201cpelo meio do caminho\u201d<\/em>, segundo avalia F\u00e1bio Andrade, cientista pol\u00edtico e professor do curso de rela\u00e7\u00f5es internacionais da ESPM (Escola Superior de Propaganda e Marketing), em entrevista ao\u00a0<strong>Poder360<\/strong>.\u00a0\n<\/p>\n<p><em>\u201cTer ficado pelo meio do caminho n\u00e3o \u00e9 ruim porque aquele projeto, de certa forma, previa uma reconstru\u00e7\u00e3o da Argentina em um n\u00edvel cujos efeitos colaterais eram dif\u00edceis de avaliar\u201d<\/em>\u00a0diz.\u00a0\n<\/p>\n<p><em>\u201cO ponto negativo \u00e9 que basicamente, em virtude de v\u00e1rios desses pontos terem ficado pelo meio do caminho, muitas promessas de campanha n\u00e3o foram entregues\u201d<\/em>, declara. Entre as propostas n\u00e3o cumpridas, o professor destaca as que tratavam de<em>\u00a0\u201cimplodir o Estado\u201d,<\/em>\u00a0como a privatiza\u00e7\u00e3o de empresas estatais.\u00a0\n<\/p>\n<p>Em rela\u00e7\u00e3o \u00e0 pol\u00edtica externa, Marcio Malta afirma que o presidente seguiu o comportamento que prometeu durante a campanha, o que ele classifica como\u00a0<em>\u201ctradi\u00e7\u00e3o do comportamento liberal\u201d<\/em>.\u00a0\n<\/p>\n<p>Exemplo disso foi a\u00a0<a href=\"https:\/\/12ft.io\/proxy?q=https%3A%2F%2Fwww.poder360.com.br%2Fpoder-internacional%2Falianca-contra-a-fome-tem-82-paises-argentina-adere-de-ultima-hora%2F\" target=\"_parent\">atitude do argentino durante a C\u00fapula do G20 no Rio<\/a>, em rela\u00e7\u00e3o \u00e0 Alian\u00e7a Global contra a Fome e a Pobreza. O l\u00edder, inicialmente contr\u00e1rio \u00e0 proposta apresentada pelo presidente\u00a0<a href=\"https:\/\/12ft.io\/proxy?q=https%3A%2F%2Fmonitor.poder360.com.br%2Fpoliticos-do-brasil%2F929674%2FLULA%3Fano%3D2022\" target=\"_parent\">Luiz In\u00e1cio Lula da Silva<\/a>\u00a0(PT),\u00a0<a href=\"https:\/\/12ft.io\/proxy?q=https%3A%2F%2Fwww.poder360.com.br%2Fpoder-governo%2Fcom-aval-da-argentina-declaracao-do-g20-pede-combate-a-pobreza%2F\" target=\"_parent\">assinou o texto de \u00faltima hora<\/a>, j\u00e1 durante a realiza\u00e7\u00e3o do evento.\u00a0\n<\/p>\n<h2><strong>MILEI &#038; VILLARRUEL<\/strong><\/h2>\n<p>Nos meses mais recentes do governo, o presidente\u00a0<a href=\"https:\/\/12ft.io\/proxy?q=https%3A%2F%2Fwww.poder360.com.br%2Fpoder-internacional%2Fmilei-expoe-rixa-com-sua-vice-e-diz-que-ela-e-proxima-da-casta%2F\" target=\"_parent\">exp\u00f4s uma rixa com sua vice-presidente<\/a>, Victoria Villarruel, que tamb\u00e9m preside o Senado. Em uma entrevista ao\u00a0<em>La Naci\u00f3n<\/em>, Milei declarou que Villarruel n\u00e3o tem influ\u00eancia em sua gest\u00e3o e sequer participa das reuni\u00f5es ministeriais. Para ele, a vice est\u00e1 mais pr\u00f3xima da \u201ccasta\u201d do que de seu governo.\u00a0\n<\/p>\n<p>A \u201ccasta\u201d \u00e9 uma refer\u00eancia ao grupo burocrata argentino que, segundo ele, atrapalha o desenvolvimento do pa\u00eds. A categoria foi criticada durante sua campanha eleitoral de 2023 e atualmente \u00e9 um dos\u00a0<em>\u201cinimigos\u201d\u00a0<\/em>que Milei diz combater.\u00a0\n<\/p>\n<p>Em resposta \u00e0s declara\u00e7\u00f5es, Victoria Villarruel travou a pauta do Senado. Ela conquistou a reputa\u00e7\u00e3o de ser uma pol\u00edtica equilibrada \u00e0 frente da Casa Alta, capaz de angariar apoios cruciais de partidos de esquerda no Legislativo para as propostas de Milei. A Argentina\u00a0<a href=\"https:\/\/12ft.io\/proxy?q=https%3A%2F%2Fwww.poder360.com.br%2Feconomia%2Fmilei-descarta-dolarizacao-na-argentina-antes-de-2025%2F\" target=\"_parent\">ter\u00e1 elei\u00e7\u00f5es legislativas em 2025<\/a>, o que pode alterar a conjuntura do Congresso tanto a favor quanto contra o presidente.\u00a0\n<\/p>\n<p>Com a tens\u00e3o na chapa presidencial, alguns especialistas avaliam que a irm\u00e3 do presidente, Karina Milei, assume como bra\u00e7o-direito informal do autodeclarado libert\u00e1rio. O presidente\u00a0<a href=\"https:\/\/12ft.io\/proxy?q=https%3A%2F%2Fwww.poder360.com.br%2Finternacional%2Fjavier-milei-altera-decreto-para-nomear-irma%2F\" target=\"_parent\">alterou um decreto em seu 1\u00ba dia de governo<\/a>\u00a0para nome\u00e1-la secret\u00e1ria-geral da Presid\u00eancia.\u00a0\n<\/p>\n<p><em>\u201cA Karina comp\u00f5e o n\u00facleo do governo direto do Executivo, responde diretamente a Milei, enquanto a vice entra em choque<\/em>\u00a0[com o presidente]\u00a0<em>justamente porque ela est\u00e1 ligada a um outro poder\u201d<\/em>, afirma.\u00a0\n<\/p>\n<p>O professor destaca, ainda, que esta caracter\u00edstica de atrito entre poderes n\u00e3o \u00e9 exclusivo da atual gest\u00e3o argentina. Segundo Andrade, \u00e9 um comportamento que pode ser notado em outros governos que seguem pol\u00edticas de extrema-direita, como no de Milei.\n<\/p>\n<p><em>\u201cO governo Milei foi eleito com todas as caracter\u00edsticas de governos de extrema-direita, que basicamente t\u00eam um vi\u00e9s antissist\u00eamico muito forte e, em certa medida, anti-institucional.<\/em>\u00a0[\u2026]\u00a0<em>O lado forte \u00e9 basicamente a promessa anti divis\u00e3o de poderes, ent\u00e3o esses caras v\u00e3o operar em um grau de tens\u00e3o com as outras institui\u00e7\u00f5es de controle muito grande\u201d<\/em>, declara.\u00a0\n<\/p>\n<h2><strong>MILEI &#038; LULA<\/strong><\/h2>\n<p>Durante sua campanha para a Casa Rosada, Milei acusou, sem provas, Lula de ser\u00a0<em>\u201cladr\u00e3o\u201d,<\/em>\u00a0al\u00e9m de outras cr\u00edticas e declara\u00e7\u00f5es contra o petista. Agora, chefes de Estado contempor\u00e2neos, as intera\u00e7\u00f5es se limitam a cumprimentos formais em eventos internacionais, segundo avalia Malta.\u00a0\n<\/p>\n<p>Al\u00e9m disso, o professor destaca que o presidente argentino n\u00e3o \u00e9 um apoiador t\u00e3o fervoroso quanto Lula no que diz respeito ao fortalecimento da integra\u00e7\u00e3o regional entre pa\u00edses sul-americanos e menciona a atitude de Milei sobre o acordo Mercosul-UE: \u201c<em>A Argentina fazer o papel\u00e3o de dizer que n\u00e3o faz diferen\u00e7a nenhuma, mas que n\u00e3o ser\u00e1 contra, demostra o qu\u00e3o pouco<\/em>\u00a0[Milei]\u00a0<em>est\u00e1 preocupado com o avan\u00e7o dessas conversas multilaterais\u201d.<\/em>\u00a0\n<\/p>\n<p>A Uni\u00e3o Europeia e o Mercosul\u00a0<a href=\"https:\/\/12ft.io\/proxy?q=https%3A%2F%2Fwww.poder360.com.br%2Fpoder-internacional%2Fursula-von-der-leyen-anuncia-conclusao-do-acordo-mercosul-ue%2F\" target=\"_parent\">finalizaram as negocia\u00e7\u00f5es<\/a>\u00a0para um acordo entre os blocos em 6 de dezembro, durante a c\u00fapula da organiza\u00e7\u00e3o sul-americana no Uruguai.\u00a0\n<\/p>\n<p>J\u00e1 Andrade classifica a rela\u00e7\u00e3o como\u00a0<em>\u201ccuriosa\u201d.<\/em>\u00a0Segundo o professor da ESPM, apesar de haver embates p\u00fablicos entre os mandat\u00e1rios, os pa\u00edses ainda mant\u00eam uma conex\u00e3o importante devido \u00e0 economia. O Brasil e a Argentina est\u00e3o entre os principais pa\u00edses que exportam e importam produtos um ao outro.\u00a0<em>\u201cN\u00e3o tem como abrir m\u00e3o dessas rela\u00e7\u00f5es, ent\u00e3o a economia vai se sobrepor a esses interesses pol\u00edticos\u201d<\/em>, afirma F\u00e1bio Andrade.\u00a0\n<\/p>\n<p>Em contrapartida, Milei tem uma rela\u00e7\u00e3o bastante pr\u00f3xima do ex-presidente\u00a0<a href=\"https:\/\/12ft.io\/proxy?q=https%3A%2F%2Fmonitor.poder360.com.br%2Fpoliticos-do-brasil%2F630212%3Fano%3D2022\" target=\"_parent\">Jair Bolsonaro<\/a>\u00a0(PL), com quem compartilha ideias de governo semelhantes. Em 4 de dezembro, durante a CPAC (Confer\u00eancia de A\u00e7\u00e3o Pol\u00edtica Conservadora), o ex-presidente\u00a0<a href=\"https:\/\/12ft.io\/proxy?q=https%3A%2F%2Fwww.poder360.com.br%2Fpoder-brasil%2Fbolsonaro-agradece-milei-por-acolher-os-foragidos-do-8-de-janeiro%2F\" target=\"_parent\">agradeceu ao libert\u00e1rio<\/a>\u00a0pelo \u201c<em>acolhimento\u201d\u00a0<\/em>dado a brasileiros indiciados pelos atos do 8 de Janeiro que\u00a0<a href=\"https:\/\/12ft.io\/proxy?q=https%3A%2F%2Fwww.poder360.com.br%2Fpoder-justica%2Fcinco-foragidos-pelo-8-de-janeiro-ja-foram-presos-na-argentina%2F\" target=\"_parent\">fugiram para o pa\u00eds vizinho<\/a>. Cerca de 54 pessoas continuam foragidas na Argentina.\u00a0\n<\/p>\n<p>Durante seu discurso no evento, Bolsonaro disse que\u00a0<em>\u201cesse ato t\u00e3o generoso\u201d<\/em>\u00a0do argentino n\u00e3o ser\u00e1 esquecido pelos\u00a0<em>\u201cbrasileiros de bem\u201d.<\/em>\u00a0A CPAC \u00e9 o principal f\u00f3rum de pol\u00edticos e ativistas conservadores do mundo e foi realizado em Buenos Aires em 2024.\n<\/p>\n<h2><strong>MILEI &#038; TRUMP<\/strong><\/h2>\n<p>Ao contr\u00e1rio da rela\u00e7\u00e3o com o l\u00edder brasileiro, Milei tem uma conex\u00e3o amistosa e pr\u00f3xima com o presidente eleito dos Estados Unidos, Donald Trump (republicano).\u00a0\n<\/p>\n<p>Em um telefonema entre os 2 depois do resultado da elei\u00e7\u00e3o norte-americana,\u00a0<a href=\"https:\/\/12ft.io\/proxy?q=https%3A%2F%2Fwww.poder360.com.br%2Fpoder-internacional%2Fmeu-presidente-favorito-diz-trump-para-milei-em-ligacao%2F\" target=\"_parent\">Trump afirmou que Milei \u00e9 seu\u00a0<em>\u201cpresidente favorito\u201d<\/em><\/a><em>.<\/em>\u00a0A liga\u00e7\u00e3o se deu dias antes de o republicano\u00a0<a href=\"https:\/\/12ft.io\/proxy?q=https%3A%2F%2Fwww.poder360.com.br%2Fpoder-internacional%2Fmilei-participa-de-evento-com-trump-e-musk-nos-eua%2F\" target=\"_parent\">receber o libert\u00e1rio<\/a>\u00a0em Mar-a-Lago, seu resort na Fl\u00f3rida.\u00a0\n<\/p>\n<p>O presidente argentino, que busca manter uma rela\u00e7\u00e3o alinhada ao norte-americano, diz estar aberto a ajudar o pr\u00f3ximo presidente dos EUA a atingir o objetivo de<em>\u00a0\u201ctornar os Estados Unidos grande novamente\u201d<\/em>\u00a0\u2013lema de campanha presidencial de Trump.\u00a0\n<\/p>\n<p>F\u00e1bio Andrade classifica a rela\u00e7\u00e3o entre Milei e Trump como um\u00a0<em>\u201cjogo diplom\u00e1tico\u201d<\/em>. Para ele,\u00a0<em>\u201cparece que os Estados Unidos n\u00e3o estar\u00e3o t\u00e3o preocupados com o que a Argentina \u00e9 em si, mas com o s\u00edmbolo que a Argentina pode ser. Essa dobradinha Milei-Trump pode criar dificuldades para Lula\u201d,<\/em>\u00a0afirma.\u00a0\n<\/p>\n<p>Fonte: Poder360              <\/p>\n<\/div>\n<p><br \/>\n<br \/><a href=\"https:\/\/diariodobrasilnoticias.com.br\/noticia\/milei-completa-um-ano-de-governo-com-inflacao-em-queda-mas-aumento-da-pobreza-67582aa9048f8\">Source link <\/a><\/p>","protected":false},"excerpt":{"rendered":"<p>O presidente da Argentina, Javier Milei (La Libertad Avanza, direita), completa 1 ano no governo nesta 3\u00aa feira (10.dez.2024). O mandat\u00e1rio, antes com pouca voz pol\u00edtica, surgiu como um outsider&hellip;<\/p>","protected":false},"author":1,"featured_media":73948,"comment_status":"closed","ping_status":"open","sticky":false,"template":"","format":"standard","meta":{"content-type":"","footnotes":""},"categories":[16],"tags":[123,2448,5313,1267],"class_list":["post-73947","post","type-post","status-publish","format-standard","has-post-thumbnail","hentry","category-noticias","tag-brasil","tag-diario","tag-noticia","tag-noticias"],"_links":{"self":[{"href":"https:\/\/tvbrazilusa.com\/pt\/wp-json\/wp\/v2\/posts\/73947","targetHints":{"allow":["GET"]}}],"collection":[{"href":"https:\/\/tvbrazilusa.com\/pt\/wp-json\/wp\/v2\/posts"}],"about":[{"href":"https:\/\/tvbrazilusa.com\/pt\/wp-json\/wp\/v2\/types\/post"}],"author":[{"embeddable":true,"href":"https:\/\/tvbrazilusa.com\/pt\/wp-json\/wp\/v2\/users\/1"}],"replies":[{"embeddable":true,"href":"https:\/\/tvbrazilusa.com\/pt\/wp-json\/wp\/v2\/comments?post=73947"}],"version-history":[{"count":1,"href":"https:\/\/tvbrazilusa.com\/pt\/wp-json\/wp\/v2\/posts\/73947\/revisions"}],"predecessor-version":[{"id":73949,"href":"https:\/\/tvbrazilusa.com\/pt\/wp-json\/wp\/v2\/posts\/73947\/revisions\/73949"}],"wp:featuredmedia":[{"embeddable":true,"href":"https:\/\/tvbrazilusa.com\/pt\/wp-json\/wp\/v2\/media\/73948"}],"wp:attachment":[{"href":"https:\/\/tvbrazilusa.com\/pt\/wp-json\/wp\/v2\/media?parent=73947"}],"wp:term":[{"taxonomy":"category","embeddable":true,"href":"https:\/\/tvbrazilusa.com\/pt\/wp-json\/wp\/v2\/categories?post=73947"},{"taxonomy":"post_tag","embeddable":true,"href":"https:\/\/tvbrazilusa.com\/pt\/wp-json\/wp\/v2\/tags?post=73947"}],"curies":[{"name":"wp","href":"https:\/\/api.w.org\/{rel}","templated":true}]}}