{"id":73953,"date":"2024-12-10T14:23:27","date_gmt":"2024-12-10T14:23:27","guid":{"rendered":"https:\/\/tvbrazilusa.com\/2024\/12\/10\/premios-nobel-pedem-ao-senado-que-rejeite-a-nomeacao-de-kennedy\/"},"modified":"2024-12-10T14:31:59","modified_gmt":"2024-12-10T14:31:59","slug":"premios-nobel-pedem-ao-senado-que-rejeite-a-nomeacao-de-kennedy","status":"publish","type":"post","link":"https:\/\/tvbrazilusa.com\/pt\/2024\/12\/10\/premios-nobel-pedem-ao-senado-que-rejeite-a-nomeacao-de-kennedy\/","title":{"rendered":"Pr\u00e9mios Nobel pedem ao Senado que rejeite a nomea\u00e7\u00e3o de Kennedy"},"content":{"rendered":"<p> <script async src=\"https:\/\/pagead2.googlesyndication.com\/pagead\/js\/adsbygoogle.js?client=ca-pub-8864793242727901\"\r\n     crossorigin=\"anonymous\"><\/script><br \/>\n<\/p>\n<div id=\"\">\n<header class=\"m-article-header m-article-header--standard\">\n\t\t\t\t\t\t\t\t\t\t\t\t<span id=\"article-header-primary-term\"><br \/>\n\t\t\t\t\t\t\t\t<a class=\"a-term a-term--primary\" href=\"https:\/\/www.boston.com\/tag\/politics\/\"><\/p>\n<p>\t\t\t\t\t\t\t\tPol\u00edtica\t\t\t\t\t\t\t\t<\/a><br \/>\n\t\t\t\t\t\t\t<\/span><\/p>\n<h2 class=\"m-article-header__sub-headline\">Elevar Kennedy a secret\u00e1rio do HHS \u201ccolocaria a sa\u00fade p\u00fablica em risco\u201d, escreveram mais de 75 laureados.<\/h2>\n<figure class=\"a-photo m-article-header__photo\"><figcaption class=\"a-photo__caption\">\n<p>\tRobert F. Kennedy Jr. fala com Donald Trump em um com\u00edcio da Turning Point Action em Duluth, Ge\u00f3rgia, em 23 de outubro. <em> Jabin Botsford\/Washington Post<\/em>\t<\/figcaption><\/figure>\n<div class=\"m-article-header__meta\">\n<div class=\"m-article-header__byline\">\n<p class=\"m-article-header__author\">\n<p>\t\t\t\t\t\t\t\tPor Teddy Rosenbluth, servi\u00e7o do New York Times\t\t\t\t\t\t\t<\/p>\n<p>\t\t\t\t\t\t\t\t\t\t\t\t\t\t\t<time class=\"m-article-header__date\"><\/p>\n<p>\t\t\t\t\t\t\t\t\t10 de dezembro de 2024 | 9h23\t\t\t\t\t\t\t\t<\/time><\/p><\/div>\n<\/p><\/div>\n<\/header>\n<p>Mais de 75 ganhadores do Pr\u00eamio Nobel j\u00e1 <a href=\"https:\/\/www.nytimes.com\/interactive\/2024\/12\/09\/health\/rfkltr.html\">assinou uma carta<\/a> instando os senadores a n\u00e3o confirmarem Robert F. Kennedy Jr., a escolha do presidente eleito Donald Trump para liderar o Departamento de Sa\u00fade e Servi\u00e7os Humanos.<\/p>\n<p>A carta, obtida pelo The New York Times, marca a primeira vez na mem\u00f3ria recente que laureados com o Nobel se uniram contra uma escolha do Gabinete, de acordo com Richard Roberts, vencedor do Nobel de fisiologia ou medicina de 1993, que ajudou a redigir a carta. O grupo tenta ficar fora da pol\u00edtica sempre que poss\u00edvel, disse ele.<\/p>\n<p>Mas a confirma\u00e7\u00e3o de Kennedy, um cr\u00edtico ferrenho da medicina tradicional que tem sido hostil aos cientistas e \u00e0s ag\u00eancias que iria supervisionar, \u00e9 uma amea\u00e7a que os laureados com o Nobel n\u00e3o poderiam ignorar, disse Roberts.<\/p>\n<p>\u201cEsses ataques pol\u00edticos \u00e0 ci\u00eancia s\u00e3o muito prejudiciais\u201d, disse ele. \u201cVoc\u00ea tem que se levantar e proteg\u00ea-lo.\u201d<\/p>\n<p>Os laureados questionaram se Kennedy, que disseram ter \u201cfalta de credenciais\u201d em medicina, ci\u00eancia e administra\u00e7\u00e3o, estava apto para liderar o departamento respons\u00e1vel pela protec\u00e7\u00e3o da sa\u00fade p\u00fablica e pelo financiamento da investiga\u00e7\u00e3o biom\u00e9dica.<\/p>\n<p>\u201cColocar o Sr. Kennedy no comando do DHHS colocaria a sa\u00fade p\u00fablica em risco e minaria a lideran\u00e7a global da Am\u00e9rica nas ci\u00eancias da sa\u00fade\u201d, alertava a carta.<\/p>\n<p>Se confirmada, a oposi\u00e7\u00e3o de Kennedy a ferramentas de sa\u00fade p\u00fablica bem estabelecidas, como vacinas e fluoreta\u00e7\u00e3o da \u00e1gua pot\u00e1vel, representaria um risco para o bem-estar do pa\u00eds, afirma a carta.<\/p>\n<p>Os laureados condenaram a promo\u00e7\u00e3o de Kennedy de <a href=\"https:\/\/www.nytimes.com\/article\/rfk-conspiracy-theories-fact-check.html\">teorias da conspira\u00e7\u00e3o<\/a>. Kennedy ligou falsamente as vacinas ao autismo, rejeitou a ci\u00eancia estabelecida que mostrava que o VIH causa a SIDA e <a href=\"https:\/\/www.nytimes.com\/2023\/07\/15\/us\/politics\/rfk-jr-remarks-covid.html\">sugerido, sem evid\u00eancias<\/a>que o coronav\u00edrus atingiu e poupou certos grupos \u00e9tnicos.<\/p>\n<p>Os laureados tamb\u00e9m observaram que Kennedy tem sido um \u201ccr\u00edtico beligerante\u201d das ag\u00eancias que estariam sob sua al\u00e7ada, incluindo a Food and Drug Administration, os Centros de Controle e Preven\u00e7\u00e3o de Doen\u00e7as e os Institutos Nacionais de Sa\u00fade.<\/p>\n<p><a href=\"https:\/\/www.nytimes.com\/2024\/11\/12\/health\/robert-kennedy-jr-fda.html\">Kennedy amea\u00e7ou<\/a> demitir funcion\u00e1rios da FDA, que, segundo ele, travou uma \u201cguerra \u00e0 sa\u00fade p\u00fablica\u201d e prometeu <a href=\"https:\/\/www.nytimes.com\/2024\/12\/01\/health\/nih-trump-kennedy-bhattacharya.html\">substituir centenas de funcion\u00e1rios do NIH<\/a> um dia ap\u00f3s a posse de Trump.<\/p>\n<p>De forma mais ampla, ele disse que os cientistas de vacinas \u201cdeveriam estar na pris\u00e3o e a chave deveria ser jogada fora\u201d. <a href=\"https:\/\/www.nbcnews.com\/health\/health-news\/rfk-jr-vaccines-cdc-fascism-abuse-catholic-church-autism-conferences-rcna181605\">de acordo com a NBC News<\/a>.<\/p>\n<p>\u201cO l\u00edder do DHHS deve continuar a nutrir e melhorar \u2013 e n\u00e3o amea\u00e7ar \u2013 estas institui\u00e7\u00f5es importantes e altamente respeitadas e os seus funcion\u00e1rios\u201d, dizia a carta.<\/p>\n<p>Num comunicado na noite de segunda-feira, um porta-voz da equipa de transi\u00e7\u00e3o de Trump disse: \u201cOs americanos est\u00e3o fartos de que as elites lhes digam o que fazer e como fazer. Nosso sistema de sa\u00fade neste pa\u00eds est\u00e1 falido, o Sr. Kennedy promulgar\u00e1 a agenda do presidente Trump para restaurar a integridade de nossos cuidados de sa\u00fade e tornar a Am\u00e9rica saud\u00e1vel novamente.\u201d<\/p>\n<p>Setenta e sete laureados \u2013 em medicina, qu\u00edmica, economia e f\u00edsica \u2013 assinaram a carta. Entre eles estavam Victor Ambros e Gary Ruvkun, que receberam o Pr\u00e9mio Nobel deste ano em fisiologia ou medicina pela descoberta do microRNA, e Daron Acemoglu e Simon Johnson, que ganharam o Pr\u00e9mio Nobel Memorial de 2024 em ci\u00eancias econ\u00f3micas pela investiga\u00e7\u00e3o sobre a desigualdade global.<\/p>\n<p>O Dr. Harold Varmus, laureado com o Pr\u00e9mio Nobel em 1989 e que assinou a carta, afirmou que a investiga\u00e7\u00e3o cient\u00edfica \u2013 que depende de financiamento federal e ajuda a impulsionar o crescimento econ\u00f3mico do pa\u00eds \u2013 \u00e9 imposs\u00edvel de ser dissociada do clima pol\u00edtico.<\/p>\n<p><strong>\u201c<\/strong>A ci\u00eancia depende das estruturas pol\u00edticas deste pa\u00eds<em>\u201d, <\/em>ele disse. \u201cN\u00e3o acho que dever\u00edamos enterrar a cabe\u00e7a na areia s\u00f3 porque somos cientistas.\u201d<\/p>\n<p>Para muitos dos signat\u00e1rios, esta \u00e9 a segunda campanha pol\u00edtica em que participam este ano. Dezenas de ganhadores do Pr\u00eamio Nobel assinaram uma carta aberta em outubro endossando Kamala Harris para presidente.<\/p>\n<p>Roberts esperava que esta carta fosse um sucesso. Mesmo que a carta influenciasse um pequeno n\u00famero de senadores, disse ele, poderia ser suficiente para bloquear a nomea\u00e7\u00e3o de Kennedy.<\/p>\n<p>\u201cTalvez haja alguns que leiam isto e pensem: Bem, n\u00f3s realmente queremos proteger a sa\u00fade dos nossos cidad\u00e3os\u201d, disse ele. \u201cEles n\u00e3o nos elegeram para que pud\u00e9ssemos mat\u00e1-los.\u201d<\/p>\n<p><em>Este artigo apareceu originalmente em <a href=\"https:\/\/www.nytimes.com\/2024\/12\/09\/health\/kennedy-hhs-nobel-laureates.html\">O jornal New York Times<\/a>.<\/em><\/p>\n<div class=\"m-block m-generic-cta\t m-generic-cta--post-content\t m-generic-cta--dark\t m-generic-cta--homepage\t m-generic-cta--email-signup\t\t m-generic-cta-block-style--default \tt-amp__generic-cta\"><\/p>\n<div class=\"m-generic-cta__wrap\">\n<div class=\"m-generic-cta__content\">\n<h3 class=\"m-generic-cta__title\">Boston.com hoje<\/h3>\n<p class=\"m-generic-cta__subtitle\">Inscreva-se para receber as \u00faltimas manchetes em sua caixa de entrada todas as manh\u00e3s.<\/p>\n<\/p><\/div>\n<\/p><\/div>\n<\/div><\/div>\n<p><script>\n\t\tvar consent=\"grant\";\n\t\t\/* The above code is parsing the JSON data from the local storage and storing it in a variable. *\/\n\t\t\t\t\tconst onetrustStorageConsent = JSON.parse(localStorage.getItem( 'consent_one_trust_bdc' ) );\n\t\t\tif ( ( onetrustStorageConsent !== null ) ) {\n\t\t\t\t\/* Checking to see if the user has consented to the use of cookies.\n\t\t\t\t* If they have not, it is deleting the cookie.\n\t\t\t\t* This will comment for now, until further notice.\n\t\t\t\t*\/\n\t\t\t\t\/\/if ( onetrustStorageConsent.C0002 === false ) {\n\t\t\t\t\/\/\tdocument.cookie=\"_fbp=;expires=Thu, 01 Jan 2010 00:00:00 UTC; path=\/; domain=.boston.com\";\n\t\t\t\t\/\/}\n\t\t\t\t\/* Checking if the user has given consent for the cookie C0002.\n\t\t\t\t* If the user has given consent, the variable consent will be set to 'grant'.\n\t\t\t\t* If the user has not given consent,the variable consent will be set to 'revoke'.\n\t\t\t\t* Documentation https:\/\/developers.facebook.com\/docs\/meta-pixel\/implementation\/gdpr\n\t\t\t\t*\/\n\t\t\t\tif ( onetrustStorageConsent.C0002 !== true ) {\n\t\t\t\t\tconsent=\"revoke\";\n\t\t\t\t}\n\t\t\t}\n\t\t\t\t!function(f,b,e,v,n,t,s)\n\t\t{if(f.fbq)return;n=f.fbq=function(){n.callMethod?\n\t\tn.callMethod.apply(n,arguments):n.queue.push(arguments)};\n\t\tif(!f._fbq)f._fbq=n;n.push=n;n.loaded=!0;n.version='2.0';\n\t\tn.queue=[];t=b.createElement(e);t.async=!0;\n\t\tt.src=v;s=b.getElementsByTagName(e)[0];\n\t\ts.parentNode.insertBefore(t,s)}(window, document,'script',\n\t\t'https:\/\/connect.facebook.net\/en_US\/fbevents.js');\n\t\tfbq('consent', consent);\n\t\tfbq('init', '989222871864976');\n\t\tfbq('track', 'PageView');\n\t<\/script><script type=\"module\">\n\t\tvar consent=\"grant\";\n\t\t\/* The above code is parsing the JSON data from the local storage and storing it in a variable. *\/\n\t\t\tconst onetrustStorageConsent = JSON.parse(localStorage.getItem( 'consent_one_trust_bdc' ) );\n\t\t\t\/* Checking to see if the user has consented to the use of cookies.\n\t\t\t* If they have not, it is deleting the cookie.\n\t\t\t* This will comment for now, until further notice.\n\t\t\t*\/\n\t\t\t\/\/if ( onetrustStorageConsent.C0002 === false ) {\n\t\t\t\/\/\tdocument.cookie=\"_fbp=;expires=Thu, 01 Jan 2010 00:00:00 UTC; path=\/; domain=.boston.com\";\n\t\t\t\/\/}\n\t\t\t\/* Checking if the user has given consent for the cookie C0002.\n\t\t\t* If the user has given consent, the variable consent will be set to 'grant'.\n\t\t\t* If the user has not given consent,the variable consent will be set to 'revoke'.\n\t\t\t* Documentation https:\/\/developers.facebook.com\/docs\/meta-pixel\/implementation\/gdpr\n\t\t\t*\/\n\t\t\tif ( ( onetrustStorageConsent !== null ) && (onetrustStorageConsent.C0002 !== true ) ) {\n\t\t\t\tconsent=\"revoke\";\n\t\t\t}\n\t\t\t\t!function(f,b,e,v,n,t,s){if(f.fbq)return;n=f.fbq=function()\n\t\t{n.callMethod? n.callMethod.apply(n,arguments):n.queue.push(arguments)}\n\t\t;if(!f._fbq)f._fbq=n;\n\t\tn.push=n;n.loaded=!0;n.version='2.0';n.queue=[];t=b.createElement(e);t.async=!0;\n\t\tt.src=v;s=b.getElementsByTagName(e)[0];s.parentNode.insertBefore(t,s)}(window,\n\t\tdocument,'script','https:\/\/connect.facebook.net\/en_US\/fbevents.js');\n\t\tfbq('consent', consent);\n\t\tfbq('init', '813236348753005');\n\t\tfbq('track', \"PageView\");\n\t<\/script><br \/>\n<br \/><br \/>\n<br \/><a href=\"https:\/\/www.boston.com\/news\/politics\/2024\/12\/10\/nobel-laureates-urge-senate-to-turn-down-kennedys-nomination\/\">Source link <\/a><\/p>","protected":false},"excerpt":{"rendered":"<p>Pol\u00edtica Elevar Kennedy a secret\u00e1rio do HHS \u201ccolocaria a sa\u00fade p\u00fablica em risco\u201d, escreveram mais de 75 laureados. Robert F. Kennedy Jr. fala com Donald Trump em um com\u00edcio da&hellip;<\/p>","protected":false},"author":1,"featured_media":73954,"comment_status":"closed","ping_status":"open","sticky":false,"template":"","format":"standard","meta":{"content-type":"","footnotes":""},"categories":[1],"tags":[],"class_list":["post-73953","post","type-post","status-publish","format-standard","has-post-thumbnail","hentry","category-uncategorized"],"_links":{"self":[{"href":"https:\/\/tvbrazilusa.com\/pt\/wp-json\/wp\/v2\/posts\/73953","targetHints":{"allow":["GET"]}}],"collection":[{"href":"https:\/\/tvbrazilusa.com\/pt\/wp-json\/wp\/v2\/posts"}],"about":[{"href":"https:\/\/tvbrazilusa.com\/pt\/wp-json\/wp\/v2\/types\/post"}],"author":[{"embeddable":true,"href":"https:\/\/tvbrazilusa.com\/pt\/wp-json\/wp\/v2\/users\/1"}],"replies":[{"embeddable":true,"href":"https:\/\/tvbrazilusa.com\/pt\/wp-json\/wp\/v2\/comments?post=73953"}],"version-history":[{"count":1,"href":"https:\/\/tvbrazilusa.com\/pt\/wp-json\/wp\/v2\/posts\/73953\/revisions"}],"predecessor-version":[{"id":73955,"href":"https:\/\/tvbrazilusa.com\/pt\/wp-json\/wp\/v2\/posts\/73953\/revisions\/73955"}],"wp:featuredmedia":[{"embeddable":true,"href":"https:\/\/tvbrazilusa.com\/pt\/wp-json\/wp\/v2\/media\/73954"}],"wp:attachment":[{"href":"https:\/\/tvbrazilusa.com\/pt\/wp-json\/wp\/v2\/media?parent=73953"}],"wp:term":[{"taxonomy":"category","embeddable":true,"href":"https:\/\/tvbrazilusa.com\/pt\/wp-json\/wp\/v2\/categories?post=73953"},{"taxonomy":"post_tag","embeddable":true,"href":"https:\/\/tvbrazilusa.com\/pt\/wp-json\/wp\/v2\/tags?post=73953"}],"curies":[{"name":"wp","href":"https:\/\/api.w.org\/{rel}","templated":true}]}}