{"id":73956,"date":"2024-12-10T14:38:53","date_gmt":"2024-12-10T14:38:53","guid":{"rendered":"https:\/\/tvbrazilusa.com\/2024\/12\/10\/barroso-anuncia-o-inicio-da-sexta-temporada-do-inquerito-das-fake-news\/"},"modified":"2024-12-10T14:38:54","modified_gmt":"2024-12-10T14:38:54","slug":"barroso-anuncia-o-inicio-da-sexta-temporada-do-inquerito-das-fake-news","status":"publish","type":"post","link":"https:\/\/tvbrazilusa.com\/pt\/2024\/12\/10\/barroso-anuncia-o-inicio-da-sexta-temporada-do-inquerito-das-fake-news\/","title":{"rendered":"Barroso anuncia o in\u00edcio da sexta temporada do inqu\u00e9rito das fake news"},"content":{"rendered":"<p> <script async src=\"https:\/\/pagead2.googlesyndication.com\/pagead\/js\/adsbygoogle.js?client=ca-pub-8864793242727901\"\r\n     crossorigin=\"anonymous\"><\/script><br \/>\n<\/p>\n<div id=\"taboola-read-more\" style=\"display:block; width:100%\">\n<p>O presidente do Supremo Tribunal Federal (STF), Lu\u00eds Roberto Barroso, afirmou na segunda-feira, 9, que o intermin\u00e1vel inqu\u00e9rito das fake news, sob a relatoria do ministro Alexandre de Moraes, ser\u00e1 prorrogado em 2025.\n<\/p>\n<p>Segundo o magistrado, havia a expectativa de que o inqu\u00e9rito pudesse ser conclu\u00eddo em 2024, mas precisou ser prolongado devido aos \u2018eventos que foram se sucedendo\u2019.<\/p>\n<p>\u201cO inqu\u00e9rito das fake news se prolongou porque os eventos foram se sucedendo, vamos ter um mar ainda um pouco agitado ao longo do pr\u00f3ximo ano\u201d, disse Barroso em conversa com jornalistas.\n<\/p>\n<p>\u201cEu tinha conversado com o ministro Alexandre de Moraes h\u00e1 um pouco mais de um m\u00eas atr\u00e1s e era mais ou menos previsto que at\u00e9 o final desse ano todo o material estaria com o procurador-geral da Rep\u00fablica, com a perspectiva de no in\u00edcio do ano que vem isso chegar ao fim\u201d, acrescentou.\n<\/p>\n<p>O \u201cat\u00edpico\u201d inqu\u00e9rito das fake news<br \/>Barroso afirmou que o inqu\u00e9rito das fake news, aberto em 2019, foi \u201cat\u00edpico\u201d.\n<\/p>\n<p>\u201cO inqu\u00e9rito foi at\u00edpico, mas, olhando em perspectiva, foi necess\u00e1rio e indispens\u00e1vel pata enfrentar o extremismo no Brasil\u201d, afirmou.\n<\/p>\n<p>A justificativa do presidente do STF \u00e9 que \u201cos fatos se multiplicaram\u201d e as investiga\u00e7\u00f5es, que miravam o extremismo, se desdobraram para os atos de 8 de janeiro e para a suposta tentativa de golpe de Estado.\n<\/p>\n<p>PGR<br \/>O presidente do STF disse ainda que os desdobramentos do inqu\u00e9rito das fake news que envolvem o ex-presidente Jair Bolsonaro (PL), seus ex-assessores e aliados j\u00e1 foram remetidos \u00e0 Procuradoria-Geral da Rep\u00fablica, chefiada por Paulo Gonet.\n<\/p>\n<p>\u201cMesmo que a PGR fa\u00e7a as den\u00fancias no in\u00edcio do ano [de 2025], ainda teria que instruir todas as a\u00e7\u00f5es penais\u201d, afirmou.\n<\/p>\n<p>\u201cAcho que vamos ter ainda um ano lidando talvez n\u00e3o mais com inqu\u00e9ritos, mas com a\u00e7\u00f5es penais desses inqu\u00e9ritos\u201d, completou.<\/p>\n<p>Fonte: O antagonista              <\/p>\n<\/div>\n<p><br \/>\n<br \/><a href=\"https:\/\/diariodobrasilnoticias.com.br\/noticia\/barroso-anuncia-o-inicio-da-sexta-temporada-do-inquerito-das-fake-news-67583210f06f0\">Source link <\/a><\/p>","protected":false},"excerpt":{"rendered":"<p>O presidente do Supremo Tribunal Federal (STF), Lu\u00eds Roberto Barroso, afirmou na segunda-feira, 9, que o intermin\u00e1vel inqu\u00e9rito das fake news, sob a relatoria do ministro Alexandre de Moraes, ser\u00e1&hellip;<\/p>","protected":false},"author":1,"featured_media":73957,"comment_status":"closed","ping_status":"open","sticky":false,"template":"","format":"standard","meta":{"content-type":"","footnotes":""},"categories":[16],"tags":[123,2448,5313,1267],"class_list":["post-73956","post","type-post","status-publish","format-standard","has-post-thumbnail","hentry","category-noticias","tag-brasil","tag-diario","tag-noticia","tag-noticias"],"_links":{"self":[{"href":"https:\/\/tvbrazilusa.com\/pt\/wp-json\/wp\/v2\/posts\/73956","targetHints":{"allow":["GET"]}}],"collection":[{"href":"https:\/\/tvbrazilusa.com\/pt\/wp-json\/wp\/v2\/posts"}],"about":[{"href":"https:\/\/tvbrazilusa.com\/pt\/wp-json\/wp\/v2\/types\/post"}],"author":[{"embeddable":true,"href":"https:\/\/tvbrazilusa.com\/pt\/wp-json\/wp\/v2\/users\/1"}],"replies":[{"embeddable":true,"href":"https:\/\/tvbrazilusa.com\/pt\/wp-json\/wp\/v2\/comments?post=73956"}],"version-history":[{"count":1,"href":"https:\/\/tvbrazilusa.com\/pt\/wp-json\/wp\/v2\/posts\/73956\/revisions"}],"predecessor-version":[{"id":73958,"href":"https:\/\/tvbrazilusa.com\/pt\/wp-json\/wp\/v2\/posts\/73956\/revisions\/73958"}],"wp:featuredmedia":[{"embeddable":true,"href":"https:\/\/tvbrazilusa.com\/pt\/wp-json\/wp\/v2\/media\/73957"}],"wp:attachment":[{"href":"https:\/\/tvbrazilusa.com\/pt\/wp-json\/wp\/v2\/media?parent=73956"}],"wp:term":[{"taxonomy":"category","embeddable":true,"href":"https:\/\/tvbrazilusa.com\/pt\/wp-json\/wp\/v2\/categories?post=73956"},{"taxonomy":"post_tag","embeddable":true,"href":"https:\/\/tvbrazilusa.com\/pt\/wp-json\/wp\/v2\/tags?post=73956"}],"curies":[{"name":"wp","href":"https:\/\/api.w.org\/{rel}","templated":true}]}}