{"id":73976,"date":"2024-12-10T15:09:19","date_gmt":"2024-12-10T15:09:19","guid":{"rendered":"https:\/\/tvbrazilusa.com\/2024\/12\/10\/alckmin-liderara-as-agendas-com-o-primeiro-ministro-da-eslovaquia-apos-a-cirurgia-de-lula\/"},"modified":"2024-12-10T15:09:21","modified_gmt":"2024-12-10T15:09:21","slug":"alckmin-liderara-as-agendas-com-o-primeiro-ministro-da-eslovaquia-apos-a-cirurgia-de-lula","status":"publish","type":"post","link":"https:\/\/tvbrazilusa.com\/pt\/2024\/12\/10\/alckmin-liderara-as-agendas-com-o-primeiro-ministro-da-eslovaquia-apos-a-cirurgia-de-lula\/","title":{"rendered":"Alckmin liderar\u00e1 as agendas com o primeiro-ministro da Eslov\u00e1quia ap\u00f3s a cirurgia de Lula"},"content":{"rendered":"<p> <script async src=\"https:\/\/pagead2.googlesyndication.com\/pagead\/js\/adsbygoogle.js?client=ca-pub-8864793242727901\"\r\n     crossorigin=\"anonymous\"><\/script><br \/>\n<\/p>\n<div>\n<figure class=\"post-image\">\n<\/figure>\n<p>            <span style=\"font-size: 12px\">Ricardo Stuckert\/PR\/Divulga\u00e7\u00e3o<\/span><\/p>\n<p>            <!-- end metas --><br \/>\n            <!-- ADS --><\/p>\n<div id=\"taboola-read-more\" style=\"display:block; width:100%\">\n<p>O vice-presidente da Rep\u00fablica, Geraldo Alckmin, ir\u00e1 assumir as agendas com o primeiro-ministro da Eslov\u00e1quia, Robert Fico, nesta ter\u00e7a-feira (10) diante da aus\u00eancia do presidente Luiz In\u00e1cio Lula da Silva. Alckmin est\u00e1 retornando de S\u00e3o Paulo para acompanhar a recep\u00e7\u00e3o do primeiro-ministro em Bras\u00edlia. Inicialmente, Lula seria o respons\u00e1vel por receber Fico. Por\u00e9m, o petista foi operado \u00e0s pressas na madrugada desta ter\u00e7a-feira, ap\u00f3s sentir dores de cabe\u00e7a, segundo informou boletim divulgado pelo Hospital S\u00edrio-Liban\u00eas. Uma resson\u00e2ncia magn\u00e9tica identificou uma hemorragia intracraniana, decorrente do acidente domiciliar sofrido em outubro. Lula foi submetido a uma craniotomia para drenagem do hematoma.\n<\/p>\n<p>O presidente est\u00e1 internado na UTI e \u201cencontra-se bem\u201d, informou o hospital. Alckmin iria participar de evento de lan\u00e7amento da escola Latam \u2013 Mec\u00e2nicos em S\u00e3o Carlos (SP) \u00e0s 9h. Mas, diante da situa\u00e7\u00e3o, a assessoria de imprensa do vice-presidente confirmou que ele est\u00e1 retornando a Bras\u00edlia para cumprir as agendas com Fico. Pela agenda da presid\u00eancia da Rep\u00fablica divulgada na noite de segunda-feira\u00a0 (9), a cerim\u00f4nia de chegada de Fico no Planalto est\u00e1 prevista para as 11h. \u00c0s 11h20, est\u00e1 programada uma reuni\u00e3o bilateral. J\u00e1 \u00e0s 12h20, ser\u00e1 a assinatura de atos entre ambos, seguida de uma declara\u00e7\u00e3o \u00e0 imprensa \u00e0s 12h30. \u00c0s 13h, o governo brasileiro oferecer\u00e1 um almo\u00e7o ao primeiro-ministro no Pal\u00e1cio Itamaraty.<\/p>\n<p>\u00a0<\/p>\n<p><em>*Com informa\u00e7\u00f5es do Estad\u00e3o Conte\u00fado<\/em><\/p>\n<\/p><\/div>\n<p>                        <!-- Scripts para conteudo --><\/p>\n<p>            <!-- .\/Scripts para conteudo --><br \/>\n            <!-- .\/Mat\u00e9ria --><\/p>\n<div class=\"row mt-3\">\n<div class=\"col-sm-6\">\n                <!-- Whatsapp channel 3--><br \/>\n                <a href=\"https:\/\/chat.whatsapp.com\/J6hwSKYns5B0XFowx2wZ0P\" target=\"_blank\"><br \/>\n                  <img decoding=\"async\" src=\"https:\/\/diariodobrasilnoticias.com.br\/assets-site\/images\/bot_whatsapp.png\"\/><\/a>\n              <\/div>\n<div class=\"col-sm-6\">\n                <a href=\"https:\/\/t.me\/+_4gTmi5LKo03OTM5\" target=\"_blank\"><br \/>\n                  <img decoding=\"async\" src=\"https:\/\/diariodobrasilnoticias.com.br\/assets-site\/images\/bot_telegram.png\"\/><\/a>\n              <\/div>\n<\/p><\/div>\n<p>            <!-- end post-navigation --><\/p>\n<p>              <!-- end row --><\/p>\n<p>              <!-- end col-12-->\n                      <\/div>\n<p><br \/>\n<br \/><a href=\"https:\/\/diariodobrasilnoticias.com.br\/noticia\/alckmin-liderara-as-agendas-com-o-primeiro-ministro-da-eslovaquia-apos-a-cirurgia-de-lula-675837fe9cfd8\">Source link <\/a><\/p>","protected":false},"excerpt":{"rendered":"<p>Ricardo Stuckert\/PR\/Divulga\u00e7\u00e3o O vice-presidente da Rep\u00fablica, Geraldo Alckmin, ir\u00e1 assumir as agendas com o primeiro-ministro da Eslov\u00e1quia, Robert Fico, nesta ter\u00e7a-feira (10) diante da aus\u00eancia do presidente Luiz In\u00e1cio Lula&hellip;<\/p>","protected":false},"author":1,"featured_media":73977,"comment_status":"closed","ping_status":"open","sticky":false,"template":"","format":"standard","meta":{"content-type":"","footnotes":""},"categories":[16],"tags":[123,2448,5313,1267],"class_list":["post-73976","post","type-post","status-publish","format-standard","has-post-thumbnail","hentry","category-noticias","tag-brasil","tag-diario","tag-noticia","tag-noticias"],"_links":{"self":[{"href":"https:\/\/tvbrazilusa.com\/pt\/wp-json\/wp\/v2\/posts\/73976","targetHints":{"allow":["GET"]}}],"collection":[{"href":"https:\/\/tvbrazilusa.com\/pt\/wp-json\/wp\/v2\/posts"}],"about":[{"href":"https:\/\/tvbrazilusa.com\/pt\/wp-json\/wp\/v2\/types\/post"}],"author":[{"embeddable":true,"href":"https:\/\/tvbrazilusa.com\/pt\/wp-json\/wp\/v2\/users\/1"}],"replies":[{"embeddable":true,"href":"https:\/\/tvbrazilusa.com\/pt\/wp-json\/wp\/v2\/comments?post=73976"}],"version-history":[{"count":1,"href":"https:\/\/tvbrazilusa.com\/pt\/wp-json\/wp\/v2\/posts\/73976\/revisions"}],"predecessor-version":[{"id":73978,"href":"https:\/\/tvbrazilusa.com\/pt\/wp-json\/wp\/v2\/posts\/73976\/revisions\/73978"}],"wp:featuredmedia":[{"embeddable":true,"href":"https:\/\/tvbrazilusa.com\/pt\/wp-json\/wp\/v2\/media\/73977"}],"wp:attachment":[{"href":"https:\/\/tvbrazilusa.com\/pt\/wp-json\/wp\/v2\/media?parent=73976"}],"wp:term":[{"taxonomy":"category","embeddable":true,"href":"https:\/\/tvbrazilusa.com\/pt\/wp-json\/wp\/v2\/categories?post=73976"},{"taxonomy":"post_tag","embeddable":true,"href":"https:\/\/tvbrazilusa.com\/pt\/wp-json\/wp\/v2\/tags?post=73976"}],"curies":[{"name":"wp","href":"https:\/\/api.w.org\/{rel}","templated":true}]}}