{"id":73984,"date":"2024-12-10T15:20:27","date_gmt":"2024-12-10T15:20:27","guid":{"rendered":"https:\/\/tvbrazilusa.com\/2024\/12\/10\/operacao-mira-roubo-de-cargas-e-veiculos-na-baixada-fernandinho-beira-mar-e-alvo-de-buscas-em-presidio\/"},"modified":"2024-12-10T15:20:31","modified_gmt":"2024-12-10T15:20:31","slug":"operacao-mira-roubo-de-cargas-e-veiculos-na-baixada-fernandinho-beira-mar-e-alvo-de-buscas-em-presidio","status":"publish","type":"post","link":"https:\/\/tvbrazilusa.com\/pt\/2024\/12\/10\/operacao-mira-roubo-de-cargas-e-veiculos-na-baixada-fernandinho-beira-mar-e-alvo-de-buscas-em-presidio\/","title":{"rendered":"Opera\u00e7\u00e3o mira roubo de cargas e ve\u00edculos na Baixada; Fernandinho Beira-Mar \u00e9 alvo de buscas em pres\u00eddio"},"content":{"rendered":"<p> <script async src=\"https:\/\/pagead2.googlesyndication.com\/pagead\/js\/adsbygoogle.js?client=ca-pub-8864793242727901\"\r\n     crossorigin=\"anonymous\"><\/script><br \/>\n<\/p>\n<div>\n<figure class=\"post-image\">\n<\/figure>\n<p>            <span style=\"font-size: 12px\"> Foto: Brunno Dantas\/TJRJ<\/span><\/p>\n<p>            <!-- end metas --><br \/>\n            <!-- ADS --><\/p>\n<div id=\"taboola-read-more\" style=\"display:block; width:100%\">\n<p>Policiais civis da 60\u00aa DP (Campos El\u00edseos) e promotores do Grupo de Atua\u00e7\u00e3o Especial de Combate ao Crime Organizado (Gaeco\/MPRJ), com apoio da Pol\u00edcia Militar, iniciaram, nesta ter\u00e7a-feira (10), uma opera\u00e7\u00e3o contra uma quadrilha que atua em roubos de cargas na Baixada Fluminense. O preju\u00edzo estimado \u00e9 de cerca de R$ 4 milh\u00f5es.\n<\/p>\n<p>Um dos alvos \u00e9 Luiz Fernando da Costa, o Fernandinho Beira-Mar, apontado pelo MP como o chefe da organiza\u00e7\u00e3o criminosa. Um mandado de busca e apreens\u00e3o est\u00e1 sendo cumprido no Pres\u00eddio Federal de Catanduvas, onde o traficante est\u00e1 preso desde mar\u00e7o desse ano. Essa \u00e9 a 5\u00aa passagem dele pelo pres\u00eddio de seguran\u00e7a m\u00e1xima (veja outros detalhes mais abaixo).<\/p>\n<p>\u201cO denunciado LUIZ FERNANDO DA COSTA, vulgo \u2018FERNANDINHO BEIRA-MAR\u2019, encontra-se preso h\u00e1 d\u00e9cadas, como uma verdadeira enciclop\u00e9dia criminal, contendo 89 (oitenta e nove) anota\u00e7\u00f5es criminais no Portal de Seguran\u00e7a e ainda assim, exerce soberania sobre os criminosos que lhes s\u00e3o subordinados, mantendo seus redutos, atrav\u00e9s do imp\u00e9rio do medo, sendo a principal lideran\u00e7a nas Comunidades Parque das Miss\u00f5es e Jardim Ana Clara, em Duque de Caxias\u201d, diz a den\u00fancia do MP.\n<\/p>\n<p>At\u00e9 a \u00faltima atualiza\u00e7\u00e3o desta reportagem, havia registro de 1 preso.\n<\/p>\n<p>A a\u00e7\u00e3o faz parte da 2\u00aa fase da Opera\u00e7\u00e3o Torniquete, que tem como objetivo reprimir roubos, furtos e recepta\u00e7\u00e3o de cargas e de ve\u00edculos.\n<\/p>\n<div id=\"chunk-f508u\">\n<div class=\"mc-column content-text active-extra-styles\" data-block-type=\"unstyled\" data-block-weight=\"39\" data-block-id=\"11\">\n<p class=\"content-text__container\" data-track-category=\"Link no Texto\" data-track-links=\"\" data-mrf-recirculation=\"Artigo - Links Texto\">Os delitos financiam as atividades das fac\u00e7\u00f5es criminosas, disputas territoriais e garantem pagamentos a familiares dos integrantes da quadrilha, estejam eles detidos ou em liberdade.\u00a0<strong>Desde setembro<\/strong>, j\u00e1 s\u00e3o\u00a0<strong>mais de 240 presos<\/strong>, al\u00e9m de ve\u00edculos e cargas recuperados.\n<\/p>\n<\/div>\n<\/div>\n<div id=\"chunk-3duhr\">\n<div class=\"mc-column content-text active-extra-styles\" data-block-type=\"unstyled\" data-block-weight=\"54\" data-block-id=\"12\">\n<p class=\"content-text__container\" data-track-category=\"Link no Texto\" data-track-links=\"\" data-mrf-recirculation=\"Artigo - Links Texto\">As investiga\u00e7\u00f5es comprovaram que integrantes de uma organiza\u00e7\u00e3o criminosa, aliados a ladr\u00f5es de carga, foram respons\u00e1veis por cometer dezenas de roubos de carga em vias expressas. O grupo \u2014 oriundo das comunidades Cangulo, Rua Sete, Jardim Ana Clara e Parque das Miss\u00f5es \u2014 atua na Avenida Brasil, na Rodovia Washington Luis e na Rio-Mag\u00e9.\n<\/p>\n<\/div>\n<\/div>\n<div id=\"chunk-1dv8v\">\n<div class=\"mc-column content-text active-extra-styles\" data-block-type=\"unstyled\" data-block-weight=\"35\" data-block-id=\"13\">\n<p class=\"content-text__container\" data-track-category=\"Link no Texto\" data-track-links=\"\" data-mrf-recirculation=\"Artigo - Links Texto\">Os agentes conseguiram delimitar toda a estrutura hier\u00e1rquica do bando, que utiliza armamento e aparelho bloqueador de sinais fornecidos pela fac\u00e7\u00e3o. Em troca, 50% da renda obtida com os roubos eram repassadas \u00e0 organiza\u00e7\u00e3o criminosa.\n<\/p>\n<\/div>\n<\/div>\n<div id=\"chunk-cd6i6\">\n<div class=\"mc-column content-text active-extra-styles\" data-block-type=\"unstyled\" data-block-weight=\"35\" data-block-id=\"14\">\n<p class=\"content-text__container\" data-track-category=\"Link no Texto\" data-track-links=\"\" data-mrf-recirculation=\"Artigo - Links Texto\">Ao todo, s\u00e3o 28 alvos de busca e apreens\u00e3o \u2014 11 deles est\u00e3o presos. Os mandados s\u00e3o cumpridos em 6 pres\u00eddios, sendo 5 no Rio de Janeiro e 1 na unidade federal no Paran\u00e1.\n<\/p>\n<\/div>\n<\/div>\n<div id=\"chunk-94vf\">\n<div class=\"mc-column content-text active-extra-styles\" data-block-type=\"raw\" data-block-weight=\"72\" data-block-id=\"16\">\n<p class=\"content-text__container\" data-mrf-recirculation=\"Artigo - Links Texto\">\u00a0\n<\/p>\n<ol class=\"content-ordered-list theme-ordered-list-color-primary\">\n<li>Luiz Fernando da Costa, o Fernandinho Beira-Mar: Pres\u00eddio Federal de Catanduvas, no Paran\u00e1;<\/li>\n<li>Cristiano Greg\u00f3rio de Lucena, o Z\u00e9 Galinha: Penitenci\u00e1ria Moniz Sodr\u00e9;<\/li>\n<li>Marcus Vinicius Gomes dos Santos, o TBR ou Tubar\u00e3o: Penitenci\u00e1ria Moniz Sodr\u00e9;<\/li>\n<li>Hugo da Cunha Carvalho, o Cesar ou Abra\u00e3o: Cadeia P\u00fablica Jorge Santana;<\/li>\n<li>Lucas de Oliveira Silva, o LC ou Para\u00edba: Pres\u00eddio Pedro Mello da Silva;<\/li>\n<li>Marcos Vin\u00edcius dos Santos Silva, o Chocolate: Cadeia P\u00fablica Paulo Roberto Rocha.<\/li>\n<\/ol>\n<p>Fonte: g1\n<\/p>\n<\/div>\n<\/div><\/div>\n<p>                        <!-- Scripts para conteudo --><\/p>\n<p>            <!-- .\/Scripts para conteudo --><br \/>\n            <!-- .\/Mat\u00e9ria --><\/p>\n<div class=\"row mt-3\">\n<div class=\"col-sm-6\">\n                <!-- Whatsapp channel 3--><br \/>\n                <a href=\"https:\/\/chat.whatsapp.com\/J6hwSKYns5B0XFowx2wZ0P\" target=\"_blank\"><br \/>\n                  <img decoding=\"async\" src=\"https:\/\/diariodobrasilnoticias.com.br\/assets-site\/images\/bot_whatsapp.png\"\/><\/a>\n              <\/div>\n<div class=\"col-sm-6\">\n                <a href=\"https:\/\/t.me\/+_4gTmi5LKo03OTM5\" target=\"_blank\"><br \/>\n                  <img decoding=\"async\" src=\"https:\/\/diariodobrasilnoticias.com.br\/assets-site\/images\/bot_telegram.png\"\/><\/a>\n              <\/div>\n<\/p><\/div>\n<p>            <!-- end post-navigation --><\/p>\n<p>              <!-- end row --><\/p>\n<p>              <!-- end col-12-->\n                      <\/div>\n<p><br \/>\n<br \/><a href=\"https:\/\/diariodobrasilnoticias.com.br\/noticia\/operacao-mira-roubo-de-cargas-e-veiculos-na-baixada-fernandinho-beira-mar-e-alvo-de-buscas-em-presidio-67583bd152fe2\">Source link <\/a><\/p>","protected":false},"excerpt":{"rendered":"<p>Foto: Brunno Dantas\/TJRJ Policiais civis da 60\u00aa DP (Campos El\u00edseos) e promotores do Grupo de Atua\u00e7\u00e3o Especial de Combate ao Crime Organizado (Gaeco\/MPRJ), com apoio da Pol\u00edcia Militar, iniciaram, nesta&hellip;<\/p>","protected":false},"author":1,"featured_media":73985,"comment_status":"closed","ping_status":"open","sticky":false,"template":"","format":"standard","meta":{"content-type":"","footnotes":""},"categories":[16],"tags":[123,2448,5313,1267],"class_list":["post-73984","post","type-post","status-publish","format-standard","has-post-thumbnail","hentry","category-noticias","tag-brasil","tag-diario","tag-noticia","tag-noticias"],"_links":{"self":[{"href":"https:\/\/tvbrazilusa.com\/pt\/wp-json\/wp\/v2\/posts\/73984","targetHints":{"allow":["GET"]}}],"collection":[{"href":"https:\/\/tvbrazilusa.com\/pt\/wp-json\/wp\/v2\/posts"}],"about":[{"href":"https:\/\/tvbrazilusa.com\/pt\/wp-json\/wp\/v2\/types\/post"}],"author":[{"embeddable":true,"href":"https:\/\/tvbrazilusa.com\/pt\/wp-json\/wp\/v2\/users\/1"}],"replies":[{"embeddable":true,"href":"https:\/\/tvbrazilusa.com\/pt\/wp-json\/wp\/v2\/comments?post=73984"}],"version-history":[{"count":1,"href":"https:\/\/tvbrazilusa.com\/pt\/wp-json\/wp\/v2\/posts\/73984\/revisions"}],"predecessor-version":[{"id":73986,"href":"https:\/\/tvbrazilusa.com\/pt\/wp-json\/wp\/v2\/posts\/73984\/revisions\/73986"}],"wp:featuredmedia":[{"embeddable":true,"href":"https:\/\/tvbrazilusa.com\/pt\/wp-json\/wp\/v2\/media\/73985"}],"wp:attachment":[{"href":"https:\/\/tvbrazilusa.com\/pt\/wp-json\/wp\/v2\/media?parent=73984"}],"wp:term":[{"taxonomy":"category","embeddable":true,"href":"https:\/\/tvbrazilusa.com\/pt\/wp-json\/wp\/v2\/categories?post=73984"},{"taxonomy":"post_tag","embeddable":true,"href":"https:\/\/tvbrazilusa.com\/pt\/wp-json\/wp\/v2\/tags?post=73984"}],"curies":[{"name":"wp","href":"https:\/\/api.w.org\/{rel}","templated":true}]}}