{"id":73992,"date":"2024-12-10T15:33:25","date_gmt":"2024-12-10T15:33:25","guid":{"rendered":"https:\/\/tvbrazilusa.com\/2024\/12\/10\/chuvas-e-frente-fria-se-aproximam-da-regiao-sudeste\/"},"modified":"2024-12-10T15:33:27","modified_gmt":"2024-12-10T15:33:27","slug":"chuvas-e-frente-fria-se-aproximam-da-regiao-sudeste","status":"publish","type":"post","link":"https:\/\/tvbrazilusa.com\/pt\/2024\/12\/10\/chuvas-e-frente-fria-se-aproximam-da-regiao-sudeste\/","title":{"rendered":"Chuvas e frente fria se aproximam da regi\u00e3o Sudeste"},"content":{"rendered":"<p> <script async src=\"https:\/\/pagead2.googlesyndication.com\/pagead\/js\/adsbygoogle.js?client=ca-pub-8864793242727901\"\r\n     crossorigin=\"anonymous\"><\/script><br \/>\n<\/p>\n<div id=\"taboola-read-more\" style=\"display:block; width:100%\">\n<p>A previs\u00e3o do tempo para esta ter\u00e7a-feira (10) alerta para\u00a0<strong><a href=\"http:\/\/jovempan.com.br\/tag\/chuvas\">chuvas<\/a><\/strong>\u00a0intensas em v\u00e1rias regi\u00f5es do Brasil. A cidade de S\u00e3o Paulo amanheceu sob chuva, conforme previsto, e essa condi\u00e7\u00e3o deve persistir ao longo do dia. O estado de S\u00e3o Paulo, juntamente com Rio de Janeiro e Minas Gerais, est\u00e1 sob a influ\u00eancia de um sistema de baixa press\u00e3o atmosf\u00e9rica combinado com uma frente fria, resultando em precipita\u00e7\u00f5es frequentes e volumosas. A regi\u00e3o metropolitana de S\u00e3o Paulo deve permanecer em alerta para chuvas intensas, que podem causar transtornos.\n<\/p>\n<p>No sul do pa\u00eds, o Paran\u00e1 j\u00e1 registrou acumulados superiores a 200 mm em algumas \u00e1reas entre s\u00e1bado e domingo, e a previs\u00e3o \u00e9 de que as chuvas fortes continuem. Santa Catarina, especialmente o Vale do Itaja\u00ed, tamb\u00e9m deve se preparar para precipita\u00e7\u00f5es significativas. No Nordeste, \u00e1reas do oeste do Maranh\u00e3o, norte do Tocantins, leste do Par\u00e1 e boa parte do Amazonas podem enfrentar chuvas mais fortes e frequentes. O mapa de chuvas indica que dezembro ser\u00e1 um m\u00eas chuvoso, com destaque para a regi\u00e3o Sudeste, que deve se preparar para um per\u00edodo de instabilidade clim\u00e1tica nesse final de ano.<\/p>\n<p>As temperaturas variam pelo pa\u00eds, com a m\u00e1xima em\u00a0<strong><a href=\"http:\/\/jovempan.com.br\/tag\/sao-paulo\">S\u00e3o Paulo<\/a><\/strong>\u00a0n\u00e3o ultrapassando os 25\u00baC, uma queda em rela\u00e7\u00e3o aos dias anteriores. Porto Alegre tamb\u00e9m registra 25\u00baC, enquanto Campo Grande chega a 32\u00baC e Cuiab\u00e1 a 34\u00baC. Manaus deve atingir 29\u00baC. Apesar das chuvas, algumas \u00e1reas do Brasil mant\u00eam temperaturas mais elevadas, o que pode favorecer a continuidade das precipita\u00e7\u00f5es. No Sudeste, os sistemas atmosf\u00e9ricos continuam a provocar instabilidades, mantendo o clima chuvoso e as temperaturas amenas.\n<\/p>\n<p>*<em>Com informa\u00e7\u00f5es de Paula Nobre\u00a0<\/em>\n<\/p>\n<p>Fonte: Jovem Pan              <\/p>\n<\/div>\n<p><br \/>\n<br \/><a href=\"https:\/\/diariodobrasilnoticias.com.br\/noticia\/chuvas-e-frente-fria-se-aproximam-da-regiao-sudeste-675838c3acf4a\">Source link <\/a><\/p>","protected":false},"excerpt":{"rendered":"<p>A previs\u00e3o do tempo para esta ter\u00e7a-feira (10) alerta para\u00a0chuvas\u00a0intensas em v\u00e1rias regi\u00f5es do Brasil. A cidade de S\u00e3o Paulo amanheceu sob chuva, conforme previsto, e essa condi\u00e7\u00e3o deve persistir&hellip;<\/p>","protected":false},"author":1,"featured_media":73993,"comment_status":"closed","ping_status":"open","sticky":false,"template":"","format":"standard","meta":{"content-type":"","footnotes":""},"categories":[16],"tags":[123,2448,5313,1267],"class_list":["post-73992","post","type-post","status-publish","format-standard","has-post-thumbnail","hentry","category-noticias","tag-brasil","tag-diario","tag-noticia","tag-noticias"],"_links":{"self":[{"href":"https:\/\/tvbrazilusa.com\/pt\/wp-json\/wp\/v2\/posts\/73992","targetHints":{"allow":["GET"]}}],"collection":[{"href":"https:\/\/tvbrazilusa.com\/pt\/wp-json\/wp\/v2\/posts"}],"about":[{"href":"https:\/\/tvbrazilusa.com\/pt\/wp-json\/wp\/v2\/types\/post"}],"author":[{"embeddable":true,"href":"https:\/\/tvbrazilusa.com\/pt\/wp-json\/wp\/v2\/users\/1"}],"replies":[{"embeddable":true,"href":"https:\/\/tvbrazilusa.com\/pt\/wp-json\/wp\/v2\/comments?post=73992"}],"version-history":[{"count":1,"href":"https:\/\/tvbrazilusa.com\/pt\/wp-json\/wp\/v2\/posts\/73992\/revisions"}],"predecessor-version":[{"id":73994,"href":"https:\/\/tvbrazilusa.com\/pt\/wp-json\/wp\/v2\/posts\/73992\/revisions\/73994"}],"wp:featuredmedia":[{"embeddable":true,"href":"https:\/\/tvbrazilusa.com\/pt\/wp-json\/wp\/v2\/media\/73993"}],"wp:attachment":[{"href":"https:\/\/tvbrazilusa.com\/pt\/wp-json\/wp\/v2\/media?parent=73992"}],"wp:term":[{"taxonomy":"category","embeddable":true,"href":"https:\/\/tvbrazilusa.com\/pt\/wp-json\/wp\/v2\/categories?post=73992"},{"taxonomy":"post_tag","embeddable":true,"href":"https:\/\/tvbrazilusa.com\/pt\/wp-json\/wp\/v2\/tags?post=73992"}],"curies":[{"name":"wp","href":"https:\/\/api.w.org\/{rel}","templated":true}]}}