{"id":74004,"date":"2024-12-10T15:45:14","date_gmt":"2024-12-10T15:45:14","guid":{"rendered":"https:\/\/tvbrazilusa.com\/2024\/12\/10\/jamie-foxx-revela-que-sofreu-um-sangramento-cerebral-e-um-derrame-diz-nao-me-lembro-de-20-dias-wsvn-7news-noticias-de-miami-clima-esportes-fort-lauderdale\/"},"modified":"2024-12-10T15:49:25","modified_gmt":"2024-12-10T15:49:25","slug":"jamie-foxx-revela-que-sofreu-um-sangramento-cerebral-e-um-derrame-diz-nao-me-lembro-de-20-dias-wsvn-7news-noticias-de-miami-clima-esportes-fort-lauderdale","status":"publish","type":"post","link":"https:\/\/tvbrazilusa.com\/pt\/2024\/12\/10\/jamie-foxx-revela-que-sofreu-um-sangramento-cerebral-e-um-derrame-diz-nao-me-lembro-de-20-dias-wsvn-7news-noticias-de-miami-clima-esportes-fort-lauderdale\/","title":{"rendered":"Jamie Foxx revela que sofreu um sangramento cerebral e um derrame, diz &#8216;N\u00e3o me lembro de 20 dias&#8217; &#8211; WSVN 7News | Not\u00edcias de Miami, clima, esportes | Fort Lauderdale"},"content":{"rendered":"<p> <script async src=\"https:\/\/pagead2.googlesyndication.com\/pagead\/js\/adsbygoogle.js?client=ca-pub-8864793242727901\"\r\n     crossorigin=\"anonymous\"><\/script><br \/>\n<\/p>\n<div itemprop=\"articleBody\">\n<p><strong>(CNN) &#8211; <\/strong>O ator vencedor do Oscar Jamie Foxx falou sobre a emerg\u00eancia m\u00e9dica que enfrentou no ano passado, revelando que teve um sangramento cerebral que levou a um derrame.<\/p>\n<p>A estrela de Hollywood detalhou as dificuldades que enfrentou com sua sa\u00fade no ano passado em um especial da Netflix lan\u00e7ado na ter\u00e7a-feira intitulado: \u201cJamie Foxx: What Had Happened Was\u201d.<\/p>\n<p>\u201c\u00c9 um mist\u00e9rio\u201d, disse ele. \u201cAinda n\u00e3o sabemos exatamente o que aconteceu comigo.\u201d<\/p>\n<p>\u201cNo dia 11 de abril, eu estava com uma forte dor de cabe\u00e7a e pedi uma aspirina ao meu filho. E percebi rapidamente que quando voc\u00ea est\u00e1 em uma emerg\u00eancia m\u00e9dica, seus meninos n\u00e3o sabem o que fazer\u201d, disse ele.<\/p>\n<p>\u201cAntes de conseguir a aspirina, sa\u00ed\u201d, disse ele. \u201cN\u00e3o me lembro de 20 dias.\u201d<\/p>\n<p>Foxx agradeceu a sua irm\u00e3, que ele disse ter \u201c4 p\u00e9s 11 de nada al\u00e9m de puro amor\u201d, por lev\u00e1-lo por Atlanta para encontrar um hospital.<\/p>\n<p>Eles acabaram no Hospital Piedmont, onde um m\u00e9dico lhes disse que Foxx estava tendo um sangramento cerebral que causou um derrame e que ele morreria sem ser operado, disse o ator.<\/p>\n<p>Ap\u00f3s a opera\u00e7\u00e3o, os m\u00e9dicos disseram que Foxx poder\u00e1 se recuperar totalmente \u201cmas ser\u00e1 o pior ano de sua vida\u201d, contou Foxx.<\/p>\n<p>A fam\u00edlia de Foxx o manteve fora dos olhos do p\u00fablico porque ele estava \u201ct\u00e3o tonto\u201d que sua cabe\u00e7a balan\u00e7ava e sua filha estava preocupada que as pessoas o transformassem em um meme da internet se vissem sua condi\u00e7\u00e3o, disse ele.<\/p>\n<p>No dia 4 de maio, ele se lembra de ter acordado em uma cadeira de rodas e n\u00e3o conseguir andar, e de ter reagido em estado de choque quando seu amigo lhe contou que havia sofrido um derrame.<\/p>\n<p>\u201cJamie Foxx n\u00e3o sofre derrames\u201d, o ator se lembra de ter dito.<\/p>\n<p>Ele foi ent\u00e3o levado de avi\u00e3o para Chicago para reabilita\u00e7\u00e3o, onde disse que foi instru\u00eddo a abandonar o ato \u201carrogante\u201d se quisesse se recuperar totalmente.<\/p>\n<p>O ator foi hospitalizado em abril de 2023 ap\u00f3s passar por uma crise de sa\u00fade n\u00e3o revelada durante as filmagens de um filme da Netflix em Atlanta.<\/p>\n<p>No momento de sua hospitaliza\u00e7\u00e3o, sua filha Corinne Foxx disse nas redes sociais que seu pai havia sofrido uma \u201ccomplica\u00e7\u00e3o m\u00e9dica\u201d, mas as pessoas pr\u00f3ximas a ele permaneceram caladas sobre a condi\u00e7\u00e3o do ator, de acordo com sua propens\u00e3o \u00e0 privacidade.<\/p>\n<p>Em julho de 2023, Foxx postou uma atualiza\u00e7\u00e3o de v\u00eddeo no Instagram em que abordava as especula\u00e7\u00f5es sobre o que levou \u00e0 sua interna\u00e7\u00e3o, embora n\u00e3o tenha revelado detalhes do ocorrido.<\/p>\n<p>\u201cEu sei que muitas pessoas estavam esperando ou querendo saber das atualiza\u00e7\u00f5es, mas para ser honesto com voc\u00ea, eu simplesmente n\u00e3o queria que voc\u00ea me visse assim, cara\u201d, disse ele no v\u00eddeo. \u201cQuero que voc\u00ea me veja rindo, me divertindo, festejando, contando uma piada, fazendo um filme, um programa de televis\u00e3o. Eu n\u00e3o queria que voc\u00ea me visse com tubos saindo de mim e tentando descobrir se eu conseguiria sobreviver.<\/p>\n<p>Foxx compartilhou outra atualiza\u00e7\u00e3o de sa\u00fade em suas redes sociais verificadas em agosto de 2023.<\/p>\n<p>\u201cVoc\u00ea est\u00e1 olhando para um homem que est\u00e1 agradecido\u2026 finalmente come\u00e7ando a se sentir eu mesmo\u2026\u201d ele escreveu na \u00e9poca. \u201cFoi uma jornada inesperada e sombria\u2026 mas posso ver a luz.\u201d<\/p>\n<p>No ver\u00e3o passado, em um v\u00eddeo compartilhado no TikTok, o ator de \u201cRay\u201d disse a uma multid\u00e3o de simpatizantes que seu problema come\u00e7ou com uma \u201cforte dor de cabe\u00e7a\u201d e depois \u201cdesapareceu por 20 dias\u201d. Nesse v\u00eddeo, ele foi visto compartilhando que n\u00e3o \u201cse lembrava de nada\u201d.<\/p>\n<p><em>The-CNN-Wire\u2122 e \u00a9 2024 Cable News Network, Inc., uma empresa da Time Warner. Todos os direitos reservados.<\/em><\/p>\n<div class=\"wp-block-newsletter\">\n\t<strong class=\"wp-block-newsletter__title\">Cadastre-se em nosso boletim informativo para receber as \u00faltimas not\u00edcias diretamente em sua caixa de entrada<\/strong><\/p>\n<\/div><\/div>\n<p><br \/>\n<br \/><a href=\"https:\/\/wsvn.com\/entertainment\/jamie-foxx-reveals-he-suffered-a-brain-bleed-and-a-stroke-says-i-dont-remember-20-days\/\">Source link <\/a><\/p>","protected":false},"excerpt":{"rendered":"<p>(CNN) &#8211; O ator vencedor do Oscar Jamie Foxx falou sobre a emerg\u00eancia m\u00e9dica que enfrentou no ano passado, revelando que teve um sangramento cerebral que levou a um derrame.&hellip;<\/p>","protected":false},"author":1,"featured_media":74005,"comment_status":"closed","ping_status":"open","sticky":false,"template":"","format":"standard","meta":{"content-type":"","footnotes":""},"categories":[1],"tags":[],"class_list":["post-74004","post","type-post","status-publish","format-standard","has-post-thumbnail","hentry","category-uncategorized"],"_links":{"self":[{"href":"https:\/\/tvbrazilusa.com\/pt\/wp-json\/wp\/v2\/posts\/74004","targetHints":{"allow":["GET"]}}],"collection":[{"href":"https:\/\/tvbrazilusa.com\/pt\/wp-json\/wp\/v2\/posts"}],"about":[{"href":"https:\/\/tvbrazilusa.com\/pt\/wp-json\/wp\/v2\/types\/post"}],"author":[{"embeddable":true,"href":"https:\/\/tvbrazilusa.com\/pt\/wp-json\/wp\/v2\/users\/1"}],"replies":[{"embeddable":true,"href":"https:\/\/tvbrazilusa.com\/pt\/wp-json\/wp\/v2\/comments?post=74004"}],"version-history":[{"count":1,"href":"https:\/\/tvbrazilusa.com\/pt\/wp-json\/wp\/v2\/posts\/74004\/revisions"}],"predecessor-version":[{"id":74006,"href":"https:\/\/tvbrazilusa.com\/pt\/wp-json\/wp\/v2\/posts\/74004\/revisions\/74006"}],"wp:featuredmedia":[{"embeddable":true,"href":"https:\/\/tvbrazilusa.com\/pt\/wp-json\/wp\/v2\/media\/74005"}],"wp:attachment":[{"href":"https:\/\/tvbrazilusa.com\/pt\/wp-json\/wp\/v2\/media?parent=74004"}],"wp:term":[{"taxonomy":"category","embeddable":true,"href":"https:\/\/tvbrazilusa.com\/pt\/wp-json\/wp\/v2\/categories?post=74004"},{"taxonomy":"post_tag","embeddable":true,"href":"https:\/\/tvbrazilusa.com\/pt\/wp-json\/wp\/v2\/tags?post=74004"}],"curies":[{"name":"wp","href":"https:\/\/api.w.org\/{rel}","templated":true}]}}