{"id":74019,"date":"2024-12-10T16:15:08","date_gmt":"2024-12-10T16:15:08","guid":{"rendered":"https:\/\/tvbrazilusa.com\/2024\/12\/10\/saiba-como-sera-as-proximas-48h-de-lula-segundo-medico\/"},"modified":"2024-12-10T16:15:10","modified_gmt":"2024-12-10T16:15:10","slug":"saiba-como-sera-as-proximas-48h-de-lula-segundo-medico","status":"publish","type":"post","link":"https:\/\/tvbrazilusa.com\/pt\/2024\/12\/10\/saiba-como-sera-as-proximas-48h-de-lula-segundo-medico\/","title":{"rendered":"Saiba como ser\u00e1 as pr\u00f3ximas 48h de Lula, segundo m\u00e9dico"},"content":{"rendered":"<p> <script async src=\"https:\/\/pagead2.googlesyndication.com\/pagead\/js\/adsbygoogle.js?client=ca-pub-8864793242727901\"\r\n     crossorigin=\"anonymous\"><\/script><br \/>\n<\/p>\n<div id=\"taboola-read-more\" style=\"display:block; width:100%\">\n<p>A equipe m\u00e9dica informou, nesta ter\u00e7a-feira (10), que o presidente Luiz In\u00e1cio Lula da Silva vai ficar internado por 48 horas na UTI do hospital localizado em S\u00e3o Paulo. Mais cedo, Lula passou por uma cirurgia de emerg\u00eancia para drenagem de um hematoma. A previs\u00e3o \u00e9 que o petista retorne para a capital federal no in\u00edcio da pr\u00f3xima semana. Os m\u00e9dicos afirmam tamb\u00e9m que n\u00e3o h\u00e1 les\u00f5es cerebrais.\n<\/p>\n<p class=\"dark:base-text-neutral-high-400 base-text-[calc(theme(fontSize.xs)_*_var(--font-size,_1))] base-font-normal base-font-primary base-text-neutral-low-500 base-text-left\"><span class=\"b-article-body__text\">\u201cN\u00e3o tem visitantes. A primeira-dama acompanhou de Bras\u00edlia at\u00e9 aqui e \u00e9 a \u00fanica acompanhante. O tempo de interna\u00e7\u00e3o, se tudo correr bem, como est\u00e1 correndo, ele deve retornar a Bras\u00edlia no come\u00e7o da pr\u00f3xima semana\u201d, afirmou o m\u00e9dico pessoal do presidente, Roberto Kalil Filho. O movimento na UTI \u00e9 protocolar e por precau\u00e7\u00e3o.<\/span><\/p>\n<p class=\"dark:base-text-neutral-high-400 base-text-[calc(theme(fontSize.xs)_*_var(--font-size,_1))] base-font-normal base-font-primary base-text-neutral-low-500 base-text-left\"><span class=\"b-article-body__text\">A equipe destacou que a volta das atividades laborais n\u00e3o est\u00e1 definida e ser\u00e1 avaliada durante a alta m\u00e9dica. O hematoma registrado no c\u00e9rebro do presidente \u00e9 o frontoparietal, em cima do l\u00f3bulo frontal do lado esquerdo. Lula est\u00e1 com um dreno e deve manter o equipamento entre um a tr\u00eas dias. \u201cEle est\u00e1 tranquilo, mas nada de trabalho por enquanto\u201d, disse.<\/span>\n<\/p>\n<p class=\"dark:base-text-neutral-high-400 base-text-[calc(theme(fontSize.xs)_*_var(--font-size,_1))] base-font-normal base-font-primary base-text-neutral-low-500 base-text-left\"><span class=\"b-article-body__text\">O petista sentiu dores de cabe\u00e7a e indisposi\u00e7\u00e3o durante a agenda da \u00faltima segunda-feira (9). Na sequ\u00eancia, deu entrada em um hospital privado em Bras\u00edlia e foi transferido para a unidade de S\u00e3o Paulo. Na capital paulista, passou por uma cirurgia de emerg\u00eancia para drenagem de um hematoma. O procedimento ocorreu sem intercorr\u00eancias e Lula est\u00e1 bem e sob monitoramento em leito de UTI.<\/span>\n<\/p>\n<p class=\"dark:base-text-neutral-high-400 base-text-[calc(theme(fontSize.xs)_*_var(--font-size,_1))] base-font-normal base-font-primary base-text-neutral-low-500 base-text-left\"><span class=\"b-article-body__text\">A cirurgia de Lula decorre da queda sofrida no banheiro, no Pal\u00e1cio da Alvorada, em 19 de outubro. Na ocasi\u00e3o, o acidente dom\u00e9stico resultou em um ferimento na parte de tr\u00e1s da cabe\u00e7a, que exigiu cinco pontos de sutura. Ap\u00f3s o epis\u00f3dio, diversas viagens internacionais foram canceladas por recomenda\u00e7\u00e3o m\u00e9dica. O presidente tem 78 anos.<\/span>\n<\/p>\n<p class=\"dark:base-text-neutral-high-400 base-text-[calc(theme(fontSize.xs)_*_var(--font-size,_1))] base-font-normal base-font-primary base-text-neutral-low-500 base-text-left\"><span class=\"b-article-body__text\">Fonte: r7<\/span>              <\/p>\n<\/div>\n<p><br \/>\n<br \/><a href=\"https:\/\/diariodobrasilnoticias.com.br\/noticia\/lula-vai-ficar-48-horas-na-uti-e-retorno-a-brasilia-deve-ocorrer-na-proxima-semana-diz-medico-67584bca41e74\">Source link <\/a><\/p>","protected":false},"excerpt":{"rendered":"<p>A equipe m\u00e9dica informou, nesta ter\u00e7a-feira (10), que o presidente Luiz In\u00e1cio Lula da Silva vai ficar internado por 48 horas na UTI do hospital localizado em S\u00e3o Paulo. Mais&hellip;<\/p>","protected":false},"author":1,"featured_media":74020,"comment_status":"closed","ping_status":"open","sticky":false,"template":"","format":"standard","meta":{"content-type":"","footnotes":""},"categories":[16],"tags":[123,2448,5313,1267],"class_list":["post-74019","post","type-post","status-publish","format-standard","has-post-thumbnail","hentry","category-noticias","tag-brasil","tag-diario","tag-noticia","tag-noticias"],"_links":{"self":[{"href":"https:\/\/tvbrazilusa.com\/pt\/wp-json\/wp\/v2\/posts\/74019","targetHints":{"allow":["GET"]}}],"collection":[{"href":"https:\/\/tvbrazilusa.com\/pt\/wp-json\/wp\/v2\/posts"}],"about":[{"href":"https:\/\/tvbrazilusa.com\/pt\/wp-json\/wp\/v2\/types\/post"}],"author":[{"embeddable":true,"href":"https:\/\/tvbrazilusa.com\/pt\/wp-json\/wp\/v2\/users\/1"}],"replies":[{"embeddable":true,"href":"https:\/\/tvbrazilusa.com\/pt\/wp-json\/wp\/v2\/comments?post=74019"}],"version-history":[{"count":1,"href":"https:\/\/tvbrazilusa.com\/pt\/wp-json\/wp\/v2\/posts\/74019\/revisions"}],"predecessor-version":[{"id":74021,"href":"https:\/\/tvbrazilusa.com\/pt\/wp-json\/wp\/v2\/posts\/74019\/revisions\/74021"}],"wp:featuredmedia":[{"embeddable":true,"href":"https:\/\/tvbrazilusa.com\/pt\/wp-json\/wp\/v2\/media\/74020"}],"wp:attachment":[{"href":"https:\/\/tvbrazilusa.com\/pt\/wp-json\/wp\/v2\/media?parent=74019"}],"wp:term":[{"taxonomy":"category","embeddable":true,"href":"https:\/\/tvbrazilusa.com\/pt\/wp-json\/wp\/v2\/categories?post=74019"},{"taxonomy":"post_tag","embeddable":true,"href":"https:\/\/tvbrazilusa.com\/pt\/wp-json\/wp\/v2\/tags?post=74019"}],"curies":[{"name":"wp","href":"https:\/\/api.w.org\/{rel}","templated":true}]}}