{"id":74104,"date":"2024-12-10T18:40:23","date_gmt":"2024-12-10T18:40:23","guid":{"rendered":"https:\/\/tvbrazilusa.com\/2024\/12\/10\/janja-acompanha-lula-no-hospital-apos-a-cirurgia-do-presidente\/"},"modified":"2024-12-10T18:40:24","modified_gmt":"2024-12-10T18:40:24","slug":"janja-acompanha-lula-no-hospital-apos-a-cirurgia-do-presidente","status":"publish","type":"post","link":"https:\/\/tvbrazilusa.com\/pt\/2024\/12\/10\/janja-acompanha-lula-no-hospital-apos-a-cirurgia-do-presidente\/","title":{"rendered":"Janja acompanha Lula no hospital ap\u00f3s a cirurgia do presidente"},"content":{"rendered":"<p> <script async src=\"https:\/\/pagead2.googlesyndication.com\/pagead\/js\/adsbygoogle.js?client=ca-pub-8864793242727901\"\r\n     crossorigin=\"anonymous\"><\/script><br \/>\n<\/p>\n<div id=\"taboola-read-more\" style=\"display:block; width:100%\">\n<p>A primeira-dama, Ros\u00e2ngela da Silva, a Janja, acompanha o presidente Luiz In\u00e1cio Lula da Silva (PT) no Hospital S\u00edrio-Liban\u00eas, em S\u00e3o Paulo. Lula foi submetido a uma cirurgia de emerg\u00eancia na madrugada desta ter\u00e7a-feira (10), ap\u00f3s m\u00e9dicos constatarem uma hemorragia intracraniana no chefe do Executivo.\n<\/p>\n<p>Janja tamb\u00e9m acompanhou o marido no voo de transfer\u00eancia de Bras\u00edlia para S\u00e3o Paulo. Inicialmente, Lula foi atendido na unidade do S\u00edrio-Liban\u00eas da capital federal, depois de passar mal. No local, ele realizou uma resson\u00e2ncia, que indicou o sangramento na cabe\u00e7a.<\/p>\n<p>A equipe m\u00e9dica decidiu ent\u00e3o pela transfer\u00eancia para S\u00e3o Paulo. Na capital paulista, Lula passou por uma trepana\u00e7\u00e3o \u2013 interven\u00e7\u00e3o cir\u00fargica que consiste em um pequeno furo feito no cr\u00e2nio para a inser\u00e7\u00e3o de um dreno no hematoma, que \u00e9 respons\u00e1vel por escoar o ac\u00famulo de sangue do paciente.\n<\/p>\n<p>De acordo com o m\u00e9dico pessoal do presidente, dr. Roberto Kalil Filho, e apresentador do programa CNN Sinais Vitais, a cirurgia transcorreu bem e Lula n\u00e3o teve les\u00e3o cerebral, nem apresenta sequelas.\n<\/p>\n<p>\u201cO tempo de interna\u00e7\u00e3o, se tudo ocorrer bem, como est\u00e1 ocorrendo, ele deve retornar a Bras\u00edlia no come\u00e7o da pr\u00f3xima semana. Tudo depende da evolu\u00e7\u00e3o, mas a previs\u00e3o \u00e9 que o presidente esteja em Bras\u00edlia na semana que vem\u201d, afirmou Kalil a jornalistas na manh\u00e3 de hoje.\n<\/p>\n<p>Fonte: CNN Brasil              <\/p>\n<\/div>\n<p><br \/>\n<br \/><a href=\"https:\/\/diariodobrasilnoticias.com.br\/noticia\/janja-acompanha-lula-no-hospital-apos-a-cirurgia-do-presidente-675862648bc7e\">Source link <\/a><\/p>","protected":false},"excerpt":{"rendered":"<p>A primeira-dama, Ros\u00e2ngela da Silva, a Janja, acompanha o presidente Luiz In\u00e1cio Lula da Silva (PT) no Hospital S\u00edrio-Liban\u00eas, em S\u00e3o Paulo. Lula foi submetido a uma cirurgia de emerg\u00eancia&hellip;<\/p>","protected":false},"author":1,"featured_media":74105,"comment_status":"closed","ping_status":"open","sticky":false,"template":"","format":"standard","meta":{"content-type":"","footnotes":""},"categories":[16],"tags":[123,2448,5313,1267],"class_list":["post-74104","post","type-post","status-publish","format-standard","has-post-thumbnail","hentry","category-noticias","tag-brasil","tag-diario","tag-noticia","tag-noticias"],"_links":{"self":[{"href":"https:\/\/tvbrazilusa.com\/pt\/wp-json\/wp\/v2\/posts\/74104","targetHints":{"allow":["GET"]}}],"collection":[{"href":"https:\/\/tvbrazilusa.com\/pt\/wp-json\/wp\/v2\/posts"}],"about":[{"href":"https:\/\/tvbrazilusa.com\/pt\/wp-json\/wp\/v2\/types\/post"}],"author":[{"embeddable":true,"href":"https:\/\/tvbrazilusa.com\/pt\/wp-json\/wp\/v2\/users\/1"}],"replies":[{"embeddable":true,"href":"https:\/\/tvbrazilusa.com\/pt\/wp-json\/wp\/v2\/comments?post=74104"}],"version-history":[{"count":1,"href":"https:\/\/tvbrazilusa.com\/pt\/wp-json\/wp\/v2\/posts\/74104\/revisions"}],"predecessor-version":[{"id":74106,"href":"https:\/\/tvbrazilusa.com\/pt\/wp-json\/wp\/v2\/posts\/74104\/revisions\/74106"}],"wp:featuredmedia":[{"embeddable":true,"href":"https:\/\/tvbrazilusa.com\/pt\/wp-json\/wp\/v2\/media\/74105"}],"wp:attachment":[{"href":"https:\/\/tvbrazilusa.com\/pt\/wp-json\/wp\/v2\/media?parent=74104"}],"wp:term":[{"taxonomy":"category","embeddable":true,"href":"https:\/\/tvbrazilusa.com\/pt\/wp-json\/wp\/v2\/categories?post=74104"},{"taxonomy":"post_tag","embeddable":true,"href":"https:\/\/tvbrazilusa.com\/pt\/wp-json\/wp\/v2\/tags?post=74104"}],"curies":[{"name":"wp","href":"https:\/\/api.w.org\/{rel}","templated":true}]}}