{"id":74112,"date":"2024-12-10T18:52:06","date_gmt":"2024-12-10T18:52:06","guid":{"rendered":"https:\/\/tvbrazilusa.com\/2024\/12\/10\/deputado-federal-assassinado-a-tiros\/"},"modified":"2024-12-10T18:52:09","modified_gmt":"2024-12-10T18:52:09","slug":"deputado-federal-assassinado-a-tiros","status":"publish","type":"post","link":"https:\/\/tvbrazilusa.com\/pt\/2024\/12\/10\/deputado-federal-assassinado-a-tiros\/","title":{"rendered":"Deputado federal assassinado a tiros"},"content":{"rendered":"<p> <script async src=\"https:\/\/pagead2.googlesyndication.com\/pagead\/js\/adsbygoogle.js?client=ca-pub-8864793242727901\"\r\n     crossorigin=\"anonymous\"><\/script><br \/>\n<\/p>\n<div>\n<p>Um deputado federal mexicano foi assassinado a tiros na segunda-feira no estado de Veracruz, do qual era representante, informou o Minist\u00e9rio P\u00fablico estadual.\n<\/p>\n<\/div>\n<div>\n<p>O legislador Benito Aguas Atlahua era representante do distrito 18 do munic\u00edpio de Zongolica, segundo o MP de Veracruz.<\/p>\n<\/div>\n<div>\n<p>&#8220;Infelizmente, o deputado federal Benito Aguas Atlahua faleceu devido aos ferimentos sofridos por um ataque com arma de fogo&#8221;, afirmou o MP.\n<\/p>\n<\/div>\n<div>\n<p>Ap\u00f3s o ataque, o deputado, que estava em condi\u00e7\u00e3o cr\u00edtica, foi levado a um hospital para receber atendimento m\u00e9dico.\n<\/p>\n<\/div>\n<div>\n<p>No local da agress\u00e3o, ocorrida na comunidade de Tepenacaxtla, que \u00e9 parte do munic\u00edpio de Zongolica, tamb\u00e9m foi encontrado o corpo de um homem identificado como Agust\u00edn Linares, acrescentou o Minist\u00e9rio P\u00fablico.\n<\/p>\n<\/div>\n<div>\n<p>As autoridades n\u00e3o divulgaram informa\u00e7\u00f5es sobre as circunst\u00e2ncias da agress\u00e3o ou dos poss\u00edveis criminosos.\n<\/p>\n<\/div>\n<div>\n<p>Aguas Atlahua era militante do Partido Verde Ecologista do M\u00e9xico (PVEM), que ao lado do Partido do Trabalho (PT) e do Morena (Movimento Regenera\u00e7\u00e3o Nacional) &#8211; o partido da presidente Claudia Sheinbaum &#8211; formam a coaliz\u00e3o governista que controla com ampla maioria o congresso bicameral mexicano.\n<\/p>\n<\/div>\n<div>\n<p>Veracruz, localizado na costa do Golfo do M\u00e9xico, \u00e9 um territ\u00f3rio disputado por grupos criminosos por sua localiza\u00e7\u00e3o estrat\u00e9gica para o tr\u00e1fico de drogas em dire\u00e7\u00e3o aos Estados Unidos e devido \u00e0 passagem de migrantes sem documentos para este pa\u00eds.\n<\/p>\n<\/div>\n<p><br \/>\n<br \/><a href=\"https:\/\/diariodobrasilnoticias.com.br\/noticia\/deputado-federal-assassinado-a-tiros-no-mexico-675861ec6a8b1\">Source link <\/a><\/p>","protected":false},"excerpt":{"rendered":"<p>Um deputado federal mexicano foi assassinado a tiros na segunda-feira no estado de Veracruz, do qual era representante, informou o Minist\u00e9rio P\u00fablico estadual. O legislador Benito Aguas Atlahua era representante&hellip;<\/p>","protected":false},"author":1,"featured_media":74113,"comment_status":"closed","ping_status":"open","sticky":false,"template":"","format":"standard","meta":{"content-type":"","footnotes":""},"categories":[16],"tags":[123,2448,5313,1267],"class_list":["post-74112","post","type-post","status-publish","format-standard","has-post-thumbnail","hentry","category-noticias","tag-brasil","tag-diario","tag-noticia","tag-noticias"],"_links":{"self":[{"href":"https:\/\/tvbrazilusa.com\/pt\/wp-json\/wp\/v2\/posts\/74112","targetHints":{"allow":["GET"]}}],"collection":[{"href":"https:\/\/tvbrazilusa.com\/pt\/wp-json\/wp\/v2\/posts"}],"about":[{"href":"https:\/\/tvbrazilusa.com\/pt\/wp-json\/wp\/v2\/types\/post"}],"author":[{"embeddable":true,"href":"https:\/\/tvbrazilusa.com\/pt\/wp-json\/wp\/v2\/users\/1"}],"replies":[{"embeddable":true,"href":"https:\/\/tvbrazilusa.com\/pt\/wp-json\/wp\/v2\/comments?post=74112"}],"version-history":[{"count":1,"href":"https:\/\/tvbrazilusa.com\/pt\/wp-json\/wp\/v2\/posts\/74112\/revisions"}],"predecessor-version":[{"id":74114,"href":"https:\/\/tvbrazilusa.com\/pt\/wp-json\/wp\/v2\/posts\/74112\/revisions\/74114"}],"wp:featuredmedia":[{"embeddable":true,"href":"https:\/\/tvbrazilusa.com\/pt\/wp-json\/wp\/v2\/media\/74113"}],"wp:attachment":[{"href":"https:\/\/tvbrazilusa.com\/pt\/wp-json\/wp\/v2\/media?parent=74112"}],"wp:term":[{"taxonomy":"category","embeddable":true,"href":"https:\/\/tvbrazilusa.com\/pt\/wp-json\/wp\/v2\/categories?post=74112"},{"taxonomy":"post_tag","embeddable":true,"href":"https:\/\/tvbrazilusa.com\/pt\/wp-json\/wp\/v2\/tags?post=74112"}],"curies":[{"name":"wp","href":"https:\/\/api.w.org\/{rel}","templated":true}]}}