{"id":74118,"date":"2024-12-10T19:04:32","date_gmt":"2024-12-10T19:04:32","guid":{"rendered":"https:\/\/tvbrazilusa.com\/2024\/12\/10\/jovem-de-14-anos-morre-afogado-em-acude-durante-confraternizacao\/"},"modified":"2024-12-10T19:04:34","modified_gmt":"2024-12-10T19:04:34","slug":"jovem-de-14-anos-morre-afogado-em-acude-durante-confraternizacao","status":"publish","type":"post","link":"https:\/\/tvbrazilusa.com\/pt\/2024\/12\/10\/jovem-de-14-anos-morre-afogado-em-acude-durante-confraternizacao\/","title":{"rendered":"Jovem de 14 anos morre afogado em a\u00e7ude durante confraterniza\u00e7\u00e3o"},"content":{"rendered":"<p> <script async src=\"https:\/\/pagead2.googlesyndication.com\/pagead\/js\/adsbygoogle.js?client=ca-pub-8864793242727901\"\r\n     crossorigin=\"anonymous\"><\/script><br \/>\n<\/p>\n<div id=\"taboola-read-more\" style=\"display:block; width:100%\">\n<p>Um\u00a0jovem de 14 anos morreu afogado\u00a0enquanto tomava banho em um\u00a0a\u00e7ude na zona rural de Currais Novos, no \u00faltimo s\u00e1bado (7).\n<\/p>\n<p>O jovem foi identificado como\u00a0Raul Canaris Silva. Ele participava de uma\u00a0confraterniza\u00e7\u00e3o de amigos da turma da escola\u00a0quando foi tomar banho no a\u00e7ude e se enroscou em uma rede de pesca.<\/p>\n<p>O Corpo de Bombeiros foi chamado para o resgate. A equipe do Servi\u00e7o de Atendimento M\u00e9dico de Urg\u00eancia (Samu) tentou reanimar o jovem, mas n\u00e3o conseguiu.\n<\/p>\n<p>O\u00a0sepultamento aconteceu no domingo (8) no cemit\u00e9rio de Santana, em Currais Novos.\n<\/p>\n<p><strong>Fonte: Portal 98Fm<\/strong>              <\/p>\n<\/div>\n<p><br \/>\n<br \/><a href=\"https:\/\/diariodobrasilnoticias.com.br\/noticia\/jovem-de-14-anos-morre-afogado-em-acude-durante-confraternizacao-675862c4af32d\">Source link <\/a><\/p>","protected":false},"excerpt":{"rendered":"<p>Um\u00a0jovem de 14 anos morreu afogado\u00a0enquanto tomava banho em um\u00a0a\u00e7ude na zona rural de Currais Novos, no \u00faltimo s\u00e1bado (7). O jovem foi identificado como\u00a0Raul Canaris Silva. Ele participava de&hellip;<\/p>","protected":false},"author":1,"featured_media":74119,"comment_status":"closed","ping_status":"open","sticky":false,"template":"","format":"standard","meta":{"content-type":"","footnotes":""},"categories":[16],"tags":[123,2448,5313,1267],"class_list":["post-74118","post","type-post","status-publish","format-standard","has-post-thumbnail","hentry","category-noticias","tag-brasil","tag-diario","tag-noticia","tag-noticias"],"_links":{"self":[{"href":"https:\/\/tvbrazilusa.com\/pt\/wp-json\/wp\/v2\/posts\/74118","targetHints":{"allow":["GET"]}}],"collection":[{"href":"https:\/\/tvbrazilusa.com\/pt\/wp-json\/wp\/v2\/posts"}],"about":[{"href":"https:\/\/tvbrazilusa.com\/pt\/wp-json\/wp\/v2\/types\/post"}],"author":[{"embeddable":true,"href":"https:\/\/tvbrazilusa.com\/pt\/wp-json\/wp\/v2\/users\/1"}],"replies":[{"embeddable":true,"href":"https:\/\/tvbrazilusa.com\/pt\/wp-json\/wp\/v2\/comments?post=74118"}],"version-history":[{"count":1,"href":"https:\/\/tvbrazilusa.com\/pt\/wp-json\/wp\/v2\/posts\/74118\/revisions"}],"predecessor-version":[{"id":74120,"href":"https:\/\/tvbrazilusa.com\/pt\/wp-json\/wp\/v2\/posts\/74118\/revisions\/74120"}],"wp:featuredmedia":[{"embeddable":true,"href":"https:\/\/tvbrazilusa.com\/pt\/wp-json\/wp\/v2\/media\/74119"}],"wp:attachment":[{"href":"https:\/\/tvbrazilusa.com\/pt\/wp-json\/wp\/v2\/media?parent=74118"}],"wp:term":[{"taxonomy":"category","embeddable":true,"href":"https:\/\/tvbrazilusa.com\/pt\/wp-json\/wp\/v2\/categories?post=74118"},{"taxonomy":"post_tag","embeddable":true,"href":"https:\/\/tvbrazilusa.com\/pt\/wp-json\/wp\/v2\/tags?post=74118"}],"curies":[{"name":"wp","href":"https:\/\/api.w.org\/{rel}","templated":true}]}}