{"id":74173,"date":"2024-12-10T20:42:07","date_gmt":"2024-12-10T20:42:07","guid":{"rendered":"https:\/\/tvbrazilusa.com\/2024\/12\/10\/primeiro-ministro-da-hungria-se-encontra-com-trump-e-musk\/"},"modified":"2024-12-10T20:42:08","modified_gmt":"2024-12-10T20:42:08","slug":"primeiro-ministro-da-hungria-se-encontra-com-trump-e-musk","status":"publish","type":"post","link":"https:\/\/tvbrazilusa.com\/pt\/2024\/12\/10\/primeiro-ministro-da-hungria-se-encontra-com-trump-e-musk\/","title":{"rendered":"Primeiro-ministro da Hungria se encontra com Trump e Musk"},"content":{"rendered":"<p> <script async src=\"https:\/\/pagead2.googlesyndication.com\/pagead\/js\/adsbygoogle.js?client=ca-pub-8864793242727901\"\r\n     crossorigin=\"anonymous\"><\/script><br \/>\n<\/p>\n<div id=\"taboola-read-more\" style=\"display:block; width:100%\">\n<p>O primeiro-ministro da Hungria, Viktor Orb\u00e1n (Uni\u00e3o C\u00edvica H\u00fangara), reuniu-se na 2\u00aa feira (9.dez.2024) com o presidente eleito dos Estados Unidos, Donald Trump (Republicano), e com o empres\u00e1rio Elon Musk na casa de Trump em Mar-a-Lago, na Fl\u00f3rida.\n<\/p>\n<p>Sem compartilhar mais detalhes sobre o encontro, Orb\u00e1n disse em uma publica\u00e7\u00e3o em seu perfil do X (ex-Twitter): \u201cEUA hoje. O futuro come\u00e7ou! Uma tarde em Mar-a-Lago com Donald Trump, Elon Musk e Mike Waltz [indicado de Trump a conselheiro de Seguran\u00e7a Nacional]\u201d.<\/p>\n<p>Em julho de 2024, os l\u00edderes tamb\u00e9m se encontraram em Mar-a-Lago para discutir sobre \u201cpossibilidade de paz\u201d e um cessar-fogo na Ucr\u00e2nia. Na ocasi\u00e3o, Orb\u00e1n apontou Trump como um poss\u00edvel mediador de paz na guerra entre a R\u00fassia e a Ucr\u00e2nia.\n<\/p>\n<p>\u201cContinuamos a miss\u00e3o de paz em Mar-a-Lago. Donald Trump provou, durante a sua presid\u00eancia, que \u00e9 um homem de paz. Ele far\u00e1 isso de novo!\u201d, disse Orb\u00e1n em publica\u00e7\u00e3o no X (ex-Twitter).\n<\/p>\n<p>Hungria<br \/>Desde que assumiu a presid\u00eancia tempor\u00e1ria da UE (Uni\u00e3o Europeia), em 1\u00ba de julho, Orb\u00e1n realiza viagens que, segundo ele, t\u00eam o objetivo de promover uma \u201cmiss\u00e3o de paz\u201d.\n<\/p>\n<p>O premi\u00ea h\u00fangaro j\u00e1 se encontrou com os presidentes Volodymyr Zelensky (Ucr\u00e2nia), Vladimir Putin (R\u00fassia) e Xi Jinping (China) para tentar articular um cessar-fogo na guerra entre Moscou e Kiev.\n<\/p>\n<p>As reuni\u00f5es com l\u00edderes t\u00eam causado inc\u00f4modo em autoridades da Uni\u00e3o Europeia. Orb\u00e1n foi criticado, por exemplo, quando se reuniu com Putin em 5 de julho. Na ocasi\u00e3o, a presidente da Comiss\u00e3o Europeia, Ursula von der Leyen, se op\u00f4s publicamente ao encontro. Afirmou que \u201co apaziguamento n\u00e3o impedir\u00e1 Putin\u201d.\n<\/p>\n<p>Fonte: Poder 360              <\/p>\n<\/div>\n<p><br \/>\n<br \/><a href=\"https:\/\/diariodobrasilnoticias.com.br\/noticia\/primeiro-ministro-da-hungria-se-encontra-com-trump-e-musk-675890a3bfc7f\">Source link <\/a><\/p>","protected":false},"excerpt":{"rendered":"<p>O primeiro-ministro da Hungria, Viktor Orb\u00e1n (Uni\u00e3o C\u00edvica H\u00fangara), reuniu-se na 2\u00aa feira (9.dez.2024) com o presidente eleito dos Estados Unidos, Donald Trump (Republicano), e com o empres\u00e1rio Elon Musk&hellip;<\/p>","protected":false},"author":1,"featured_media":74174,"comment_status":"closed","ping_status":"open","sticky":false,"template":"","format":"standard","meta":{"content-type":"","footnotes":""},"categories":[16],"tags":[123,2448,5313,1267],"class_list":["post-74173","post","type-post","status-publish","format-standard","has-post-thumbnail","hentry","category-noticias","tag-brasil","tag-diario","tag-noticia","tag-noticias"],"_links":{"self":[{"href":"https:\/\/tvbrazilusa.com\/pt\/wp-json\/wp\/v2\/posts\/74173","targetHints":{"allow":["GET"]}}],"collection":[{"href":"https:\/\/tvbrazilusa.com\/pt\/wp-json\/wp\/v2\/posts"}],"about":[{"href":"https:\/\/tvbrazilusa.com\/pt\/wp-json\/wp\/v2\/types\/post"}],"author":[{"embeddable":true,"href":"https:\/\/tvbrazilusa.com\/pt\/wp-json\/wp\/v2\/users\/1"}],"replies":[{"embeddable":true,"href":"https:\/\/tvbrazilusa.com\/pt\/wp-json\/wp\/v2\/comments?post=74173"}],"version-history":[{"count":1,"href":"https:\/\/tvbrazilusa.com\/pt\/wp-json\/wp\/v2\/posts\/74173\/revisions"}],"predecessor-version":[{"id":74175,"href":"https:\/\/tvbrazilusa.com\/pt\/wp-json\/wp\/v2\/posts\/74173\/revisions\/74175"}],"wp:featuredmedia":[{"embeddable":true,"href":"https:\/\/tvbrazilusa.com\/pt\/wp-json\/wp\/v2\/media\/74174"}],"wp:attachment":[{"href":"https:\/\/tvbrazilusa.com\/pt\/wp-json\/wp\/v2\/media?parent=74173"}],"wp:term":[{"taxonomy":"category","embeddable":true,"href":"https:\/\/tvbrazilusa.com\/pt\/wp-json\/wp\/v2\/categories?post=74173"},{"taxonomy":"post_tag","embeddable":true,"href":"https:\/\/tvbrazilusa.com\/pt\/wp-json\/wp\/v2\/tags?post=74173"}],"curies":[{"name":"wp","href":"https:\/\/api.w.org\/{rel}","templated":true}]}}