{"id":74194,"date":"2024-12-10T21:12:27","date_gmt":"2024-12-10T21:12:27","guid":{"rendered":"https:\/\/tvbrazilusa.com\/2024\/12\/10\/o-gerente-geral-do-bos-nation-fc-descreveu-a-visao-para-o-clube-construindo-uma-escalacao-sob-o-novo-nwsl-cba\/"},"modified":"2024-12-10T21:13:43","modified_gmt":"2024-12-10T21:13:43","slug":"o-gerente-geral-do-bos-nation-fc-descreveu-a-visao-para-o-clube-construindo-uma-escalacao-sob-o-novo-nwsl-cba","status":"publish","type":"post","link":"https:\/\/tvbrazilusa.com\/pt\/2024\/12\/10\/o-gerente-geral-do-bos-nation-fc-descreveu-a-visao-para-o-clube-construindo-uma-escalacao-sob-o-novo-nwsl-cba\/","title":{"rendered":"O gerente geral do BOS Nation FC descreveu a vis\u00e3o para o clube, construindo uma escala\u00e7\u00e3o sob o novo NWSL CBA"},"content":{"rendered":"<p> <script async src=\"https:\/\/pagead2.googlesyndication.com\/pagead\/js\/adsbygoogle.js?client=ca-pub-8864793242727901\"\r\n     crossorigin=\"anonymous\"><\/script><br \/>\n<\/p>\n<div id=\"\">\n<header class=\"m-article-header m-article-header--standard\">\n\t\t\t\t\t\t\t\t\t\t\t\t<span id=\"article-header-primary-term\"><br \/>\n\t\t\t\t\t\t\t\t<a class=\"a-term a-term--primary\" href=\"https:\/\/www.boston.com\/tag\/sports-news\/\"><\/p>\n<p>\t\t\t\t\t\t\t\tNot\u00edcias esportivas\t\t\t\t\t\t\t\t<\/a><br \/>\n\t\t\t\t\t\t\t<\/span><\/p>\n<h2 class=\"m-article-header__sub-headline\">A propriet\u00e1ria controladora, Jennifer Epstein, tamb\u00e9m abordou as quest\u00f5es em andamento sobre o nome da equipe.<\/h2>\n<figure class=\"a-photo m-article-header__photo\"><figcaption class=\"a-photo__caption\">\n<p>\tUma vis\u00e3o dos f\u00e3s do BOS Nation no evento de lan\u00e7amento da equipe Boston NWSL na Dick&#8217;s House of Sports na ter\u00e7a-feira.<em> Barry Chin\/Equipe da Globo<\/em>\t<\/figcaption><\/figure>\n<\/header>\n<p>A equipe de expans\u00e3o da NWSL de Boston, que (no momento) <a href=\"https:\/\/www.boston.com\/sports\/sports-news\/2024\/12\/05\/bos-nation-fc-general-manager-domenec-guasch-boston-nwsl-announcement\/\">permanece nomeado BOS Nation FC<\/a>apresentou seu <a href=\"https:\/\/www.boston.com\/sports\/sports-news\/2024\/12\/05\/bos-nation-fc-general-manager-domenec-guasch-boston-nwsl-announcement\/\">primeiro gerente geral<\/a> na ter\u00e7a-feira em uma coletiva de imprensa virtual.<\/p>\n<p>Dom\u00e8nec Guasch, ex-Chefe de Gest\u00e3o do Futebol Feminino do FC Barcelona, \u200b\u200bchamou Boston de \u201cuma cidade incr\u00edvel com grande cultura\u201d, acrescentando que acredita que ser\u00e1 um destino atraente para jogadores de todo o mundo.<\/p>\n<p>  Guasch, que ingressou no Barcelona em 2011 e ajudou a supervisionar a profissionaliza\u00e7\u00e3o da sele\u00e7\u00e3o feminina em 2015, observou que a perspectiva de construir um novo clube a partir do zero \u00e9 um \u201cdesafio que quero abra\u00e7ar\u201d.<\/p>\n<p>Uma das principais quest\u00f5es para Guasch, juntamente com os obst\u00e1culos b\u00e1sicos que ele precisa superar em rela\u00e7\u00e3o \u00e0 contrata\u00e7\u00e3o de uma equipe t\u00e9cnica (e treinador principal), ser\u00e1 lidar com a Liga Nacional de Futebol Feminino (NWSL). <a href=\"https:\/\/www.bostonglobe.com\/2024\/08\/22\/sports\/nwsl-collective-bargaining-agreement\/\">novo acordo coletivo de trabalho<\/a>.<\/p>\n<p>Nele, o CBA <a href=\"https:\/\/www.bostonglobe.com\/2024\/08\/28\/sports\/nwsl-cba-draft\/\">elimina os sistemas de rascunho de expans\u00e3o e rascunho de novato<\/a> (que existem em todas as outras grandes ligas esportivas norte-americanas). Al\u00e9m disso, os jogadores receberam liberdade total e agora devem dar consentimento para qualquer negocia\u00e7\u00e3o.<\/p>\n<p>Embora esta seja uma mudan\u00e7a monumental para os front offices existentes da NWSL, que est\u00e3o entrincheirados nas regras do sistema antigo, pode revelar-se uma vantagem para Guasch. A sua forma\u00e7\u00e3o est\u00e1 muito mais alinhada com as novas regras, uma vez que essas j\u00e1 s\u00e3o as condi\u00e7\u00f5es prevalecentes para muitas ligas em todo o mundo (incluindo o Barcelona).<\/p>\n<p>\u201cAcho que \u00e9 um passo \u00e0 frente para o crescimento do jogo, certo?\u201d Guasch disse sobre o novo acordo. \u201cA CBA, em \u00faltima an\u00e1lise, [empowers] os jogadores tomem decis\u00f5es sobre suas vidas. \u00c9 um grande passo para esta liga e para o futebol feminino em geral. \u00c9 assim em outras partes do mundo, e agora ser\u00e1 assim aqui tamb\u00e9m. E obviamente com isso temos que criar um clube ainda mais atrativo para os jogadores.\u201d<\/p>\n<p>\u201c\u00c9 um cen\u00e1rio que est\u00e1 mudando\u201d, acrescentou ele em resposta a uma pergunta posterior, \u201cest\u00e1 mudando para um modelo com o qual estou mais acostumado. Ent\u00e3o, nesse aspecto, me sinto confort\u00e1vel.\u201d<\/p>\n<p>Embora Guasch n\u00e3o tenha conseguido dizer exatamente quando o clube come\u00e7ar\u00e1 a contratar jogadores, ele delineou seu objetivo para o elenco.<\/p>\n<p>\u201cQuero construir, antes de tudo, um elenco equilibrado\u201d, explicou. \u201cObviamente isso n\u00e3o significa que todos ser\u00e3o iguais, porque sabemos que jogadores diferentes t\u00eam talentos diferentes.<\/p>\n<p>\u201cEm qualquer time titular, voc\u00ea sempre procura aquele jogador\u201d, disse ele sobre a possibilidade de contratar um nome maior. \u201cMas para mim, a estrela [player] que imagino aqui pode n\u00e3o ser o jogador mais talentoso, mas um jogador que pode ser um grande l\u00edder dentro e fora do campo e nos ajudar a orientar os jovens jogadores.\u201d<\/p>\n<p>Estilisticamente, Guasch descreveu uma estrat\u00e9gia abrangente condizente com sua forma\u00e7\u00e3o no Barcelona.<\/p>\n<p>\u201cQueremos construir uma equipe de ataque\u201d, disse Guasch. \u201cUma equipe que consegue ser protagonista do jogo, que cria muitas chances, que joga perto do gol do time advers\u00e1rio. <\/p>\n<p>\u201cIsso n\u00e3o significa apenas obviamente ter a bola e tentar criar essas chances atrav\u00e9s de um jogo r\u00e1pido, mas tamb\u00e9m pressionar com muita intensidade durante todo o jogo, com alta competitividade.\u201d<\/p>\n<p>Ele acrescentou que quer imitar a competitividade de cima para baixo do Barcelona, \u200b\u200bpara \u201cconsiderar cada situa\u00e7\u00e3o como uma competi\u00e7\u00e3o e tentar vencer todas as situa\u00e7\u00f5es do jogo\u201d.<\/p>\n<p>Embora quest\u00f5es maiores continuem a dominar a discuss\u00e3o sobre a Na\u00e7\u00e3o BOS no futuro pr\u00f3ximo \u2013 a propriet\u00e1ria controladora, Jennifer Epstein, desviou uma pergunta sobre um <a href=\"https:\/\/www.bostonglobe.com\/2024\/12\/10\/sports\/bos-nation-nwsl-white-stadium\/\">recente <em>Globo de Boston<\/em> relat\u00f3rio <\/a>em que a data de in\u00edcio proposta para 2026 no White Stadium foi questionada &#8211; a contrata\u00e7\u00e3o fundamental de uma figura de proa de um dos times mais bem-sucedidos da Europa \u00e9 um golpe para a lideran\u00e7a de Boston.<\/p>\n<p>\u201cVou dizer o que se destacou [Dom\u00e8nec] e nos fez acreditar que ele \u00e9 a pessoa certa para construir o lado esportivo do clube \u00e9 [that] vemos que ele \u00e9 um l\u00edder realmente din\u00e2mico, que tem uma capacidade excepcional de identificar e cultivar talentos de n\u00edvel campe\u00e3o\u201d, disse Epstein. \u201cEle traz uma experi\u00eancia incr\u00edvel com um dos melhores clubes do mundo. Quando fal\u00e1mos com ele, realmente sentimos e acredit\u00e1mos na sua capacidade de liderar desde o in\u00edcio, o que \u00e9 obviamente cr\u00edtico como a nossa primeira contrata\u00e7\u00e3o para liderar a vertente desportiva do nosso clube.\u201d<\/p>\n<p>Quanto ao nome da equipe em si, que foi amplamente criticado ap\u00f3s um lan\u00e7amento problem\u00e1tico (e que a equipe <a href=\"https:\/\/x.com\/NWSLBoston\/status\/1861528898573349109\">admitido<\/a> ainda pode mudar), Epstein reconheceu que n\u00e3o \u00e9 uma quest\u00e3o resolvida.<\/p>\n<p>\u201cCertamente ouvimos muitos coment\u00e1rios sobre o lan\u00e7amento\u201d, observou ela, \u201ce estamos passando por um processo deliberado para continuar buscando, ouvindo e refletindo sobre essas contribui\u00e7\u00f5es de nossos f\u00e3s, apoiadores e outros conselheiros. Na verdade, queremos obter uma gama diversificada de vozes e perspectivas e tomar algumas decis\u00f5es. Certamente compartilharemos mais sobre isso \u2013 sobre o processo e qualquer dire\u00e7\u00e3o que tomarmos \u2013 em um futuro pr\u00f3ximo.\u201d<\/p>\n<div class=\"o-author-single no-avatar\">\n<header class=\"m-author-card\">\n<\/header>\n<section class=\"author-info\">\n<div class=\"m-author__section\">\n<p>Hayden Bird \u00e9 redator de esportes do Boston.com, onde trabalha desde 2016. Ele cobre todos os assuntos esportivos na Nova Inglaterra.<\/p>\n<\/div>\n<\/section>\n<\/div>\n<div class=\"m-block m-generic-cta\t m-generic-cta--post-content\t m-generic-cta--dark\t m-generic-cta--homepage\t m-generic-cta--email-signup\t\t m-generic-cta-block-style--default \tt-amp__generic-cta\"><\/p>\n<div class=\"m-generic-cta__wrap\">\n<div class=\"m-generic-cta__content\">\n<h3 class=\"m-generic-cta__title\">Receba as \u00faltimas not\u00edcias esportivas de Boston<\/h3>\n<p class=\"m-generic-cta__subtitle\">Receba atualiza\u00e7\u00f5es sobre seus times favoritos de Boston, direto da nossa reda\u00e7\u00e3o para sua caixa de entrada.<\/p>\n<\/p><\/div>\n<\/p><\/div>\n<\/div><\/div>\n<p><script>\n\t\tvar consent=\"grant\";\n\t\t\/* The above code is parsing the JSON data from the local storage and storing it in a variable. *\/\n\t\t\t\t\tconst onetrustStorageConsent = JSON.parse(localStorage.getItem( 'consent_one_trust_bdc' ) );\n\t\t\tif ( ( onetrustStorageConsent !== null ) ) {\n\t\t\t\t\/* Checking to see if the user has consented to the use of cookies.\n\t\t\t\t* If they have not, it is deleting the cookie.\n\t\t\t\t* This will comment for now, until further notice.\n\t\t\t\t*\/\n\t\t\t\t\/\/if ( onetrustStorageConsent.C0002 === false ) {\n\t\t\t\t\/\/\tdocument.cookie=\"_fbp=;expires=Thu, 01 Jan 2010 00:00:00 UTC; path=\/; domain=.boston.com\";\n\t\t\t\t\/\/}\n\t\t\t\t\/* Checking if the user has given consent for the cookie C0002.\n\t\t\t\t* If the user has given consent, the variable consent will be set to 'grant'.\n\t\t\t\t* If the user has not given consent,the variable consent will be set to 'revoke'.\n\t\t\t\t* Documentation https:\/\/developers.facebook.com\/docs\/meta-pixel\/implementation\/gdpr\n\t\t\t\t*\/\n\t\t\t\tif ( onetrustStorageConsent.C0002 !== true ) {\n\t\t\t\t\tconsent=\"revoke\";\n\t\t\t\t}\n\t\t\t}\n\t\t\t\t!function(f,b,e,v,n,t,s)\n\t\t{if(f.fbq)return;n=f.fbq=function(){n.callMethod?\n\t\tn.callMethod.apply(n,arguments):n.queue.push(arguments)};\n\t\tif(!f._fbq)f._fbq=n;n.push=n;n.loaded=!0;n.version='2.0';\n\t\tn.queue=[];t=b.createElement(e);t.async=!0;\n\t\tt.src=v;s=b.getElementsByTagName(e)[0];\n\t\ts.parentNode.insertBefore(t,s)}(window, document,'script',\n\t\t'https:\/\/connect.facebook.net\/en_US\/fbevents.js');\n\t\tfbq('consent', consent);\n\t\tfbq('init', '989222871864976');\n\t\tfbq('track', 'PageView');\n\t<\/script><script type=\"module\">\n\t\tvar consent=\"grant\";\n\t\t\/* The above code is parsing the JSON data from the local storage and storing it in a variable. *\/\n\t\t\tconst onetrustStorageConsent = JSON.parse(localStorage.getItem( 'consent_one_trust_bdc' ) );\n\t\t\t\/* Checking to see if the user has consented to the use of cookies.\n\t\t\t* If they have not, it is deleting the cookie.\n\t\t\t* This will comment for now, until further notice.\n\t\t\t*\/\n\t\t\t\/\/if ( onetrustStorageConsent.C0002 === false ) {\n\t\t\t\/\/\tdocument.cookie=\"_fbp=;expires=Thu, 01 Jan 2010 00:00:00 UTC; path=\/; domain=.boston.com\";\n\t\t\t\/\/}\n\t\t\t\/* Checking if the user has given consent for the cookie C0002.\n\t\t\t* If the user has given consent, the variable consent will be set to 'grant'.\n\t\t\t* If the user has not given consent,the variable consent will be set to 'revoke'.\n\t\t\t* Documentation https:\/\/developers.facebook.com\/docs\/meta-pixel\/implementation\/gdpr\n\t\t\t*\/\n\t\t\tif ( ( onetrustStorageConsent !== null ) && (onetrustStorageConsent.C0002 !== true ) ) {\n\t\t\t\tconsent=\"revoke\";\n\t\t\t}\n\t\t\t\t!function(f,b,e,v,n,t,s){if(f.fbq)return;n=f.fbq=function()\n\t\t{n.callMethod? n.callMethod.apply(n,arguments):n.queue.push(arguments)}\n\t\t;if(!f._fbq)f._fbq=n;\n\t\tn.push=n;n.loaded=!0;n.version='2.0';n.queue=[];t=b.createElement(e);t.async=!0;\n\t\tt.src=v;s=b.getElementsByTagName(e)[0];s.parentNode.insertBefore(t,s)}(window,\n\t\tdocument,'script','https:\/\/connect.facebook.net\/en_US\/fbevents.js');\n\t\tfbq('consent', consent);\n\t\tfbq('init', '813236348753005');\n\t\tfbq('track', \"PageView\");\n\t<\/script><br \/>\n<br \/><br \/>\n<br \/><a href=\"https:\/\/www.boston.com\/sports\/sports-news\/2024\/12\/10\/bos-nation-fc-domenec-guasch\/\">Source link <\/a><\/p>","protected":false},"excerpt":{"rendered":"<p>Not\u00edcias esportivas A propriet\u00e1ria controladora, Jennifer Epstein, tamb\u00e9m abordou as quest\u00f5es em andamento sobre o nome da equipe. Uma vis\u00e3o dos f\u00e3s do BOS Nation no evento de lan\u00e7amento da&hellip;<\/p>","protected":false},"author":1,"featured_media":71210,"comment_status":"closed","ping_status":"open","sticky":false,"template":"","format":"standard","meta":{"content-type":"","footnotes":""},"categories":[1],"tags":[],"class_list":["post-74194","post","type-post","status-publish","format-standard","has-post-thumbnail","hentry","category-uncategorized"],"_links":{"self":[{"href":"https:\/\/tvbrazilusa.com\/pt\/wp-json\/wp\/v2\/posts\/74194","targetHints":{"allow":["GET"]}}],"collection":[{"href":"https:\/\/tvbrazilusa.com\/pt\/wp-json\/wp\/v2\/posts"}],"about":[{"href":"https:\/\/tvbrazilusa.com\/pt\/wp-json\/wp\/v2\/types\/post"}],"author":[{"embeddable":true,"href":"https:\/\/tvbrazilusa.com\/pt\/wp-json\/wp\/v2\/users\/1"}],"replies":[{"embeddable":true,"href":"https:\/\/tvbrazilusa.com\/pt\/wp-json\/wp\/v2\/comments?post=74194"}],"version-history":[{"count":1,"href":"https:\/\/tvbrazilusa.com\/pt\/wp-json\/wp\/v2\/posts\/74194\/revisions"}],"predecessor-version":[{"id":74195,"href":"https:\/\/tvbrazilusa.com\/pt\/wp-json\/wp\/v2\/posts\/74194\/revisions\/74195"}],"wp:featuredmedia":[{"embeddable":true,"href":"https:\/\/tvbrazilusa.com\/pt\/wp-json\/wp\/v2\/media\/71210"}],"wp:attachment":[{"href":"https:\/\/tvbrazilusa.com\/pt\/wp-json\/wp\/v2\/media?parent=74194"}],"wp:term":[{"taxonomy":"category","embeddable":true,"href":"https:\/\/tvbrazilusa.com\/pt\/wp-json\/wp\/v2\/categories?post=74194"},{"taxonomy":"post_tag","embeddable":true,"href":"https:\/\/tvbrazilusa.com\/pt\/wp-json\/wp\/v2\/tags?post=74194"}],"curies":[{"name":"wp","href":"https:\/\/api.w.org\/{rel}","templated":true}]}}