{"id":74199,"date":"2024-12-10T21:10:20","date_gmt":"2024-12-10T21:10:20","guid":{"rendered":"https:\/\/tvbrazilusa.com\/2024\/12\/10\/mitch-mcconnell-cai-e-torce-o-pulso-apos-o-almoco-do-partido-republicano-colega-diz-que-esta-bem\/"},"modified":"2024-12-10T21:25:45","modified_gmt":"2024-12-10T21:25:45","slug":"mitch-mcconnell-cai-e-torce-o-pulso-apos-o-almoco-do-partido-republicano-colega-diz-que-esta-bem","status":"publish","type":"post","link":"https:\/\/tvbrazilusa.com\/pt\/2024\/12\/10\/mitch-mcconnell-cai-e-torce-o-pulso-apos-o-almoco-do-partido-republicano-colega-diz-que-esta-bem\/","title":{"rendered":"Mitch McConnell cai e torce o pulso ap\u00f3s o almo\u00e7o do Partido Republicano, colega diz que est\u00e1 &#8216;bem&#8217;"},"content":{"rendered":"<p> <script async src=\"https:\/\/pagead2.googlesyndication.com\/pagead\/js\/adsbygoogle.js?client=ca-pub-8864793242727901\"\r\n     crossorigin=\"anonymous\"><\/script><br \/>\n<\/p>\n<div id=\"\">\n<header class=\"m-article-header m-article-header--standard\">\n\t\t\t\t\t\t\t\t\t\t\t\t<span id=\"article-header-primary-term\"><br \/>\n\t\t\t\t\t\t\t\t<a class=\"a-term a-term--primary\" href=\"https:\/\/www.boston.com\/tag\/politics\/\"><\/p>\n<p>\t\t\t\t\t\t\t\tPol\u00edtica\t\t\t\t\t\t\t\t<\/a><br \/>\n\t\t\t\t\t\t\t<\/span><\/p>\n<h2 class=\"m-article-header__sub-headline\">Sua queda ocorreu depois que ele foi hospitalizado com uma concuss\u00e3o em mar\u00e7o de 2023 e perdeu v\u00e1rias semanas de trabalho ap\u00f3s cair em um hotel no centro da cidade.<\/h2>\n<figure class=\"a-photo m-article-header__photo\"><figcaption class=\"a-photo__caption\">\n<p>\tO l\u00edder da minoria no Senado, Mitch McConnell, R-Ky., Caminha para a C\u00e2mara enquanto o Congresso retorna para a sess\u00e3o manca no Capit\u00f3lio em Washington, ter\u00e7a-feira, 12 de novembro de 2024.<em> AP Foto\/J. Scott Applewhite<\/em>\t<\/figcaption><\/figure>\n<div class=\"m-article-header__meta\">\n<div class=\"m-article-header__byline\">\n<p class=\"m-article-header__author\">\n<p>\t\t\t\t\t\t\t\tPor MARY CLARE JALONICK e STEPHEN GROVES, Associated Press\t\t\t\t\t\t\t<\/p>\n<p>\t\t\t\t\t\t\t\t\t\t\t\t\t\t\t<time class=\"m-article-header__date\"><\/p>\n<p>\t\t\t\t\t\t\t\t\t10 de dezembro de 2024 | 16h10\t\t\t\t\t\t\t\t<\/time><\/p><\/div>\n<\/p><\/div>\n<\/header>\n<p>WASHINGTON (AP) \u2013 O l\u00edder republicano do Senado, Mitch McConnell, caiu e torceu o pulso ao sair de um almo\u00e7o do Partido Republicano na ter\u00e7a-feira, o mais recente de uma s\u00e9rie de incidentes m\u00e9dicos que sofreu nos \u00faltimos anos.<\/p>\n<p>McConnell, que est\u00e1 deixando seu cargo de lideran\u00e7a no final do ano, estava saindo de seu almo\u00e7o de festa semanal com o senador do Wyoming John Barrasso quando trope\u00e7ou e caiu, disse Barrasso, antes de voltar sozinho para seu escrit\u00f3rio. A equipe m\u00e9dica foi vista entrando em seu consult\u00f3rio minutos depois.<\/p>\n<p>O antigo <a href=\"https:\/\/www.boston.com\/tag\/politics\/\">L\u00edder republicano<\/a>Ele, de 82 anos, tamb\u00e9m tem um corte no rosto, disse seu gabinete, mas \u201cfoi liberado para retomar sua agenda\u201d. Ele n\u00e3o compareceu a uma coletiva de imprensa agendada imediatamente ap\u00f3s o almo\u00e7o.<\/p>\n<p>Barrasso, terceiro l\u00edder do Senado e m\u00e9dico, disse que McConnell estava \u201cbem\u201d e \u201c100 por cento\u201d alerta depois de trope\u00e7ar e cair.<\/p>\n<p>Sua queda ocorreu depois que ele foi hospitalizado com uma concuss\u00e3o em mar\u00e7o de 2023 e perdeu v\u00e1rias semanas de trabalho ap\u00f3s cair em um hotel no centro da cidade. Depois de retornar, ele congelou duas vezes durante coletivas de imprensa naquele ver\u00e3o, olhando vagamente para frente antes que colegas e funcion\u00e1rios viessem em seu aux\u00edlio.<\/p>\n<p>McConnell teve poliomielite na inf\u00e2ncia e h\u00e1 muito reconhece alguma dificuldade, quando adulto, para andar e subir escadas. Al\u00e9m da queda em 2023, ele tamb\u00e9m trope\u00e7ou e caiu em sua casa em Kentucky em 2019, causando uma fratura no ombro que exigiu cirurgia.<\/p>\n<p>McConnell est\u00e1 no Senado desde 1984 e \u00e9 l\u00edder republicano desde 2007. O senador de Dakota do Sul, John Thune, se tornar\u00e1 o l\u00edder da maioria no Senado no pr\u00f3ximo ano, quando os republicanos retomarem a maioria.<\/p>\n<p><em>Os redatores da Associated Press, Farnoush Amiri e Lisa Mascaro, contribu\u00edram para este relat\u00f3rio.<\/em><\/p>\n<\/p><\/div>\n<p><script>\n\t\tvar consent=\"grant\";\n\t\t\/* The above code is parsing the JSON data from the local storage and storing it in a variable. *\/\n\t\t\t\t\tconst onetrustStorageConsent = JSON.parse(localStorage.getItem( 'consent_one_trust_bdc' ) );\n\t\t\tif ( ( onetrustStorageConsent !== null ) ) {\n\t\t\t\t\/* Checking to see if the user has consented to the use of cookies.\n\t\t\t\t* If they have not, it is deleting the cookie.\n\t\t\t\t* This will comment for now, until further notice.\n\t\t\t\t*\/\n\t\t\t\t\/\/if ( onetrustStorageConsent.C0002 === false ) {\n\t\t\t\t\/\/\tdocument.cookie=\"_fbp=;expires=Thu, 01 Jan 2010 00:00:00 UTC; path=\/; domain=.boston.com\";\n\t\t\t\t\/\/}\n\t\t\t\t\/* Checking if the user has given consent for the cookie C0002.\n\t\t\t\t* If the user has given consent, the variable consent will be set to 'grant'.\n\t\t\t\t* If the user has not given consent,the variable consent will be set to 'revoke'.\n\t\t\t\t* Documentation https:\/\/developers.facebook.com\/docs\/meta-pixel\/implementation\/gdpr\n\t\t\t\t*\/\n\t\t\t\tif ( onetrustStorageConsent.C0002 !== true ) {\n\t\t\t\t\tconsent=\"revoke\";\n\t\t\t\t}\n\t\t\t}\n\t\t\t\t!function(f,b,e,v,n,t,s)\n\t\t{if(f.fbq)return;n=f.fbq=function(){n.callMethod?\n\t\tn.callMethod.apply(n,arguments):n.queue.push(arguments)};\n\t\tif(!f._fbq)f._fbq=n;n.push=n;n.loaded=!0;n.version='2.0';\n\t\tn.queue=[];t=b.createElement(e);t.async=!0;\n\t\tt.src=v;s=b.getElementsByTagName(e)[0];\n\t\ts.parentNode.insertBefore(t,s)}(window, document,'script',\n\t\t'https:\/\/connect.facebook.net\/en_US\/fbevents.js');\n\t\tfbq('consent', consent);\n\t\tfbq('init', '989222871864976');\n\t\tfbq('track', 'PageView');\n\t<\/script><script type=\"module\">\n\t\tvar consent=\"grant\";\n\t\t\/* The above code is parsing the JSON data from the local storage and storing it in a variable. *\/\n\t\t\tconst onetrustStorageConsent = JSON.parse(localStorage.getItem( 'consent_one_trust_bdc' ) );\n\t\t\t\/* Checking to see if the user has consented to the use of cookies.\n\t\t\t* If they have not, it is deleting the cookie.\n\t\t\t* This will comment for now, until further notice.\n\t\t\t*\/\n\t\t\t\/\/if ( onetrustStorageConsent.C0002 === false ) {\n\t\t\t\/\/\tdocument.cookie=\"_fbp=;expires=Thu, 01 Jan 2010 00:00:00 UTC; path=\/; domain=.boston.com\";\n\t\t\t\/\/}\n\t\t\t\/* Checking if the user has given consent for the cookie C0002.\n\t\t\t* If the user has given consent, the variable consent will be set to 'grant'.\n\t\t\t* If the user has not given consent,the variable consent will be set to 'revoke'.\n\t\t\t* Documentation https:\/\/developers.facebook.com\/docs\/meta-pixel\/implementation\/gdpr\n\t\t\t*\/\n\t\t\tif ( ( onetrustStorageConsent !== null ) && (onetrustStorageConsent.C0002 !== true ) ) {\n\t\t\t\tconsent=\"revoke\";\n\t\t\t}\n\t\t\t\t!function(f,b,e,v,n,t,s){if(f.fbq)return;n=f.fbq=function()\n\t\t{n.callMethod? n.callMethod.apply(n,arguments):n.queue.push(arguments)}\n\t\t;if(!f._fbq)f._fbq=n;\n\t\tn.push=n;n.loaded=!0;n.version='2.0';n.queue=[];t=b.createElement(e);t.async=!0;\n\t\tt.src=v;s=b.getElementsByTagName(e)[0];s.parentNode.insertBefore(t,s)}(window,\n\t\tdocument,'script','https:\/\/connect.facebook.net\/en_US\/fbevents.js');\n\t\tfbq('consent', consent);\n\t\tfbq('init', '813236348753005');\n\t\tfbq('track', \"PageView\");\n\t<\/script><br \/>\n<br \/><br \/>\n<br \/><a href=\"https:\/\/www.boston.com\/news\/politics\/2024\/12\/10\/mitch-mcconnell-falls-and-sprains-wrist-after-gop-luncheon-colleague-says-he-is-fine\/\">Source link <\/a><\/p>","protected":false},"excerpt":{"rendered":"<p>Pol\u00edtica Sua queda ocorreu depois que ele foi hospitalizado com uma concuss\u00e3o em mar\u00e7o de 2023 e perdeu v\u00e1rias semanas de trabalho ap\u00f3s cair em um hotel no centro da&hellip;<\/p>","protected":false},"author":1,"featured_media":74200,"comment_status":"closed","ping_status":"open","sticky":false,"template":"","format":"standard","meta":{"content-type":"","footnotes":""},"categories":[1],"tags":[],"class_list":["post-74199","post","type-post","status-publish","format-standard","has-post-thumbnail","hentry","category-uncategorized"],"_links":{"self":[{"href":"https:\/\/tvbrazilusa.com\/pt\/wp-json\/wp\/v2\/posts\/74199","targetHints":{"allow":["GET"]}}],"collection":[{"href":"https:\/\/tvbrazilusa.com\/pt\/wp-json\/wp\/v2\/posts"}],"about":[{"href":"https:\/\/tvbrazilusa.com\/pt\/wp-json\/wp\/v2\/types\/post"}],"author":[{"embeddable":true,"href":"https:\/\/tvbrazilusa.com\/pt\/wp-json\/wp\/v2\/users\/1"}],"replies":[{"embeddable":true,"href":"https:\/\/tvbrazilusa.com\/pt\/wp-json\/wp\/v2\/comments?post=74199"}],"version-history":[{"count":1,"href":"https:\/\/tvbrazilusa.com\/pt\/wp-json\/wp\/v2\/posts\/74199\/revisions"}],"predecessor-version":[{"id":74201,"href":"https:\/\/tvbrazilusa.com\/pt\/wp-json\/wp\/v2\/posts\/74199\/revisions\/74201"}],"wp:featuredmedia":[{"embeddable":true,"href":"https:\/\/tvbrazilusa.com\/pt\/wp-json\/wp\/v2\/media\/74200"}],"wp:attachment":[{"href":"https:\/\/tvbrazilusa.com\/pt\/wp-json\/wp\/v2\/media?parent=74199"}],"wp:term":[{"taxonomy":"category","embeddable":true,"href":"https:\/\/tvbrazilusa.com\/pt\/wp-json\/wp\/v2\/categories?post=74199"},{"taxonomy":"post_tag","embeddable":true,"href":"https:\/\/tvbrazilusa.com\/pt\/wp-json\/wp\/v2\/tags?post=74199"}],"curies":[{"name":"wp","href":"https:\/\/api.w.org\/{rel}","templated":true}]}}