{"id":74224,"date":"2024-12-10T21:53:00","date_gmt":"2024-12-10T21:53:00","guid":{"rendered":"https:\/\/tvbrazilusa.com\/2024\/12\/10\/bob-cousy-recebe-o-anel-do-campeonato-de-2024-do-celtics\/"},"modified":"2024-12-10T21:54:00","modified_gmt":"2024-12-10T21:54:00","slug":"bob-cousy-recebe-o-anel-do-campeonato-de-2024-do-celtics","status":"publish","type":"post","link":"https:\/\/tvbrazilusa.com\/pt\/2024\/12\/10\/bob-cousy-recebe-o-anel-do-campeonato-de-2024-do-celtics\/","title":{"rendered":"Bob Cousy recebe o anel do campeonato de 2024 do Celtics"},"content":{"rendered":"<p> <script async src=\"https:\/\/pagead2.googlesyndication.com\/pagead\/js\/adsbygoogle.js?client=ca-pub-8864793242727901\"\r\n     crossorigin=\"anonymous\"><\/script><br \/>\n<\/p>\n<div id=\"\">\n<header class=\"m-article-header m-article-header--standard\">\n\t\t\t\t\t\t\t\t\t\t\t\t<span id=\"article-header-primary-term\"><br \/>\n\t\t\t\t\t\t\t\t<a class=\"a-term a-term--primary\" href=\"https:\/\/www.boston.com\/tag\/boston-celtics\/\"><\/p>\n<p>\t\t\t\t\t\t\t\tCeltas\t\t\t\t\t\t\t\t<\/a><br \/>\n\t\t\t\t\t\t\t<\/span><\/p>\n<h2 class=\"m-article-header__sub-headline\">A lenda de 96 anos teve uma entrega especial em sua casa na quarta-feira.<\/h2>\n<figure class=\"a-photo m-article-header__photo\"><figcaption class=\"a-photo__caption\">\n<p>\tBob Cousy.<em> Foto AP\/Charles Krupa<\/em>\t<\/figcaption><\/figure>\n<\/header>\n<div class=\"m-block t-amp__list-container m-article-list-container m-article-list-container--frame-border a-border-frame  a-list-header__headline--red m-article-list--alternative--default  m-article-list--floated\">\n<ul class=\"t-amp__list a-list--no-style m-article-list m-article-list--recirculation m-article-list--has-images\">\n<li class=\"m-article-list__item m-article-list__item--featured\">\n\t\t\t<a class=\"m-article-list__link-wrapper\" href=\"https:\/\/www.boston.com\/sports\/college-sports\/2024\/12\/10\/aj-dybantsa-brockton-byu-2026-nba-draft\/?p1=article_recirc_inline_feature\" data-p1=\"article_recirc_inline_feature\"><br \/>\n\t\t\t\t<img fetchpriority=\"high\" decoding=\"async\" width=\"768\" height=\"432\" src=\"https:\/\/bdc2020.o0bc.com\/wp-content\/uploads\/2024\/12\/37LUAGRVKA3QPQ7UOBSTWTAG6Y-67586453a74c9-768x432.jpg\" class=\"t-amp__list-image m-article-list__image m-article-list__image--full wp-post-image\" alt=\"\" aria-hidden=\"true\" srcset=\"https:\/\/bdc2020.o0bc.com\/wp-content\/uploads\/2024\/12\/37LUAGRVKA3QPQ7UOBSTWTAG6Y-67586453a74c9-768x432.jpg?width=200 200w, https:\/\/bdc2020.o0bc.com\/wp-content\/uploads\/2024\/12\/37LUAGRVKA3QPQ7UOBSTWTAG6Y-67586453a74c9-768x432.jpg?width=300 300w, https:\/\/bdc2020.o0bc.com\/wp-content\/uploads\/2024\/12\/37LUAGRVKA3QPQ7UOBSTWTAG6Y-67586453a74c9-768x432.jpg?width=400 400w, https:\/\/bdc2020.o0bc.com\/wp-content\/uploads\/2024\/12\/37LUAGRVKA3QPQ7UOBSTWTAG6Y-67586453a74c9-768x432.jpg?width=500 500w, https:\/\/bdc2020.o0bc.com\/wp-content\/uploads\/2024\/12\/37LUAGRVKA3QPQ7UOBSTWTAG6Y-67586453a74c9-768x432.jpg?width=600 600w, https:\/\/bdc2020.o0bc.com\/wp-content\/uploads\/2024\/12\/37LUAGRVKA3QPQ7UOBSTWTAG6Y-67586453a74c9-768x432.jpg?width=700 700w, https:\/\/bdc2020.o0bc.com\/wp-content\/uploads\/2024\/12\/37LUAGRVKA3QPQ7UOBSTWTAG6Y-67586453a74c9-768x432.jpg?width=800 800w, https:\/\/bdc2020.o0bc.com\/wp-content\/uploads\/2024\/12\/37LUAGRVKA3QPQ7UOBSTWTAG6Y-67586453a74c9-768x432.jpg?width=900 900w\" sizes=\"(max-width: 768px) 100vw, 768px\"\/>\t\t\t\t\t<\/p>\n<p><h4 class=\"m-article-list__headline t-amp__list-headline\">\n\t\t\t\t\t\t\t<span class=\"m-article-list__link a-link a-link--inline a-link--text-link a-link--text-link-dark\"><\/p>\n<p>\t\t\t\t\t\t\tAJ Dybantsa de Brockton, a melhor escolha projetada no Draft da NBA de 2026, anuncia compromisso com a BYU\t\t\t\t\t\t\t<\/span><br \/>\n\t\t\t\t\t\t<\/h4>\n<\/p>\n<p>\t\t\t\t<\/a>\n\t\t\t<\/li>\n<li class=\"m-article-list__item\">\n\t\t\t\t\t<a class=\"m-article-list__link-wrapper\" href=\"https:\/\/www.boston.com\/sports\/new-england-patriots\/2024\/12\/10\/bill-belichick-unc-head-coach-job-offer-patriots-tar-heels-comments\/?p1=article_recirc_inline_feed\" data-p1=\"article_recirc_inline_feed\"><\/p>\n<p><h4 class=\"m-article-list__headline\">\n\t\t\t\t\t\t\t\t\t<span class=\"m-article-list__link a-link a-link--inline a-link--text-link a-link--text-link-dark\"><\/p>\n<p>\t\t\t\t\t\t\t\t\tRelat\u00f3rio: Bill Belichick tem uma oferta de emprego da UNC e est\u00e1 avaliando suas op\u00e7\u00f5es\t\t\t\t\t\t\t\t\t<\/span><br \/>\n\t\t\t\t\t\t\t\t<\/h4>\n<\/p>\n<p>\t\t\t\t\t\t<\/a>\n\t\t\t\t\t<\/li>\n<\/ul>\n<\/div>\n<p>A lenda do Celtics, Bob Cousy, recebeu o anel do campeonato de 2024 da franquia em sua casa em Worcester na segunda-feira, de acordo com o <a href=\"https:\/\/www.telegram.com\/story\/sports\/2024\/12\/09\/boston-celtics-present-bob-cousy-with-2024-nba-championship-ring\/76859035007\/\"><em>Telegrama e Gazeta de Worcester<\/em>. <\/a><\/p>\n<p>Cousy, de 96 anos, testemunhou todos os 18 campeonatos do Celtics. Ele venceu os seis primeiros durante sua carreira de jogador.<\/p>\n<p>Ele \u00e9 considerado o jogador mais velho vivo da NBA, de acordo com o vice-presidente de m\u00eddia e rela\u00e7\u00f5es com ex-alunos do Celtics, Jeff Twiss, que viajou at\u00e9 a casa de Cousy para entregar o anel.<\/p>\n<p>Cousy disse que o anel era \u201cincr\u00edvel\u201d e que gostaria que o falecido Red Auerbach estivesse l\u00e1 para v\u00ea-lo com ele. <\/p>\n<p>\u201cIsso meio que fecha o c\u00edrculo no meu relacionamento com o Celtics ao longo dos anos\u201d, disse ele.<\/p>\n<p>Cousy compareceu \u00e0 celebra\u00e7\u00e3o do hasteamento da bandeira do Celtics na noite de estreia. Ele disse que estar l\u00e1 significava muito para ele. <\/p>\n<p>\u201cIsso \u00e9 muito importante para mim. \u00c9 uma noite significativa\u201d, disse Cousy, na \u00e9poca, de acordo com <a href=\"https:\/\/www.bostonglobe.com\/2024\/10\/22\/sports\/celtics-history-bob-cousy\/?p1=BGSearch_Overlay_Results\">Dan Shaughnessy de <em>O Globo de Boston<\/em>.<\/a> \u201cEssas cerim\u00f4nias n\u00e3o eram nada parecidas com as de quando as ganh\u00e1vamos nos anos 50 e 60. Levantar\u00edamos a bandeira sozinhos em um jardim vazio antes do jogo. N\u00e3o houve nenhum alarido sobre isso.\u201d<\/p>\n<p>Durante os playoffs do ano passado, antes do Celtics derrotar o Dallas em cinco jogos, Cousy disse a Shaughnessy<a href=\"https:\/\/www.bostonglobe.com\/2024\/06\/12\/sports\/celtics-bob-cousy-nba-finals-mavericks\/\"> o quanto ele queria ver o Celtics conquistar o 18\u00ba t\u00edtulo. <\/a><\/p>\n<p>\u201cTenho 95 [expletive] anos com um p\u00e9 na cova e mal consigo me mover\u201d, disse Cousy. \u201cEu sei que estou na prorroga\u00e7\u00e3o. Assim, tudo em sua vida se torna mais significativo. E uma das \u00faltimas coisas que quero ver \u00e9 o Celtics pendurar a bandeira n\u00ba 18.\u201d<\/p>\n<p>Os Celtics conquistaram o campeonato no TD Garden no dia 17 de junho. Isso quebrou o empate entre Celtics e Lakers na maioria dos campeonatos. <\/p>\n<p>Cousy \u00e9 o \u00faltimo membro vivo do primeiro time campe\u00e3o do Celtics.<\/p>\n<p>\u201cAcho que Bob foi realmente quem capturou a imagina\u00e7\u00e3o\u201d, disse Twiss, \u201co fasc\u00ednio e o amor pelo jogo para muitas crian\u00e7as, adultos e pessoas mais velhas em 1950, e ainda \u00e9 uma realidade hoje\u201d.<\/p>\n<p>O 13 vezes All-Star ficou maravilhado com o qu\u00e3o pesado e chamativo era o anel. Existem 18 diamantes com lapida\u00e7\u00e3o esmeralda apenas na moldura externa, um para cada campeonato. Isso poderia cegar um defensor, disse Cousy.<\/p>\n<p>Foi um momento comovente para a superestrela envelhecida. <\/p>\n<p>\u201cSou o filho da puta mais sortudo do planeta e h\u00e1 muitas evid\u00eancias que comprovam isso\u201d, disse Cousy.<\/p>\n<div class=\"o-author-single has-avatar\">\n<header class=\"m-author-card\">\n<div class=\"a-image a-image--square m-author-card__image\">\n\t\t<img decoding=\"async\" class=\"\" src=\"https:\/\/www.boston.com\/wp-content\/uploads\/2024\/10\/cropped-Screen-Shot-2024-01-26-at-4.59.30-PM-6706db53ae1d7-6706dcbabfba0-242x242.png\" alt=\"Imagem do perfil de Khari A. Thompson\"\/>\t<\/div>\n<div class=\"m-author-card__text\">\n<h3 class=\"m-author-card__title\"><a href=\"https:\/\/www.boston.com\/author\/kharia-thompson\">Khari A. Thompson<\/a><\/h3>\n<p><span class=\"m-author-card__subtitle\">Rep\u00f3rter Esportivo<\/span>\t<\/div>\n<\/header>\n<section class=\"author-info\">\n<div class=\"m-author__section\">\n<p>Khari Thompson cobre esportes profissionais para Boston.com. Antes de ingressar no time em 2022, Khari cobriu futebol universit\u00e1rio para o The Clarion Ledger em Jackson, Mississipi.<\/p>\n<\/div>\n<\/section>\n<\/div>\n<div class=\"m-block m-generic-cta\t m-generic-cta--post-content\t m-generic-cta--dark\t m-generic-cta--homepage\t m-generic-cta--email-signup\t\t m-generic-cta-block-style--default \tt-amp__generic-cta\"><\/p>\n<div class=\"m-generic-cta__wrap\">\n<div class=\"m-generic-cta__content\">\n<h3 class=\"m-generic-cta__title\">Inscreva-se para receber atualiza\u00e7\u00f5es do Celtics\ud83c\udfc0<\/h3>\n<p class=\"m-generic-cta__subtitle\">Receba as \u00faltimas not\u00edcias e an\u00e1lises em sua caixa de entrada durante a temporada de basquete.<\/p>\n<\/p><\/div>\n<\/p><\/div>\n<\/div><\/div>\n<p><script>\n\t\tvar consent=\"grant\";\n\t\t\/* The above code is parsing the JSON data from the local storage and storing it in a variable. *\/\n\t\t\t\t\tconst onetrustStorageConsent = JSON.parse(localStorage.getItem( 'consent_one_trust_bdc' ) );\n\t\t\tif ( ( onetrustStorageConsent !== null ) ) {\n\t\t\t\t\/* Checking to see if the user has consented to the use of cookies.\n\t\t\t\t* If they have not, it is deleting the cookie.\n\t\t\t\t* This will comment for now, until further notice.\n\t\t\t\t*\/\n\t\t\t\t\/\/if ( onetrustStorageConsent.C0002 === false ) {\n\t\t\t\t\/\/\tdocument.cookie=\"_fbp=;expires=Thu, 01 Jan 2010 00:00:00 UTC; path=\/; domain=.boston.com\";\n\t\t\t\t\/\/}\n\t\t\t\t\/* Checking if the user has given consent for the cookie C0002.\n\t\t\t\t* If the user has given consent, the variable consent will be set to 'grant'.\n\t\t\t\t* If the user has not given consent,the variable consent will be set to 'revoke'.\n\t\t\t\t* Documentation https:\/\/developers.facebook.com\/docs\/meta-pixel\/implementation\/gdpr\n\t\t\t\t*\/\n\t\t\t\tif ( onetrustStorageConsent.C0002 !== true ) {\n\t\t\t\t\tconsent=\"revoke\";\n\t\t\t\t}\n\t\t\t}\n\t\t\t\t!function(f,b,e,v,n,t,s)\n\t\t{if(f.fbq)return;n=f.fbq=function(){n.callMethod?\n\t\tn.callMethod.apply(n,arguments):n.queue.push(arguments)};\n\t\tif(!f._fbq)f._fbq=n;n.push=n;n.loaded=!0;n.version='2.0';\n\t\tn.queue=[];t=b.createElement(e);t.async=!0;\n\t\tt.src=v;s=b.getElementsByTagName(e)[0];\n\t\ts.parentNode.insertBefore(t,s)}(window, document,'script',\n\t\t'https:\/\/connect.facebook.net\/en_US\/fbevents.js');\n\t\tfbq('consent', consent);\n\t\tfbq('init', '989222871864976');\n\t\tfbq('track', 'PageView');\n\t<\/script><script type=\"module\">\n\t\tvar consent=\"grant\";\n\t\t\/* The above code is parsing the JSON data from the local storage and storing it in a variable. *\/\n\t\t\tconst onetrustStorageConsent = JSON.parse(localStorage.getItem( 'consent_one_trust_bdc' ) );\n\t\t\t\/* Checking to see if the user has consented to the use of cookies.\n\t\t\t* If they have not, it is deleting the cookie.\n\t\t\t* This will comment for now, until further notice.\n\t\t\t*\/\n\t\t\t\/\/if ( onetrustStorageConsent.C0002 === false ) {\n\t\t\t\/\/\tdocument.cookie=\"_fbp=;expires=Thu, 01 Jan 2010 00:00:00 UTC; path=\/; domain=.boston.com\";\n\t\t\t\/\/}\n\t\t\t\/* Checking if the user has given consent for the cookie C0002.\n\t\t\t* If the user has given consent, the variable consent will be set to 'grant'.\n\t\t\t* If the user has not given consent,the variable consent will be set to 'revoke'.\n\t\t\t* Documentation https:\/\/developers.facebook.com\/docs\/meta-pixel\/implementation\/gdpr\n\t\t\t*\/\n\t\t\tif ( ( onetrustStorageConsent !== null ) && (onetrustStorageConsent.C0002 !== true ) ) {\n\t\t\t\tconsent=\"revoke\";\n\t\t\t}\n\t\t\t\t!function(f,b,e,v,n,t,s){if(f.fbq)return;n=f.fbq=function()\n\t\t{n.callMethod? n.callMethod.apply(n,arguments):n.queue.push(arguments)}\n\t\t;if(!f._fbq)f._fbq=n;\n\t\tn.push=n;n.loaded=!0;n.version='2.0';n.queue=[];t=b.createElement(e);t.async=!0;\n\t\tt.src=v;s=b.getElementsByTagName(e)[0];s.parentNode.insertBefore(t,s)}(window,\n\t\tdocument,'script','https:\/\/connect.facebook.net\/en_US\/fbevents.js');\n\t\tfbq('consent', consent);\n\t\tfbq('init', '813236348753005');\n\t\tfbq('track', \"PageView\");\n\t<\/script><br \/>\n<br \/><br \/>\n<br \/><a href=\"https:\/\/www.boston.com\/sports\/boston-celtics\/2024\/12\/10\/bob-cousy-celtics-2024-championship-ring\/\">Source link <\/a><\/p>","protected":false},"excerpt":{"rendered":"<p>Celtas A lenda de 96 anos teve uma entrega especial em sua casa na quarta-feira. Bob Cousy. Foto AP\/Charles Krupa AJ Dybantsa de Brockton, a melhor escolha projetada no Draft&hellip;<\/p>","protected":false},"author":1,"featured_media":74225,"comment_status":"closed","ping_status":"open","sticky":false,"template":"","format":"standard","meta":{"content-type":"","footnotes":""},"categories":[1],"tags":[],"class_list":["post-74224","post","type-post","status-publish","format-standard","has-post-thumbnail","hentry","category-uncategorized"],"_links":{"self":[{"href":"https:\/\/tvbrazilusa.com\/pt\/wp-json\/wp\/v2\/posts\/74224","targetHints":{"allow":["GET"]}}],"collection":[{"href":"https:\/\/tvbrazilusa.com\/pt\/wp-json\/wp\/v2\/posts"}],"about":[{"href":"https:\/\/tvbrazilusa.com\/pt\/wp-json\/wp\/v2\/types\/post"}],"author":[{"embeddable":true,"href":"https:\/\/tvbrazilusa.com\/pt\/wp-json\/wp\/v2\/users\/1"}],"replies":[{"embeddable":true,"href":"https:\/\/tvbrazilusa.com\/pt\/wp-json\/wp\/v2\/comments?post=74224"}],"version-history":[{"count":1,"href":"https:\/\/tvbrazilusa.com\/pt\/wp-json\/wp\/v2\/posts\/74224\/revisions"}],"predecessor-version":[{"id":74226,"href":"https:\/\/tvbrazilusa.com\/pt\/wp-json\/wp\/v2\/posts\/74224\/revisions\/74226"}],"wp:featuredmedia":[{"embeddable":true,"href":"https:\/\/tvbrazilusa.com\/pt\/wp-json\/wp\/v2\/media\/74225"}],"wp:attachment":[{"href":"https:\/\/tvbrazilusa.com\/pt\/wp-json\/wp\/v2\/media?parent=74224"}],"wp:term":[{"taxonomy":"category","embeddable":true,"href":"https:\/\/tvbrazilusa.com\/pt\/wp-json\/wp\/v2\/categories?post=74224"},{"taxonomy":"post_tag","embeddable":true,"href":"https:\/\/tvbrazilusa.com\/pt\/wp-json\/wp\/v2\/tags?post=74224"}],"curies":[{"name":"wp","href":"https:\/\/api.w.org\/{rel}","templated":true}]}}