{"id":74229,"date":"2024-12-10T22:00:30","date_gmt":"2024-12-10T22:00:30","guid":{"rendered":"https:\/\/tvbrazilusa.com\/2024\/12\/10\/vereadores-de-mossoro-entram-em-greve-devido-a-crise-e-ao-atraso-de-salarios\/"},"modified":"2024-12-10T22:00:31","modified_gmt":"2024-12-10T22:00:31","slug":"vereadores-de-mossoro-entram-em-greve-devido-a-crise-e-ao-atraso-de-salarios","status":"publish","type":"post","link":"https:\/\/tvbrazilusa.com\/pt\/2024\/12\/10\/vereadores-de-mossoro-entram-em-greve-devido-a-crise-e-ao-atraso-de-salarios\/","title":{"rendered":"Vereadores de Mossor\u00f3 entram em &#8216;greve&#8217; devido \u00e0 crise e ao atraso de sal\u00e1rios"},"content":{"rendered":"<p> <script async src=\"https:\/\/pagead2.googlesyndication.com\/pagead\/js\/adsbygoogle.js?client=ca-pub-8864793242727901\"\r\n     crossorigin=\"anonymous\"><\/script><br \/>\n<\/p>\n<div id=\"taboola-read-more\" style=\"display:block; width:100%\">\n<p>A crise entre os poderes gerou um cen\u00e1rio inusitado: os parlamentares est\u00e3o com os sal\u00e1rios atrasados. Mas, ironicamente, a culpa \u00e9 deles mesmos, especialmente da bancada situacionista.\n<\/p>\n<p>O imbr\u00f3glio come\u00e7ou quando os d\u00e9bitos da C\u00e2mara com o Previ-Mossor\u00f3, o instituto de previd\u00eancia municipal, n\u00e3o foram parcelados. A decis\u00e3o de barrar o parcelamento foi da Comiss\u00e3o de Constitui\u00e7\u00e3o e Justi\u00e7a (CCJ), formada integralmente por aliados do prefeito Allyson Bezerra. O caso foi parar na justi\u00e7a, e o prefeito saiu vencedor. R$ 578 mil do duod\u00e9cimo bloqueados para quitar a d\u00edvida com o Previ.<\/p>\n<p>A situa\u00e7\u00e3o exigiu a\u00e7\u00e3o do presidente da C\u00e2mara, Lawrence Amorim. Ele teve que fazer uma &#8220;escolha de Sofia&#8221;, ao pagar servidores e assessores, deixando os vereadores sem sal\u00e1rio.\n<\/p>\n<p>Na sess\u00e3o desta ter\u00e7a-feira (10), a bancada governista pediu uma pausa de 30 minutos para tratar do atraso nos sal\u00e1rios com Lawrence. O presidente sugeriu receber os vereadores s\u00f3 depois da sess\u00e3o. A negativa irritou o l\u00edder da base, Genilson Alves, que ordenou a retirada dos vereadores do plen\u00e1rio. Sem qu\u00f3rum, a sess\u00e3o foi prejudicada \u2014 de novo.\n<\/p>\n<p>A vers\u00e3o apresentada pela bancada governista \u00e9 de que o presidente n\u00e3o quer receber os vereadores, que cobram uma previs\u00e3o para o pagamento de seus sal\u00e1rios e maior transpar\u00eancia em rela\u00e7\u00e3o aos contratos firmados pelo Poder Legislativo durante a crise financeira. Lawrence j\u00e1 adiantou que, caso parte do duod\u00e9cimo continue bloqueada, dar\u00e1 prioridade ao pagamento de servidores e assessores no m\u00eas de dezembro.\n<\/p>\n<p>Sem sal\u00e1rios, a estrat\u00e9gia da bancada \u00e9 continuar esvaziando o plen\u00e1rio para obstruir os trabalhos.\n<\/p>\n<p>Pela primeira vez, Mossor\u00f3 testemunha uma greve de vereadores.\n<\/p>\n<p>Fonte: Blog Ismael Sousa              <\/p>\n<\/div>\n<p><br \/>\n<br \/><a href=\"https:\/\/diariodobrasilnoticias.com.br\/noticia\/vereadores-de-mossoro-entram-em-greve-devido-a-crise-e-ao-atraso-de-salarios-675897c96fb33\">Source link <\/a><\/p>","protected":false},"excerpt":{"rendered":"<p>A crise entre os poderes gerou um cen\u00e1rio inusitado: os parlamentares est\u00e3o com os sal\u00e1rios atrasados. Mas, ironicamente, a culpa \u00e9 deles mesmos, especialmente da bancada situacionista. O imbr\u00f3glio come\u00e7ou&hellip;<\/p>","protected":false},"author":1,"featured_media":74230,"comment_status":"closed","ping_status":"open","sticky":false,"template":"","format":"standard","meta":{"content-type":"","footnotes":""},"categories":[16],"tags":[123,2448,5313,1267],"class_list":["post-74229","post","type-post","status-publish","format-standard","has-post-thumbnail","hentry","category-noticias","tag-brasil","tag-diario","tag-noticia","tag-noticias"],"_links":{"self":[{"href":"https:\/\/tvbrazilusa.com\/pt\/wp-json\/wp\/v2\/posts\/74229","targetHints":{"allow":["GET"]}}],"collection":[{"href":"https:\/\/tvbrazilusa.com\/pt\/wp-json\/wp\/v2\/posts"}],"about":[{"href":"https:\/\/tvbrazilusa.com\/pt\/wp-json\/wp\/v2\/types\/post"}],"author":[{"embeddable":true,"href":"https:\/\/tvbrazilusa.com\/pt\/wp-json\/wp\/v2\/users\/1"}],"replies":[{"embeddable":true,"href":"https:\/\/tvbrazilusa.com\/pt\/wp-json\/wp\/v2\/comments?post=74229"}],"version-history":[{"count":1,"href":"https:\/\/tvbrazilusa.com\/pt\/wp-json\/wp\/v2\/posts\/74229\/revisions"}],"predecessor-version":[{"id":74231,"href":"https:\/\/tvbrazilusa.com\/pt\/wp-json\/wp\/v2\/posts\/74229\/revisions\/74231"}],"wp:featuredmedia":[{"embeddable":true,"href":"https:\/\/tvbrazilusa.com\/pt\/wp-json\/wp\/v2\/media\/74230"}],"wp:attachment":[{"href":"https:\/\/tvbrazilusa.com\/pt\/wp-json\/wp\/v2\/media?parent=74229"}],"wp:term":[{"taxonomy":"category","embeddable":true,"href":"https:\/\/tvbrazilusa.com\/pt\/wp-json\/wp\/v2\/categories?post=74229"},{"taxonomy":"post_tag","embeddable":true,"href":"https:\/\/tvbrazilusa.com\/pt\/wp-json\/wp\/v2\/tags?post=74229"}],"curies":[{"name":"wp","href":"https:\/\/api.w.org\/{rel}","templated":true}]}}