{"id":74232,"date":"2024-12-10T21:46:54","date_gmt":"2024-12-10T21:46:54","guid":{"rendered":"https:\/\/tvbrazilusa.com\/2024\/12\/10\/diego-gomez-do-inter-miami-a-caminho-da-premier-league-pelo-brighton-wsvn-7news-noticias-de-miami-clima-esportes-fort-lauderdale\/"},"modified":"2024-12-10T22:05:03","modified_gmt":"2024-12-10T22:05:03","slug":"diego-gomez-do-inter-miami-a-caminho-da-premier-league-pelo-brighton-wsvn-7news-noticias-de-miami-clima-esportes-fort-lauderdale","status":"publish","type":"post","link":"https:\/\/tvbrazilusa.com\/pt\/2024\/12\/10\/diego-gomez-do-inter-miami-a-caminho-da-premier-league-pelo-brighton-wsvn-7news-noticias-de-miami-clima-esportes-fort-lauderdale\/","title":{"rendered":"Diego Gomez, do Inter Miami, a caminho da Premier League pelo Brighton &#8211; WSVN 7News | Not\u00edcias de Miami, clima, esportes | Fort Lauderdale"},"content":{"rendered":"<p> <script async src=\"https:\/\/pagead2.googlesyndication.com\/pagead\/js\/adsbygoogle.js?client=ca-pub-8864793242727901\"\r\n     crossorigin=\"anonymous\"><\/script><br \/>\n<\/p>\n<div itemprop=\"articleBody\">\n<p>BRIGHTON, Inglaterra (AP) \u2013 Brighton concordou em contratar Diego Gomez, de 21 anos, do Inter Miami, disse o clube da Premier League na ter\u00e7a-feira, com o meio-campista paraguaio pronto para concluir sua transfer\u00eancia em 1\u00ba de janeiro.<\/p>\n<p>Brighton n\u00e3o divulgou o valor ou a dura\u00e7\u00e3o do contrato de Gomez, que ingressou no Miami em 2023 e ajudou o clube da MLS a se classificar para os playoffs nesta temporada.<\/p>\n<p>\u201cEle \u00e9 um meio-campista din\u00e2mico que pode contribuir com gols e assist\u00eancias e acreditamos que seu perfil f\u00edsico ser\u00e1 importante enquanto ele se adapta ao desafio da Premier League\u201d, disse o diretor t\u00e9cnico do Brighton, David Weir.<\/p>\n<p>Gomez representou o Paraguai nas Olimp\u00edadas de Paris neste ver\u00e3o.<\/p>\n<p>\u201cEle j\u00e1 causou uma impress\u00e3o real tanto a n\u00edvel de clubes quanto a n\u00edvel internacional\u201d, disse o t\u00e9cnico do Brighton, Fabian Hurzeler. \u201cComo todos os jovens jogadores que chegam do exterior, ele precisar\u00e1 de um per\u00edodo de adapta\u00e7\u00e3o \u00e0 Premier League, mas sinto que ele pode dar uma grande contribui\u00e7\u00e3o e estou ansioso para trabalhar com ele.\u201d<\/p>\n<p>Brighton est\u00e1 em s\u00e9timo lugar na classifica\u00e7\u00e3o da Premier League e disputa a qualifica\u00e7\u00e3o para a Liga dos Campe\u00f5es na pr\u00f3xima temporada.<\/p>\n<p><em>Direitos autorais 2024 da Associated Press. Todos os direitos reservados. Este material n\u00e3o pode ser publicado, transmitido, reescrito ou redistribu\u00eddo.<\/em><\/p>\n<div class=\"wp-block-newsletter\">\n\t<strong class=\"wp-block-newsletter__title\">Cadastre-se em nosso boletim informativo para receber as \u00faltimas not\u00edcias diretamente em sua caixa de entrada<\/strong><\/p>\n<\/div><\/div>\n<p><br \/>\n<br \/><a href=\"https:\/\/wsvn.com\/sports\/inter-miami-cf\/inter-miamis-diego-gomez-on-his-way-to-the-premier-league-with-brighton\/\">Source link <\/a><\/p>","protected":false},"excerpt":{"rendered":"<p>BRIGHTON, Inglaterra (AP) \u2013 Brighton concordou em contratar Diego Gomez, de 21 anos, do Inter Miami, disse o clube da Premier League na ter\u00e7a-feira, com o meio-campista paraguaio pronto para&hellip;<\/p>","protected":false},"author":1,"featured_media":74233,"comment_status":"closed","ping_status":"open","sticky":false,"template":"","format":"standard","meta":{"content-type":"","footnotes":""},"categories":[1],"tags":[],"class_list":["post-74232","post","type-post","status-publish","format-standard","has-post-thumbnail","hentry","category-uncategorized"],"_links":{"self":[{"href":"https:\/\/tvbrazilusa.com\/pt\/wp-json\/wp\/v2\/posts\/74232","targetHints":{"allow":["GET"]}}],"collection":[{"href":"https:\/\/tvbrazilusa.com\/pt\/wp-json\/wp\/v2\/posts"}],"about":[{"href":"https:\/\/tvbrazilusa.com\/pt\/wp-json\/wp\/v2\/types\/post"}],"author":[{"embeddable":true,"href":"https:\/\/tvbrazilusa.com\/pt\/wp-json\/wp\/v2\/users\/1"}],"replies":[{"embeddable":true,"href":"https:\/\/tvbrazilusa.com\/pt\/wp-json\/wp\/v2\/comments?post=74232"}],"version-history":[{"count":1,"href":"https:\/\/tvbrazilusa.com\/pt\/wp-json\/wp\/v2\/posts\/74232\/revisions"}],"predecessor-version":[{"id":74234,"href":"https:\/\/tvbrazilusa.com\/pt\/wp-json\/wp\/v2\/posts\/74232\/revisions\/74234"}],"wp:featuredmedia":[{"embeddable":true,"href":"https:\/\/tvbrazilusa.com\/pt\/wp-json\/wp\/v2\/media\/74233"}],"wp:attachment":[{"href":"https:\/\/tvbrazilusa.com\/pt\/wp-json\/wp\/v2\/media?parent=74232"}],"wp:term":[{"taxonomy":"category","embeddable":true,"href":"https:\/\/tvbrazilusa.com\/pt\/wp-json\/wp\/v2\/categories?post=74232"},{"taxonomy":"post_tag","embeddable":true,"href":"https:\/\/tvbrazilusa.com\/pt\/wp-json\/wp\/v2\/tags?post=74232"}],"curies":[{"name":"wp","href":"https:\/\/api.w.org\/{rel}","templated":true}]}}