{"id":74237,"date":"2024-12-10T22:12:32","date_gmt":"2024-12-10T22:12:32","guid":{"rendered":"https:\/\/tvbrazilusa.com\/2024\/12\/10\/medicos-de-lula-detalham-a-cirurgia-do-presidente-e-o-processo-de-recuperacao\/"},"modified":"2024-12-10T22:12:33","modified_gmt":"2024-12-10T22:12:33","slug":"medicos-de-lula-detalham-a-cirurgia-do-presidente-e-o-processo-de-recuperacao","status":"publish","type":"post","link":"https:\/\/tvbrazilusa.com\/pt\/2024\/12\/10\/medicos-de-lula-detalham-a-cirurgia-do-presidente-e-o-processo-de-recuperacao\/","title":{"rendered":"M\u00e9dicos de Lula detalham a cirurgia do presidente e o processo de recupera\u00e7\u00e3o"},"content":{"rendered":"<p> <script async src=\"https:\/\/pagead2.googlesyndication.com\/pagead\/js\/adsbygoogle.js?client=ca-pub-8864793242727901\"\r\n     crossorigin=\"anonymous\"><\/script><br \/>\n<\/p>\n<div id=\"taboola-read-more\" style=\"display:block; width:100%\">\n<p>Internado \u00e0s pressas no Hospital S\u00edrio Liban\u00eas em S\u00e3o Paulo, o presidente Luiz In\u00e1cio Lula da Silva (PT) foi submetido na madrugada desta ter\u00e7a-feira (10) a uma cirurgia de cerca de 2 horas para a drenagem de um co\u00e1gulo na cabe\u00e7a.\n<\/p>\n<p>O sangramento, segundo a equipe m\u00e9dica, foi resultado da queda que ele sofreu no banheiro de casa em 19 de outubro. Na ocasi\u00e3o, ele bateu a nuca e levou cinco pontos.<\/p>\n<p>Em uma entrevista \u00e0 imprensa pela manh\u00e3, os m\u00e9dicos que tratam da sa\u00fade de Lula explicaram como foi a cirurgia, falaram sobre o estado de sa\u00fade dele e contaram como deve ser a recupera\u00e7\u00e3o. Confira abaixo.\n<\/p>\n<p>Como os m\u00e9dicos descobriram o novo co\u00e1gulo na cabe\u00e7a de Lula?<br \/>O cardiologista Roberto Kalil Filho, m\u00e9dico pessoal de Lula e que chefia a equipe, disse que o presidente passou o dia com dor de cabe\u00e7a e achava, na verdade, que estivesse ficando com gripe. Diante do hist\u00f3rico da queda, os m\u00e9dicos resolveram fazer exames de imagem.\n<\/p>\n<p>O presidente, logo depois do almo\u00e7o, come\u00e7ou com um quadro de uma dor de cabe\u00e7a, mal-estar. N\u00f3s entramos em contato. A dra. Ana estava com presidente, e foi indicada a realiza\u00e7\u00e3o de alguns exames de rotina, que j\u00e1 estavam previstos. Ent\u00e3o, vamos aproveitar e fazer uma tomografia e a tomografia j\u00e1 constatou um novo sangramento na regi\u00e3o do c\u00e9rebro &#8211; e um sangramento at\u00e9 mais importante. Foi submetido a uma resson\u00e2ncia magn\u00e9tica que comprovou o sangramento.<br \/>Com o resultado dos exames, os m\u00e9dicos decidiram, ent\u00e3o, pelo procedimento cir\u00fargico.\n<\/p>\n<p>Durante todo o percurso, a m\u00e9dica infectologista Ana Helena Germoglio, que o acompanhou, afirmou que ele &#8220;esteve l\u00facido, orientado, conversando, da mesma forma como se encontra agora&#8221;.\n<\/p>\n<p>Onde estava o hematoma na cabe\u00e7a de Lula?<br \/>O sangramento de 3 cent\u00edmetros estava na regi\u00e3o interna do cr\u00e2nio, localizado na parte de cima do lobo frontal e do lobo parietal. O lobo frontal est\u00e1 localizado diretamente atr\u00e1s da testa e o parietal, atr\u00e1s do frontal.\n<\/p>\n<p>O sangramento estava entre o c\u00e9rebro e a membrana men\u00edngea (que reveste o \u00f3rg\u00e3o), mas n\u00e3o atingiu o c\u00e9rebro.\n<\/p>\n<p>Embora, na queda, Lula tivesse batido a regi\u00e3o da nuca, os m\u00e9dicos explicaram que o sangramento pode aparecer em outra parte da cabe\u00e7a.\n<\/p>\n<p>\u201cQuando voc\u00ea bate a cabe\u00e7a e chacoalha pra frente e pra tr\u00e1s, o sangramento n\u00e3o \u00e9 no local da batida, ele \u00e9 causado pelo chacoalh\u00e3o do c\u00e9rebro porque o c\u00e9rebro se desloca dentro do cr\u00e2nio\u201d, explicou o neurologista Marcos Stavale, que participou da cirurgia de Lula.<br \/>O lobo frontal \u00e9 considerado o centro de controle por ser respons\u00e1vel pelos movimentos volunt\u00e1rios do corpo, pela linguagem e pelo gerenciamento das habilidades cognitivas. J\u00e1 o lobo parietal faz a integra\u00e7\u00e3o das informa\u00e7\u00f5es sensoriais, como toque, temperatura e dor.\n<\/p>\n<p>Os m\u00e9dicos explicaram que nenhuma regi\u00e3o do c\u00e9rebro foi afetada pelo co\u00e1gulo.\n<\/p>\n<p><strong>Como foi a cirurgia feita na cabe\u00e7a do presidente Lula?<\/strong><br \/>A cirurgia levou cerca de duas horas, segundo Stavale. Lula foi submetido a uma trepana\u00e7\u00e3o, que \u00e9 um procedimento cir\u00fargico onde s\u00e3o feitas pequenas perfura\u00e7\u00f5es na cabe\u00e7a. Na sequ\u00eancia, os m\u00e9dicos instalam drenos que sugam o ac\u00famulo de sangue no c\u00e9rebro.\n<\/p>\n<p>Segundo o m\u00e9dico Mauro Suzuki, trata-se de um &#8220;procedimento relativamente padr\u00e3o em neurocirurgia&#8221;.\n<\/p>\n<p>O nome t\u00e9cnico desse procedimento se chama trepana\u00e7\u00e3o. Traduzindo: uma pequena perfura\u00e7\u00e3o do cr\u00e2nio, s\u00e3o orif\u00edcios pequenos, por onde s\u00e3o introduzidos, no caso, o dreno. \u00c9 um procedimento relativamente padr\u00e3o em neurocirurgia, n\u00e3o \u00e9 uma abertura, uma viola\u00e7\u00e3o do cr\u00e2nio importante.<br \/>\u2014 Mauro Suzuki, m\u00e9dico da equipe de Lula\n<\/p>\n<p>O boletim m\u00e9dico que havia sido divulgado ainda na madrugada informou que o presidente havia passado por uma craniotomia. No procedimento, \u00e9 feita a retirada uma parte do cr\u00e2nio para acessar a \u00e1rea atingida pela hemorragia e drenar o sangue.\n<\/p>\n<p>No entanto, segundo o m\u00e9dico, esse termo normalmente \u00e9 usado &#8220;quando s\u00e3o feitas aberturas maiores&#8221; na cabe\u00e7a.\n<\/p>\n<p>Como foi a recupera\u00e7\u00e3o p\u00f3s-cir\u00fargica de Lula?<br \/>A cirurgia foi bem-sucedida. \u201cO sangramento estava situado entre o c\u00e9rebro e a membrana meninge, a dura-m\u00e1ter. Ele comprimiu o c\u00e9rebro e foi removido. O c\u00e9rebro est\u00e1 descomprimido e ele est\u00e1 com as fun\u00e7\u00f5es neurol\u00f3gicas preservadas\u201d, explicou Marcos Stavale.\n<\/p>\n<p>Kalil reiterou que o sangramento n\u00e3o provocou nenhuma altera\u00e7\u00e3o nas fun\u00e7\u00f5es do presidente: &#8220;Nem altera\u00e7\u00e3o de movimento. Absolutamente nada. Tanto \u00e9 que ele est\u00e1 est\u00e1vel, conversando normalmente, se alimentando&#8221;.\n<\/p>\n<p>Quanto tempo Lula dever\u00e1 ficar na UTI?<br \/>Lula deve ficar mais 48 horas na UTI em observa\u00e7\u00e3o. Esse prazo, segundo Kalil, \u00e9 protocolo nesses tipos de caso. O presidente ficar\u00e1 ainda com um dreno entre 1 e 3 dias.\n<\/p>\n<p>Como \u00e9 a cicatriza\u00e7\u00e3o desse tipo de cirurgia?<br \/>O m\u00e9dico Mauro Suzuki explicou que, geralmente, a cicatriza\u00e7\u00e3o acontece sozinha e n\u00e3o \u00e9 necess\u00e1ria uma nova cirurgia depois.\n<\/p>\n<p>&#8220;Geralmente, h\u00e1 uma cicatriza\u00e7\u00e3o espont\u00e2nea dessa abertura, sem necessidade de nenhuma outra interven\u00e7\u00e3o futura pra fechamento, algo relativamente comum em neurocirurgia&#8221;, disse.\n<\/p>\n<p><strong>Lula poder\u00e1 ficar com alguma sequela?<\/strong>\n<\/p>\n<p>Segundo os m\u00e9dicos, o presidente n\u00e3o ter\u00e1 nenhuma sequela, como dano cerebral ou complica\u00e7\u00e3o neural ou motoro.\n<\/p>\n<p>\u201cO presidente n\u00e3o teve altera\u00e7\u00e3o alguma, nem altera\u00e7\u00e3o de movimento, absolutamente nada, tanto \u00e9 que ele est\u00e1 est\u00e1vel, conversando normalmente e se alimentando bem\u201d, disse Kalil.\n<\/p>\n<p>Por que o co\u00e1gulo apareceu depois de tanto tempo da queda?<br \/>O neurologista Rog\u00e9rio Tuma, que tamb\u00e9m fez parte da equipe que operou o presidente, informou que esse \u00e9 o segundo co\u00e1gulo sofrido por Lula ap\u00f3s a queda. E que esses problemas s\u00e3o relativamente normais em pessoas de mais idade que sofrem pancadas na nuca ou na cabe\u00e7a.\n<\/p>\n<p>Esse \u00e9 um tipo de complica\u00e7\u00e3o comum, pode acontecer principalmente em pessoas de maior idade. E o que acontece \u00e9 que a pessoa tem a queda, \u00e0s vezes, ela nem lembra e o hematoma pode aparecer meses depois. Como o presidente foi bem acompanhado, fez exames de rotina, n\u00f3s conseguimos ver a evolu\u00e7\u00e3o toda do hematoma sendo diminu\u00eddo e, depois, quando ele come\u00e7ou a ter a queixa de dor de cabe\u00e7a ontem, a gente p\u00f4de comparar com o exame anterior e percebeu que o hematoma aumentou.<br \/>O m\u00e9dico alertou para o risco de que &#8220;as pessoas caem, batem a cabe\u00e7a, esquecem desse evento e, depois de algumas semanas ou at\u00e9 meses, mudam o comportamento, ficam fracas de um lado. E o que est\u00e1 acontecendo \u00e9 que o sangramento est\u00e1 comprimindo o c\u00e9rebro&#8221;.\n<\/p>\n<p>Quando Lula deve ter alta m\u00e9dica?<br \/>A equipe m\u00e9dica de Lula estima que o presidente continue internado em S\u00e3o Paulo nos pr\u00f3ximos dias e s\u00f3 retorne a Bras\u00edlia na semana que vem.\n<\/p>\n<p>O cardiologista Roberto Kalil afirmou que, enquanto estiver em S\u00e3o Paulo, Lula est\u00e1 proibido pelos m\u00e9dicos de receber visitas de trabalho ou de pol\u00edticos.\n<\/p>\n<p>Depois da alta, a equipe m\u00e9dica diz que a volta ao trabalho normal e \u00e0s viagens longas do presidente ser\u00e3o liberadas gradativamente, assim que o quadro cl\u00ednico for evoluindo satisfatoriamente.\n<\/p>\n<p>N\u00e3o tem visitantes. A ideia \u00e9 que o presidente se recupere bem. A primeira-dama o acompanhou desde Bras\u00edlia at\u00e9 aqui, \u00e9 a \u00fanica acompanhante. E o tempo de interna\u00e7\u00e3o, se tudo ocorrer bem, como est\u00e1 ocorrendo, ele deve voltar \u00e0 Bras\u00edlia no come\u00e7o da pr\u00f3xima semana. Tudo depende dessa evolu\u00e7\u00e3o, mas a previs\u00e3o \u00e9 que o presidente esteja em Bras\u00edlia na semana que vem.\n<\/p>\n<p>Fonte: G1              <\/p>\n<\/div>\n<p><br \/>\n<br \/><a href=\"https:\/\/diariodobrasilnoticias.com.br\/noticia\/medicos-de-lula-detalham-a-cirurgia-do-presidente-e-o-processo-de-recuperacao-6758a93adf097\">Source link <\/a><\/p>","protected":false},"excerpt":{"rendered":"<p>Internado \u00e0s pressas no Hospital S\u00edrio Liban\u00eas em S\u00e3o Paulo, o presidente Luiz In\u00e1cio Lula da Silva (PT) foi submetido na madrugada desta ter\u00e7a-feira (10) a uma cirurgia de cerca&hellip;<\/p>","protected":false},"author":1,"featured_media":74238,"comment_status":"closed","ping_status":"open","sticky":false,"template":"","format":"standard","meta":{"content-type":"","footnotes":""},"categories":[16],"tags":[123,2448,5313,1267],"class_list":["post-74237","post","type-post","status-publish","format-standard","has-post-thumbnail","hentry","category-noticias","tag-brasil","tag-diario","tag-noticia","tag-noticias"],"_links":{"self":[{"href":"https:\/\/tvbrazilusa.com\/pt\/wp-json\/wp\/v2\/posts\/74237","targetHints":{"allow":["GET"]}}],"collection":[{"href":"https:\/\/tvbrazilusa.com\/pt\/wp-json\/wp\/v2\/posts"}],"about":[{"href":"https:\/\/tvbrazilusa.com\/pt\/wp-json\/wp\/v2\/types\/post"}],"author":[{"embeddable":true,"href":"https:\/\/tvbrazilusa.com\/pt\/wp-json\/wp\/v2\/users\/1"}],"replies":[{"embeddable":true,"href":"https:\/\/tvbrazilusa.com\/pt\/wp-json\/wp\/v2\/comments?post=74237"}],"version-history":[{"count":1,"href":"https:\/\/tvbrazilusa.com\/pt\/wp-json\/wp\/v2\/posts\/74237\/revisions"}],"predecessor-version":[{"id":74239,"href":"https:\/\/tvbrazilusa.com\/pt\/wp-json\/wp\/v2\/posts\/74237\/revisions\/74239"}],"wp:featuredmedia":[{"embeddable":true,"href":"https:\/\/tvbrazilusa.com\/pt\/wp-json\/wp\/v2\/media\/74238"}],"wp:attachment":[{"href":"https:\/\/tvbrazilusa.com\/pt\/wp-json\/wp\/v2\/media?parent=74237"}],"wp:term":[{"taxonomy":"category","embeddable":true,"href":"https:\/\/tvbrazilusa.com\/pt\/wp-json\/wp\/v2\/categories?post=74237"},{"taxonomy":"post_tag","embeddable":true,"href":"https:\/\/tvbrazilusa.com\/pt\/wp-json\/wp\/v2\/tags?post=74237"}],"curies":[{"name":"wp","href":"https:\/\/api.w.org\/{rel}","templated":true}]}}