{"id":74248,"date":"2024-12-10T22:24:08","date_gmt":"2024-12-10T22:24:08","guid":{"rendered":"https:\/\/tvbrazilusa.com\/2024\/12\/10\/preco-do-cafe-sobe-e-atinge-o-maior-valor-em-quase-50-anos\/"},"modified":"2024-12-10T22:24:09","modified_gmt":"2024-12-10T22:24:09","slug":"preco-do-cafe-sobe-e-atinge-o-maior-valor-em-quase-50-anos","status":"publish","type":"post","link":"https:\/\/tvbrazilusa.com\/pt\/2024\/12\/10\/preco-do-cafe-sobe-e-atinge-o-maior-valor-em-quase-50-anos\/","title":{"rendered":"Pre\u00e7o do caf\u00e9 sobe e atinge o maior valor em quase 50 anos"},"content":{"rendered":"<p> <script async src=\"https:\/\/pagead2.googlesyndication.com\/pagead\/js\/adsbygoogle.js?client=ca-pub-8864793242727901\"\r\n     crossorigin=\"anonymous\"><\/script><br \/>\n<\/p>\n<div id=\"taboola-read-more\" style=\"display:block; width:100%\">\n<p>O caf\u00e9 registrou seu maior pre\u00e7o em quase cinco d\u00e9cadas nos mercados internacionais de commodities nesta ter\u00e7a-feira, 10, um aumento impulsionado por uma crise de oferta em meio a queda na produ\u00e7\u00e3o global. No centro da hist\u00f3ria est\u00e3o as mudan\u00e7as clim\u00e1ticas e a perspectiva de eventos clim\u00e1ticos extremos cada vez mais frequentes e intensos, que j\u00e1 atingem colheitas \u2013 inclusive no Brasil.\n<\/p>\n<p>Os pre\u00e7os do caf\u00e9 subiram 5,5% na bolsa de Nova York, atingindo US$ 3,44 por libra-peso na ter\u00e7a-feira, o maior valor desde 1977, quando a chamada \u201cGeada Negra\u201d devastou os cafezais brasileiros.<\/p>\n<p>No decorrer do ano, o valor dos dois tipos de caf\u00e9 comercializados no mercado de commodities, o Ar\u00e1bica e o Robusta, registraram altas de quase 70% e mais de 60%, respectivamente, consolidando o gr\u00e3o como uma das commodities mais valorizadas de 2024.\n<\/p>\n<p>Os consumidores j\u00e1 podem sentir no bolso o aumento nos pre\u00e7os de mercado, visto que a Nestl\u00e9, maior produtora de caf\u00e9 do mundo, anunciou h\u00e1 duas semanas que continuaria elevando o valor de seu produto.\n<\/p>\n<p>Crise clim\u00e1tica<br \/>A alta hist\u00f3rica nos pre\u00e7os foi impulsionada por estimativas de que as colheitas de caf\u00e9 diminuam devido aos efeitos do clima extremo e das secas intensas nas planta\u00e7\u00f5es dos principais pa\u00edses produtores do gr\u00e3o, como o Brasil e o Vietn\u00e3.\n<\/p>\n<p>A seca prolongada no Brasil, maior produtor mundial do gr\u00e3o ar\u00e1bica, reduziu drasticamente as estimativas de safra. Segundo a trader Volcafe Ltd., a produ\u00e7\u00e3o brasileira de caf\u00e9 Ar\u00e1bica deve alcan\u00e7ar apenas 34,4 milh\u00f5es de sacas em 2024, 11 milh\u00f5es a menos do que o previsto em setembro.\n<\/p>\n<p>A situa\u00e7\u00e3o \u00e9 agravada pela crise clim\u00e1tica no Vietn\u00e3, principal produtor de caf\u00e9 Robusta, onde uma combina\u00e7\u00e3o de seca e chuvas intensas prejudicou a colheita.\n<\/p>\n<p>A escassez global estimada para a temporada 2025-2026 \u00e9 de 8,5 milh\u00f5es de sacas, marcando o quinto ano seguido de d\u00e9ficit \u2014 algo in\u00e9dito.\n<\/p>\n<p>Especialistas apontam que o desequil\u00edbrio entre oferta e demanda do caf\u00e9 continuar\u00e1 sendo influenciado pelas mudan\u00e7as clim\u00e1ticas, que afetam os principais pa\u00edses produtores (al\u00e9m de Brasil e Vietn\u00e3, tamb\u00e9m entram no rol Col\u00f4mbia e Indon\u00e9sia). Enquanto isso, o consumo global de caf\u00e9, impulsionado pelo aumento da comercializa\u00e7\u00e3o do produto na China, segue em ascens\u00e3o, agravando ainda mais o desequil\u00edbrio.\n<\/p>\n<p>Fonte: Veja              <\/p>\n<\/div>\n<p><br \/>\n<br \/><a href=\"https:\/\/diariodobrasilnoticias.com.br\/noticia\/preco-do-cafe-sobe-e-atinge-o-maior-valor-em-quase-50-anos-6758982ac3553\">Source link <\/a><\/p>","protected":false},"excerpt":{"rendered":"<p>O caf\u00e9 registrou seu maior pre\u00e7o em quase cinco d\u00e9cadas nos mercados internacionais de commodities nesta ter\u00e7a-feira, 10, um aumento impulsionado por uma crise de oferta em meio a queda&hellip;<\/p>","protected":false},"author":1,"featured_media":74249,"comment_status":"closed","ping_status":"open","sticky":false,"template":"","format":"standard","meta":{"content-type":"","footnotes":""},"categories":[16],"tags":[123,2448,5313,1267],"class_list":["post-74248","post","type-post","status-publish","format-standard","has-post-thumbnail","hentry","category-noticias","tag-brasil","tag-diario","tag-noticia","tag-noticias"],"_links":{"self":[{"href":"https:\/\/tvbrazilusa.com\/pt\/wp-json\/wp\/v2\/posts\/74248","targetHints":{"allow":["GET"]}}],"collection":[{"href":"https:\/\/tvbrazilusa.com\/pt\/wp-json\/wp\/v2\/posts"}],"about":[{"href":"https:\/\/tvbrazilusa.com\/pt\/wp-json\/wp\/v2\/types\/post"}],"author":[{"embeddable":true,"href":"https:\/\/tvbrazilusa.com\/pt\/wp-json\/wp\/v2\/users\/1"}],"replies":[{"embeddable":true,"href":"https:\/\/tvbrazilusa.com\/pt\/wp-json\/wp\/v2\/comments?post=74248"}],"version-history":[{"count":1,"href":"https:\/\/tvbrazilusa.com\/pt\/wp-json\/wp\/v2\/posts\/74248\/revisions"}],"predecessor-version":[{"id":74250,"href":"https:\/\/tvbrazilusa.com\/pt\/wp-json\/wp\/v2\/posts\/74248\/revisions\/74250"}],"wp:featuredmedia":[{"embeddable":true,"href":"https:\/\/tvbrazilusa.com\/pt\/wp-json\/wp\/v2\/media\/74249"}],"wp:attachment":[{"href":"https:\/\/tvbrazilusa.com\/pt\/wp-json\/wp\/v2\/media?parent=74248"}],"wp:term":[{"taxonomy":"category","embeddable":true,"href":"https:\/\/tvbrazilusa.com\/pt\/wp-json\/wp\/v2\/categories?post=74248"},{"taxonomy":"post_tag","embeddable":true,"href":"https:\/\/tvbrazilusa.com\/pt\/wp-json\/wp\/v2\/tags?post=74248"}],"curies":[{"name":"wp","href":"https:\/\/api.w.org\/{rel}","templated":true}]}}