{"id":74254,"date":"2024-12-10T22:27:55","date_gmt":"2024-12-10T22:27:55","guid":{"rendered":"https:\/\/tvbrazilusa.com\/2024\/12\/10\/o-ex-defensor-do-bruins-kevin-shattenkirk-anuncia-aposentadoria-apos-14-temporadas-da-nhl\/"},"modified":"2024-12-10T22:29:43","modified_gmt":"2024-12-10T22:29:43","slug":"o-ex-defensor-do-bruins-kevin-shattenkirk-anuncia-aposentadoria-apos-14-temporadas-da-nhl","status":"publish","type":"post","link":"https:\/\/tvbrazilusa.com\/pt\/2024\/12\/10\/o-ex-defensor-do-bruins-kevin-shattenkirk-anuncia-aposentadoria-apos-14-temporadas-da-nhl\/","title":{"rendered":"O ex-defensor do Bruins Kevin Shattenkirk anuncia aposentadoria ap\u00f3s 14 temporadas da NHL"},"content":{"rendered":"<p> <script async src=\"https:\/\/pagead2.googlesyndication.com\/pagead\/js\/adsbygoogle.js?client=ca-pub-8864793242727901\"\r\n     crossorigin=\"anonymous\"><\/script><br \/>\n<\/p>\n<div id=\"\">\n<header class=\"m-article-header m-article-header--standard\">\n\t\t\t\t\t\t\t\t\t\t\t\t<span id=\"article-header-primary-term\"><br \/>\n\t\t\t\t\t\t\t\t<a class=\"a-term a-term--primary\" href=\"https:\/\/www.boston.com\/tag\/boston-bruins\/\"><\/p>\n<p>\t\t\t\t\t\t\t\tBruins\t\t\t\t\t\t\t\t<\/a><br \/>\n\t\t\t\t\t\t\t<\/span><\/p>\n<h2 class=\"m-article-header__sub-headline\">\u201cJogar na sua frente foi um privil\u00e9gio que nunca considerei garantido.\u201d<\/h2>\n<figure class=\"a-photo m-article-header__photo\"><figcaption class=\"a-photo__caption\">\n<p>\tKevin Shattenkirk jogou uma temporada com os Bruins em 2023-24. <em> (Foto AP\/Derik Hamilton)<\/em>\t<\/figcaption><\/figure>\n<\/header>\n<p>Depois de 14 temporadas na NHL, Kevin Shattenkirk est\u00e1 pendurando os patins.<\/p>\n<p>Shattenkirk anunciou sua aposentadoria nas redes sociais na noite de ter\u00e7a-feira, com a \u00faltima parada do defensor nas fileiras profissionais com os Bruins durante a temporada 2023-24.<\/p>\n<p>\u201cDepois de 14 anos incr\u00edveis na National Hockey League, decidi me aposentar\u201d <a href=\"https:\/\/x.com\/shattdeuces\/status\/1866575463138914629\" target=\"_blank\" rel=\"noreferrer noopener\">Shattenkirk disse em um comunicado no X<\/a>. \u201cEu nunca imaginei que o h\u00f3quei me levaria t\u00e3o longe. \u2026 Ao Boston Bruins, por valorizar minhas qualidades como jogador e l\u00edder no vesti\u00e1rio. Obrigado a todos os meus grandes gerentes gerais e treinadores por me tratarem com respeito e me ensinarem \u00f3timas li\u00e7\u00f5es de vida ao longo do caminho.\u201d<\/p>\n<p>Contratado no ano passado para adicionar coragem veterana \u00e0 linha azul do Boston, Shattenkirk, de 35 anos, disputou 61 jogos pelos Bruins na \u00faltima temporada \u2013 marcando seis gols e adicionando 18 assist\u00eancias.<\/p>\n<p>Al\u00e9m de suas contribui\u00e7\u00f5es na retaguarda, a experi\u00eancia p\u00f3s-temporada de Shattenkirk (91 jogos de playoff, uma Stanley Cup com Tampa Bay em 2020) foi \u00fatil durante a s\u00e9rie de primeira rodada do Boston contra os Maple Leafs.<\/p>\n<figure class=\"wp-block-embed is-type-rich is-provider-twitter wp-block-embed-twitter\"\/>\n<p>Ap\u00f3s a vit\u00f3ria do Boston na prorroga\u00e7\u00e3o contra o Toronto no jogo 7, v\u00e1rios veteranos do Bruins deram cr\u00e9dito a Shattenkirk por inspirar o time antes de uma eventual vit\u00f3ria por 2 a 1 no TD Garden.<\/p>\n<p>\u201cShatty deu ao grupo um discurso incr\u00edvel,\u201d <a href=\"https:\/\/www.boston.com\/sports\/boston-bruins\/2024\/05\/05\/bruins-kevin-shattenkirk-maple-leafs-game-7\/\" target=\"_blank\" rel=\"noreferrer noopener\">Brad Marchand disse p\u00f3s-jogo<\/a>. \u201cIsso realmente nos permitiu nos estabelecer e entender onde est\u00e1vamos e como t\u00ednhamos que jogar e no que precis\u00e1vamos acreditar para realizar o trabalho.\u201d<\/p>\n<p>Shattenkirk j\u00e1 tinha bastante familiaridade em Boston antes de assinar com os Bruins em 2023. Ele jogou tr\u00eas temporadas na Universidade de Boston, ajudando os Terriers a ganhar um campeonato nacional em 2009.<\/p>\n<figure class=\"wp-block-embed is-type-rich is-provider-twitter wp-block-embed-twitter\"\/>\n<p>Escolhido na primeira rodada (14\u00ba no geral) pelo Colorado Avalanche em 2007, Shattenkirk conclui sua carreira na NHL com 103 gols e 484 pontos no total em 952 jogos na carreira. <\/p>\n<p>\u201cQuero dizer um \u00faltimo agradecimento a todos os f\u00e3s que me apoiaram ao longo do caminho\u201d, acrescentou Shattenkirk em sua postagem nas redes sociais. \u201cSua paix\u00e3o pelo h\u00f3quei foi o que me fez pisar no gelo todas as noites de forma t\u00e3o divertida e jogar na sua frente foi um privil\u00e9gio que nunca considerei garantido.\u201d<\/p>\n<div class=\"o-author-single has-avatar\">\n<header class=\"m-author-card\">\n<div class=\"a-image a-image--square m-author-card__image\">\n\t\t<img decoding=\"async\" class=\"\" src=\"https:\/\/www.boston.com\/wp-content\/uploads\/2023\/05\/Headshot_Conor-645c0406ed6cb-scaled.jpg\" alt=\"Imagem do perfil de Conor Ryan\"\/>\t<\/div>\n<\/header>\n<section class=\"author-info\">\n<div class=\"m-author__section\">\n<p>Conor Ryan \u00e9 redator da equipe que cobre Bruins, Celtics, Patriots e Red Sox para Boston.com, fun\u00e7\u00e3o que ocupa desde 2023.<\/p>\n<\/div>\n<\/section>\n<\/div>\n<div class=\"m-block m-generic-cta\t m-generic-cta--post-content\t m-generic-cta--dark\t m-generic-cta--homepage\t m-generic-cta--email-signup\t\t m-generic-cta-block-style--default \tt-amp__generic-cta\"><\/p>\n<div class=\"m-generic-cta__wrap\">\n<div class=\"m-generic-cta__content\">\n<h3 class=\"m-generic-cta__title\">Inscreva-se para receber atualiza\u00e7\u00f5es do Bruins\ud83c\udfd2 <\/h3>\n<p class=\"m-generic-cta__subtitle\">Receba as \u00faltimas not\u00edcias e an\u00e1lises em sua caixa de entrada durante a temporada de h\u00f3quei.<\/p>\n<\/p><\/div>\n<\/p><\/div>\n<\/div><\/div>\n<p><script>\n\t\tvar consent=\"grant\";\n\t\t\/* The above code is parsing the JSON data from the local storage and storing it in a variable. *\/\n\t\t\t\t\tconst onetrustStorageConsent = JSON.parse(localStorage.getItem( 'consent_one_trust_bdc' ) );\n\t\t\tif ( ( onetrustStorageConsent !== null ) ) {\n\t\t\t\t\/* Checking to see if the user has consented to the use of cookies.\n\t\t\t\t* If they have not, it is deleting the cookie.\n\t\t\t\t* This will comment for now, until further notice.\n\t\t\t\t*\/\n\t\t\t\t\/\/if ( onetrustStorageConsent.C0002 === false ) {\n\t\t\t\t\/\/\tdocument.cookie=\"_fbp=;expires=Thu, 01 Jan 2010 00:00:00 UTC; path=\/; domain=.boston.com\";\n\t\t\t\t\/\/}\n\t\t\t\t\/* Checking if the user has given consent for the cookie C0002.\n\t\t\t\t* If the user has given consent, the variable consent will be set to 'grant'.\n\t\t\t\t* If the user has not given consent,the variable consent will be set to 'revoke'.\n\t\t\t\t* Documentation https:\/\/developers.facebook.com\/docs\/meta-pixel\/implementation\/gdpr\n\t\t\t\t*\/\n\t\t\t\tif ( onetrustStorageConsent.C0002 !== true ) {\n\t\t\t\t\tconsent=\"revoke\";\n\t\t\t\t}\n\t\t\t}\n\t\t\t\t!function(f,b,e,v,n,t,s)\n\t\t{if(f.fbq)return;n=f.fbq=function(){n.callMethod?\n\t\tn.callMethod.apply(n,arguments):n.queue.push(arguments)};\n\t\tif(!f._fbq)f._fbq=n;n.push=n;n.loaded=!0;n.version='2.0';\n\t\tn.queue=[];t=b.createElement(e);t.async=!0;\n\t\tt.src=v;s=b.getElementsByTagName(e)[0];\n\t\ts.parentNode.insertBefore(t,s)}(window, document,'script',\n\t\t'https:\/\/connect.facebook.net\/en_US\/fbevents.js');\n\t\tfbq('consent', consent);\n\t\tfbq('init', '989222871864976');\n\t\tfbq('track', 'PageView');\n\t<\/script><script type=\"module\">\n\t\tvar consent=\"grant\";\n\t\t\/* The above code is parsing the JSON data from the local storage and storing it in a variable. *\/\n\t\t\tconst onetrustStorageConsent = JSON.parse(localStorage.getItem( 'consent_one_trust_bdc' ) );\n\t\t\t\/* Checking to see if the user has consented to the use of cookies.\n\t\t\t* If they have not, it is deleting the cookie.\n\t\t\t* This will comment for now, until further notice.\n\t\t\t*\/\n\t\t\t\/\/if ( onetrustStorageConsent.C0002 === false ) {\n\t\t\t\/\/\tdocument.cookie=\"_fbp=;expires=Thu, 01 Jan 2010 00:00:00 UTC; path=\/; domain=.boston.com\";\n\t\t\t\/\/}\n\t\t\t\/* Checking if the user has given consent for the cookie C0002.\n\t\t\t* If the user has given consent, the variable consent will be set to 'grant'.\n\t\t\t* If the user has not given consent,the variable consent will be set to 'revoke'.\n\t\t\t* Documentation https:\/\/developers.facebook.com\/docs\/meta-pixel\/implementation\/gdpr\n\t\t\t*\/\n\t\t\tif ( ( onetrustStorageConsent !== null ) && (onetrustStorageConsent.C0002 !== true ) ) {\n\t\t\t\tconsent=\"revoke\";\n\t\t\t}\n\t\t\t\t!function(f,b,e,v,n,t,s){if(f.fbq)return;n=f.fbq=function()\n\t\t{n.callMethod? n.callMethod.apply(n,arguments):n.queue.push(arguments)}\n\t\t;if(!f._fbq)f._fbq=n;\n\t\tn.push=n;n.loaded=!0;n.version='2.0';n.queue=[];t=b.createElement(e);t.async=!0;\n\t\tt.src=v;s=b.getElementsByTagName(e)[0];s.parentNode.insertBefore(t,s)}(window,\n\t\tdocument,'script','https:\/\/connect.facebook.net\/en_US\/fbevents.js');\n\t\tfbq('consent', consent);\n\t\tfbq('init', '813236348753005');\n\t\tfbq('track', \"PageView\");\n\t<\/script><br \/>\n<br \/><br \/>\n<br \/><a href=\"https:\/\/www.boston.com\/sports\/boston-bruins\/2024\/12\/10\/kevin-shattenkirk-bruins-retirement-nhl-boston-university\/\">Source link <\/a><\/p>","protected":false},"excerpt":{"rendered":"<p>Bruins \u201cJogar na sua frente foi um privil\u00e9gio que nunca considerei garantido.\u201d Kevin Shattenkirk jogou uma temporada com os Bruins em 2023-24. (Foto AP\/Derik Hamilton) Depois de 14 temporadas na&hellip;<\/p>","protected":false},"author":1,"featured_media":74255,"comment_status":"closed","ping_status":"open","sticky":false,"template":"","format":"standard","meta":{"content-type":"","footnotes":""},"categories":[1],"tags":[],"class_list":["post-74254","post","type-post","status-publish","format-standard","has-post-thumbnail","hentry","category-uncategorized"],"_links":{"self":[{"href":"https:\/\/tvbrazilusa.com\/pt\/wp-json\/wp\/v2\/posts\/74254","targetHints":{"allow":["GET"]}}],"collection":[{"href":"https:\/\/tvbrazilusa.com\/pt\/wp-json\/wp\/v2\/posts"}],"about":[{"href":"https:\/\/tvbrazilusa.com\/pt\/wp-json\/wp\/v2\/types\/post"}],"author":[{"embeddable":true,"href":"https:\/\/tvbrazilusa.com\/pt\/wp-json\/wp\/v2\/users\/1"}],"replies":[{"embeddable":true,"href":"https:\/\/tvbrazilusa.com\/pt\/wp-json\/wp\/v2\/comments?post=74254"}],"version-history":[{"count":1,"href":"https:\/\/tvbrazilusa.com\/pt\/wp-json\/wp\/v2\/posts\/74254\/revisions"}],"predecessor-version":[{"id":74256,"href":"https:\/\/tvbrazilusa.com\/pt\/wp-json\/wp\/v2\/posts\/74254\/revisions\/74256"}],"wp:featuredmedia":[{"embeddable":true,"href":"https:\/\/tvbrazilusa.com\/pt\/wp-json\/wp\/v2\/media\/74255"}],"wp:attachment":[{"href":"https:\/\/tvbrazilusa.com\/pt\/wp-json\/wp\/v2\/media?parent=74254"}],"wp:term":[{"taxonomy":"category","embeddable":true,"href":"https:\/\/tvbrazilusa.com\/pt\/wp-json\/wp\/v2\/categories?post=74254"},{"taxonomy":"post_tag","embeddable":true,"href":"https:\/\/tvbrazilusa.com\/pt\/wp-json\/wp\/v2\/tags?post=74254"}],"curies":[{"name":"wp","href":"https:\/\/api.w.org\/{rel}","templated":true}]}}