{"id":74279,"date":"2024-12-10T22:55:30","date_gmt":"2024-12-10T22:55:30","guid":{"rendered":"https:\/\/tvbrazilusa.com\/2024\/12\/10\/massa-jovem-de-14-anos-lidera-a-policia-em-perseguicao-de-carro-em-3-estados\/"},"modified":"2024-12-10T22:58:42","modified_gmt":"2024-12-10T22:58:42","slug":"massa-jovem-de-14-anos-lidera-a-policia-em-perseguicao-de-carro-em-3-estados","status":"publish","type":"post","link":"https:\/\/tvbrazilusa.com\/pt\/2024\/12\/10\/massa-jovem-de-14-anos-lidera-a-policia-em-perseguicao-de-carro-em-3-estados\/","title":{"rendered":"Massa. Jovem de 14 anos lidera a pol\u00edcia em persegui\u00e7\u00e3o de carro em 3 estados"},"content":{"rendered":"<p> <script async src=\"https:\/\/pagead2.googlesyndication.com\/pagead\/js\/adsbygoogle.js?client=ca-pub-8864793242727901\"\r\n     crossorigin=\"anonymous\"><\/script><br \/>\n<\/p>\n<div id=\"\">\n<header class=\"m-article-header m-article-header--standard\">\n\t\t\t\t\t\t\t\t\t\t\t\t<span id=\"article-header-primary-term\"><br \/>\n\t\t\t\t\t\t\t\t<a class=\"a-term a-term--primary\" href=\"https:\/\/www.boston.com\/tag\/local-news\/\"><\/p>\n<p>\t\t\t\t\t\t\t\tNot\u00edcias locais\t\t\t\t\t\t\t\t<\/a><br \/>\n\t\t\t\t\t\t\t<\/span><\/p>\n<h2 class=\"m-article-header__sub-headline\">A persegui\u00e7\u00e3o envolveu cinco departamentos de pol\u00edcia diferentes em Vermont, New Hampshire e Massachusetts, disse a pol\u00edcia.<\/h2>\n<figure class=\"a-photo m-article-header__photo\"><figcaption class=\"a-photo__caption\">\n\t<em> <\/em>\t<\/figcaption><\/figure>\n<\/header>\n<p>Um adolescente liderou a pol\u00edcia em uma persegui\u00e7\u00e3o de carro que abrangeu tr\u00eas estados na segunda-feira, disse a pol\u00edcia.<\/p>\n<p>Pouco depois das 7h, a pol\u00edcia de Hinsdale, New Hampshire, contatou a pol\u00edcia de Brattleboro, Vermont, para obter ajuda com um jovem de 14 anos que estava passando por uma \u201cemerg\u00eancia de sa\u00fade mental\u201d, disse a pol\u00edcia de Brattleboro.<\/p>\n<p><iframe src=\"https:\/\/www.facebook.com\/plugins\/post.php?href=https%3A%2F%2Fwww.facebook.com%2Fbrattleboro.police%2Fposts%2Fpfbid0Emakw6MiwTYFzSgwygL4WabK18Rf75sFex7wAUerGBhmzH93xUogi59xLSWMsN9Wl&#038;show_text=true&#038;width=500\" width=\"500\" height=\"207\" style=\"border:none;overflow:hidden\" scrolling=\"no\" frameborder=\"0\" allowfullscreen=\"true\" allow=\"autoplay; clipboard-write; encrypted-media; picture-in-picture; web-share\"><\/iframe><\/p>\n<p>Quando a pol\u00edcia chegou \u00e0 casa do adolescente em Hindsdale, disse a pol\u00edcia de Brattleboro, o jovem supostamente roubou o ve\u00edculo de um membro da fam\u00edlia e foi embora. A pol\u00edcia montou bloqueios nas estradas ao longo da Rota 119, na divisa do estado, na tentativa de deter o suspeito, de acordo com a pol\u00edcia de Brattleboro.<\/p>\n<p>No entanto, disse a pol\u00edcia de Brattleboro, o adolescente supostamente passou por um bloqueio na estrada, acabou batendo em um carro da pol\u00edcia e \u201cquase atingindo\u201d dois policiais. A pol\u00edcia de Brattleboro disse que continuou a seguir o adolescente, que dirigia para o sul na Canal Street. <\/p>\n<p>A pol\u00edcia de Bernardston, Massachusetts, foi notificada do incidente e colocou tiras de espinhos no ve\u00edculo, disse o departamento em uma postagem separada na m\u00eddia social.<\/p>\n<p><iframe src=\"https:\/\/www.facebook.com\/plugins\/post.php?href=https%3A%2F%2Fwww.facebook.com%2FBernardstonPD%2Fposts%2Fpfbid02RUYt6Et6DbrpNA3gYnQDkM8Kb5DbsPhLsGmxgosMFjKsEzKidz79DJqduwsUurTXl&#038;show_text=true&#038;width=500\" width=\"500\" height=\"787\" style=\"border:none;overflow:hidden\" scrolling=\"no\" frameborder=\"0\" allowfullscreen=\"true\" allow=\"autoplay; clipboard-write; encrypted-media; picture-in-picture; web-share\"><\/iframe><\/p>\n<p>A pol\u00edcia de Brattleboro disse que as tiras com pregos danificaram o carro com sucesso. O suspeito causou intencionalmente \u201cdanos materiais significativos\u201d enquanto estava em um estacionamento, disse a pol\u00edcia de Bernardston.<\/p>\n<p>\u201cO jovem acabou colidindo com v\u00e1rios peda\u00e7os de propriedade privada em um estacionamento de Bernardston, antes de colidir com uma segunda viatura da Pol\u00edcia de Brattleboro naquele mesmo estacionamento antes de ser encurralado\u201d, disse a pol\u00edcia de Brattleboro. <\/p>\n<p>Fotos da persegui\u00e7\u00e3o postadas pela pol\u00edcia de Bernardston mostram marcas de pneus na grama e uma lumin\u00e1ria destru\u00edda. <\/p>\n<p>A pol\u00edcia de Bernandston levou o adolescente sob cust\u00f3dia, disse o departamento. <\/p>\n<p>A pol\u00edcia de Brattleboro disse que cinco departamentos de pol\u00edcia diferentes estiveram envolvidos na persegui\u00e7\u00e3o, incluindo os departamentos de Hinsdale, Brattleboro, Bernardston, Gill e Greenfield. <\/p>\n<p>Uma investiga\u00e7\u00e3o sobre a persegui\u00e7\u00e3o est\u00e1 em andamento, disse a pol\u00edcia de Brattleboro.<\/p>\n<div class=\"o-author-single has-avatar\">\n<header class=\"m-author-card\">\n<div class=\"a-image a-image--square m-author-card__image\">\n\t\t\t<\/div>\n<\/header>\n<section class=\"author-info\">\n<div class=\"m-author__section\">\n<p>Eva Levin \u00e9 uma cooperativa de tarefas gerais do Boston.com. Ela cobre not\u00edcias locais e de \u00faltima hora em Boston e al\u00e9m.<\/p>\n<\/div>\n<\/section>\n<\/div>\n<div class=\"m-block m-generic-cta\t m-generic-cta--post-content\t m-generic-cta--dark\t m-generic-cta--homepage\t m-generic-cta--email-signup\t\t m-generic-cta-block-style--default \tt-amp__generic-cta\"><\/p>\n<div class=\"m-generic-cta__wrap\">\n<div class=\"m-generic-cta__content\">\n<h3 class=\"m-generic-cta__title\">Boston.com hoje<\/h3>\n<p class=\"m-generic-cta__subtitle\">Inscreva-se para receber as \u00faltimas manchetes em sua caixa de entrada todas as manh\u00e3s.<\/p>\n<\/p><\/div>\n<\/p><\/div>\n<\/div><\/div>\n<p><script>\n\t\tvar consent=\"grant\";\n\t\t\/* The above code is parsing the JSON data from the local storage and storing it in a variable. *\/\n\t\t\t\t\tconst onetrustStorageConsent = JSON.parse(localStorage.getItem( 'consent_one_trust_bdc' ) );\n\t\t\tif ( ( onetrustStorageConsent !== null ) ) {\n\t\t\t\t\/* Checking to see if the user has consented to the use of cookies.\n\t\t\t\t* If they have not, it is deleting the cookie.\n\t\t\t\t* This will comment for now, until further notice.\n\t\t\t\t*\/\n\t\t\t\t\/\/if ( onetrustStorageConsent.C0002 === false ) {\n\t\t\t\t\/\/\tdocument.cookie=\"_fbp=;expires=Thu, 01 Jan 2010 00:00:00 UTC; path=\/; domain=.boston.com\";\n\t\t\t\t\/\/}\n\t\t\t\t\/* Checking if the user has given consent for the cookie C0002.\n\t\t\t\t* If the user has given consent, the variable consent will be set to 'grant'.\n\t\t\t\t* If the user has not given consent,the variable consent will be set to 'revoke'.\n\t\t\t\t* Documentation https:\/\/developers.facebook.com\/docs\/meta-pixel\/implementation\/gdpr\n\t\t\t\t*\/\n\t\t\t\tif ( onetrustStorageConsent.C0002 !== true ) {\n\t\t\t\t\tconsent=\"revoke\";\n\t\t\t\t}\n\t\t\t}\n\t\t\t\t!function(f,b,e,v,n,t,s)\n\t\t{if(f.fbq)return;n=f.fbq=function(){n.callMethod?\n\t\tn.callMethod.apply(n,arguments):n.queue.push(arguments)};\n\t\tif(!f._fbq)f._fbq=n;n.push=n;n.loaded=!0;n.version='2.0';\n\t\tn.queue=[];t=b.createElement(e);t.async=!0;\n\t\tt.src=v;s=b.getElementsByTagName(e)[0];\n\t\ts.parentNode.insertBefore(t,s)}(window, document,'script',\n\t\t'https:\/\/connect.facebook.net\/en_US\/fbevents.js');\n\t\tfbq('consent', consent);\n\t\tfbq('init', '989222871864976');\n\t\tfbq('track', 'PageView');\n\t<\/script><script type=\"module\">\n\t\tvar consent=\"grant\";\n\t\t\/* The above code is parsing the JSON data from the local storage and storing it in a variable. *\/\n\t\t\tconst onetrustStorageConsent = JSON.parse(localStorage.getItem( 'consent_one_trust_bdc' ) );\n\t\t\t\/* Checking to see if the user has consented to the use of cookies.\n\t\t\t* If they have not, it is deleting the cookie.\n\t\t\t* This will comment for now, until further notice.\n\t\t\t*\/\n\t\t\t\/\/if ( onetrustStorageConsent.C0002 === false ) {\n\t\t\t\/\/\tdocument.cookie=\"_fbp=;expires=Thu, 01 Jan 2010 00:00:00 UTC; path=\/; domain=.boston.com\";\n\t\t\t\/\/}\n\t\t\t\/* Checking if the user has given consent for the cookie C0002.\n\t\t\t* If the user has given consent, the variable consent will be set to 'grant'.\n\t\t\t* If the user has not given consent,the variable consent will be set to 'revoke'.\n\t\t\t* Documentation https:\/\/developers.facebook.com\/docs\/meta-pixel\/implementation\/gdpr\n\t\t\t*\/\n\t\t\tif ( ( onetrustStorageConsent !== null ) && (onetrustStorageConsent.C0002 !== true ) ) {\n\t\t\t\tconsent=\"revoke\";\n\t\t\t}\n\t\t\t\t!function(f,b,e,v,n,t,s){if(f.fbq)return;n=f.fbq=function()\n\t\t{n.callMethod? n.callMethod.apply(n,arguments):n.queue.push(arguments)}\n\t\t;if(!f._fbq)f._fbq=n;\n\t\tn.push=n;n.loaded=!0;n.version='2.0';n.queue=[];t=b.createElement(e);t.async=!0;\n\t\tt.src=v;s=b.getElementsByTagName(e)[0];s.parentNode.insertBefore(t,s)}(window,\n\t\tdocument,'script','https:\/\/connect.facebook.net\/en_US\/fbevents.js');\n\t\tfbq('consent', consent);\n\t\tfbq('init', '813236348753005');\n\t\tfbq('track', \"PageView\");\n\t<\/script><br \/>\n<br \/><br \/>\n<br \/><a href=\"https:\/\/www.boston.com\/news\/local-news\/2024\/12\/10\/mass-14-year-old-leads-police-on-car-chase-through-3-states\/\">Source link <\/a><\/p>","protected":false},"excerpt":{"rendered":"<p>Not\u00edcias locais A persegui\u00e7\u00e3o envolveu cinco departamentos de pol\u00edcia diferentes em Vermont, New Hampshire e Massachusetts, disse a pol\u00edcia. Um adolescente liderou a pol\u00edcia em uma persegui\u00e7\u00e3o de carro que&hellip;<\/p>","protected":false},"author":1,"featured_media":61205,"comment_status":"closed","ping_status":"open","sticky":false,"template":"","format":"standard","meta":{"content-type":"","footnotes":""},"categories":[1],"tags":[],"class_list":["post-74279","post","type-post","status-publish","format-standard","has-post-thumbnail","hentry","category-uncategorized"],"_links":{"self":[{"href":"https:\/\/tvbrazilusa.com\/pt\/wp-json\/wp\/v2\/posts\/74279","targetHints":{"allow":["GET"]}}],"collection":[{"href":"https:\/\/tvbrazilusa.com\/pt\/wp-json\/wp\/v2\/posts"}],"about":[{"href":"https:\/\/tvbrazilusa.com\/pt\/wp-json\/wp\/v2\/types\/post"}],"author":[{"embeddable":true,"href":"https:\/\/tvbrazilusa.com\/pt\/wp-json\/wp\/v2\/users\/1"}],"replies":[{"embeddable":true,"href":"https:\/\/tvbrazilusa.com\/pt\/wp-json\/wp\/v2\/comments?post=74279"}],"version-history":[{"count":1,"href":"https:\/\/tvbrazilusa.com\/pt\/wp-json\/wp\/v2\/posts\/74279\/revisions"}],"predecessor-version":[{"id":74280,"href":"https:\/\/tvbrazilusa.com\/pt\/wp-json\/wp\/v2\/posts\/74279\/revisions\/74280"}],"wp:featuredmedia":[{"embeddable":true,"href":"https:\/\/tvbrazilusa.com\/pt\/wp-json\/wp\/v2\/media\/61205"}],"wp:attachment":[{"href":"https:\/\/tvbrazilusa.com\/pt\/wp-json\/wp\/v2\/media?parent=74279"}],"wp:term":[{"taxonomy":"category","embeddable":true,"href":"https:\/\/tvbrazilusa.com\/pt\/wp-json\/wp\/v2\/categories?post=74279"},{"taxonomy":"post_tag","embeddable":true,"href":"https:\/\/tvbrazilusa.com\/pt\/wp-json\/wp\/v2\/tags?post=74279"}],"curies":[{"name":"wp","href":"https:\/\/api.w.org\/{rel}","templated":true}]}}