{"id":74316,"date":"2024-12-10T23:46:02","date_gmt":"2024-12-10T23:46:02","guid":{"rendered":"https:\/\/tvbrazilusa.com\/2024\/12\/10\/siria-afirma-que-tropas-de-israel-estao-proximas-a-damasco-pais-nega\/"},"modified":"2024-12-10T23:46:03","modified_gmt":"2024-12-10T23:46:03","slug":"siria-afirma-que-tropas-de-israel-estao-proximas-a-damasco-pais-nega","status":"publish","type":"post","link":"https:\/\/tvbrazilusa.com\/pt\/2024\/12\/10\/siria-afirma-que-tropas-de-israel-estao-proximas-a-damasco-pais-nega\/","title":{"rendered":"S\u00edria afirma que tropas de Israel est\u00e3o pr\u00f3ximas a Damasco; pa\u00eds nega"},"content":{"rendered":"<p> <script async src=\"https:\/\/pagead2.googlesyndication.com\/pagead\/js\/adsbygoogle.js?client=ca-pub-8864793242727901\"\r\n     crossorigin=\"anonymous\"><\/script><br \/>\n<\/p>\n<div id=\"taboola-read-more\" style=\"display:block; width:100%\">\n<p>Uma investida militar de Israel atingiu cerca de 25 quil\u00f4metros da regi\u00e3o sudoeste de Damasco, capital da S\u00edria, segundo relatos de fontes de seguran\u00e7a s\u00edrias \u00e0 ag\u00eancia Reuters, nesta 3\u00aa feira (10.dez.2024). O avan\u00e7o das tropas israelenses em territ\u00f3rio s\u00edrio se d\u00e1 depois de um ataque a\u00e9reo contra o ex\u00e9rcito da S\u00edria e bases militares durante a noite. Israel nega a aproxima\u00e7\u00e3o.\n<\/p>\n<p>A opera\u00e7\u00e3o militar de Israel na S\u00edria vem 2 dias depois da queda do presidente Bashar al-Assad por uma alian\u00e7a rebelde. Uma fonte de seguran\u00e7a s\u00edria disse \u00e0 Reuters que as tropas israelenses tamb\u00e9m chegaram a Qatana, cerca de 10km do territ\u00f3rio da S\u00edria, a leste de uma zona desmilitarizada. Ao Poder360, as For\u00e7as de Defesa de Israel declararam que \u201cas not\u00edcias que circulam nos meios de comunica\u00e7\u00e3o social sobre o alegado avan\u00e7o dos tanques israelenses em dire\u00e7\u00e3o a Damasco s\u00e3o falsas\u201d.<\/p>\n<p>Israel disse que n\u00e3o se envolver\u00e1 no conflito na S\u00edria e que a investida em uma zona tamp\u00e3o no territ\u00f3rio s\u00edrio foi uma medida de defesa. Egito, Ar\u00e1bia Saudita e Catar criticaram a incurs\u00e3o israelense, afirmando que medida \u201carruinaria as chances da S\u00edria de restaurar a seguran\u00e7a\u201d.\n<\/p>\n<p>Na 2\u00aa feira (9.dez) Benjamin Netanyahu, primeiro-ministro israelense, disse que as Colinas de Gol\u00e3, ocupadas por Israel por quase 60 anos, faziam parte do territ\u00f3rio do pa\u00eds \u201cpara a eternidade\u201d. A \u00e1rea proporciona uma vantagem estrat\u00e9gica sobre Israel, o L\u00edbano e a S\u00edria. O chanceler israelense afirmou que o terreno \u201cgarante a nossa seguran\u00e7a e soberania\u201d, ap\u00f3s ter ordenado que as tropas se dirigissem para uma zona tamp\u00e3o que separa o territ\u00f3rio controlado por Israel da S\u00edria, patrulhada pela ONU (Organiza\u00e7\u00e3o das Na\u00e7\u00f5es Unidas).\n<\/p>\n<p>As For\u00e7as de Defesa de Israel afirmaram, atrav\u00e9s do seu canal oficial no Telegram, que no \u00faltimo domingo (8.dez) as \u201cfor\u00e7as de paraquedistas, juntamente com outras tropas, est\u00e3o a realizar atividades de defesa no terreno para prevenir qualquer amea\u00e7a e s\u00e3o posicionadas em posi\u00e7\u00f5es chave dentro da zona tamp\u00e3o. Al\u00e9m disso, for\u00e7as de engenharia, infantaria e blindadas operam sob o comando das 474\u00aa e 810\u00aa brigadas regionais e est\u00e3o estacionadas ao longo da fronteira de Israel com a S\u00edria para proteger a \u00e1rea\u201d.\n<\/p>\n<p>Fontes de seguran\u00e7a regional e oficiais do ex\u00e9rcito s\u00edrio relataram que intensos ataques a\u00e9reos das for\u00e7as de Israel atingiram instala\u00e7\u00f5es militares e bases a\u00e9reas em toda a S\u00edria. Os bombardeios destru\u00edram helic\u00f3pteros, jatos e ativos da Guarda Republicana em Damasco e zonas pr\u00f3ximas \u00e0 capital s\u00edria. Segundo Israel, as opera\u00e7\u00f5es continuar\u00e3o por dias, afirmando ao Conselho de Seguran\u00e7a da ONU que s\u00e3o \u201cmedidas limitadas e tempor\u00e1rias\u201d para proteger sua seguran\u00e7a, sem interferir no conflito interno da S\u00edria.\n<\/p>\n<p>Fonte: Poder 360              <\/p>\n<\/div>\n<p><br \/>\n<br \/><a href=\"https:\/\/diariodobrasilnoticias.com.br\/noticia\/siria-afirma-que-tropas-de-israel-estao-proximas-a-damasco-pais-nega-6758b0b42faa2\">Source link <\/a><\/p>","protected":false},"excerpt":{"rendered":"<p>Uma investida militar de Israel atingiu cerca de 25 quil\u00f4metros da regi\u00e3o sudoeste de Damasco, capital da S\u00edria, segundo relatos de fontes de seguran\u00e7a s\u00edrias \u00e0 ag\u00eancia Reuters, nesta 3\u00aa&hellip;<\/p>","protected":false},"author":1,"featured_media":74317,"comment_status":"closed","ping_status":"open","sticky":false,"template":"","format":"standard","meta":{"content-type":"","footnotes":""},"categories":[16],"tags":[123,2448,5313,1267],"class_list":["post-74316","post","type-post","status-publish","format-standard","has-post-thumbnail","hentry","category-noticias","tag-brasil","tag-diario","tag-noticia","tag-noticias"],"_links":{"self":[{"href":"https:\/\/tvbrazilusa.com\/pt\/wp-json\/wp\/v2\/posts\/74316","targetHints":{"allow":["GET"]}}],"collection":[{"href":"https:\/\/tvbrazilusa.com\/pt\/wp-json\/wp\/v2\/posts"}],"about":[{"href":"https:\/\/tvbrazilusa.com\/pt\/wp-json\/wp\/v2\/types\/post"}],"author":[{"embeddable":true,"href":"https:\/\/tvbrazilusa.com\/pt\/wp-json\/wp\/v2\/users\/1"}],"replies":[{"embeddable":true,"href":"https:\/\/tvbrazilusa.com\/pt\/wp-json\/wp\/v2\/comments?post=74316"}],"version-history":[{"count":1,"href":"https:\/\/tvbrazilusa.com\/pt\/wp-json\/wp\/v2\/posts\/74316\/revisions"}],"predecessor-version":[{"id":74318,"href":"https:\/\/tvbrazilusa.com\/pt\/wp-json\/wp\/v2\/posts\/74316\/revisions\/74318"}],"wp:featuredmedia":[{"embeddable":true,"href":"https:\/\/tvbrazilusa.com\/pt\/wp-json\/wp\/v2\/media\/74317"}],"wp:attachment":[{"href":"https:\/\/tvbrazilusa.com\/pt\/wp-json\/wp\/v2\/media?parent=74316"}],"wp:term":[{"taxonomy":"category","embeddable":true,"href":"https:\/\/tvbrazilusa.com\/pt\/wp-json\/wp\/v2\/categories?post=74316"},{"taxonomy":"post_tag","embeddable":true,"href":"https:\/\/tvbrazilusa.com\/pt\/wp-json\/wp\/v2\/tags?post=74316"}],"curies":[{"name":"wp","href":"https:\/\/api.w.org\/{rel}","templated":true}]}}