{"id":74322,"date":"2024-12-10T23:43:04","date_gmt":"2024-12-10T23:43:04","guid":{"rendered":"https:\/\/tvbrazilusa.com\/2024\/12\/10\/investigacao-do-departamento-de-justica-revela-que-policiais-de-worcester-abusaram-sexualmente-de-supostas-trabalhadoras-do-sexo\/"},"modified":"2024-12-10T23:51:45","modified_gmt":"2024-12-10T23:51:45","slug":"investigacao-do-departamento-de-justica-revela-que-policiais-de-worcester-abusaram-sexualmente-de-supostas-trabalhadoras-do-sexo","status":"publish","type":"post","link":"https:\/\/tvbrazilusa.com\/pt\/2024\/12\/10\/investigacao-do-departamento-de-justica-revela-que-policiais-de-worcester-abusaram-sexualmente-de-supostas-trabalhadoras-do-sexo\/","title":{"rendered":"Investiga\u00e7\u00e3o do Departamento de Justi\u00e7a revela que policiais de Worcester abusaram sexualmente de supostas trabalhadoras do sexo"},"content":{"rendered":"<p> <script async src=\"https:\/\/pagead2.googlesyndication.com\/pagead\/js\/adsbygoogle.js?client=ca-pub-8864793242727901\"\r\n     crossorigin=\"anonymous\"><\/script><br \/>\n<\/p>\n<div id=\"\">\n<header class=\"m-article-header m-article-header--standard\">\n\t\t\t\t\t\t\t\t\t\t\t\t<span id=\"article-header-primary-term\"><br \/>\n\t\t\t\t\t\t\t\t<a class=\"a-term a-term--primary\" href=\"https:\/\/www.boston.com\/tag\/local-news\/\"><\/p>\n<p>\t\t\t\t\t\t\t\tNot\u00edcias locais\t\t\t\t\t\t\t\t<\/a><br \/>\n\t\t\t\t\t\t\t<\/span><\/p>\n<h2 class=\"m-article-header__sub-headline\">O DOJ tamb\u00e9m informou que o departamento usa for\u00e7a excessiva e policia desproporcionalmente os negros e hisp\u00e2nicos.<\/h2>\n<figure class=\"a-photo m-article-header__photo\"><figcaption class=\"a-photo__caption\">\n<p>\tUm carro da pol\u00edcia de Worcester no local de uma investiga\u00e7\u00e3o recente.<em> Rick Cinclair\/Worcester Telegram &#038; Gazette via AP, arquivo<\/em>\t<\/figcaption><\/figure>\n<\/header>\n<p>Uma investiga\u00e7\u00e3o federal de dois anos no Departamento de Pol\u00edcia de Worcester descobriu que o departamento cometeu m\u00faltiplas viola\u00e7\u00f5es dos direitos civis, incluindo agress\u00e3o sexual a mulheres e escalada de incidentes menores com for\u00e7a.<\/p>\n<p>O Departamento de Justi\u00e7a, que lan\u00e7ou um <a href=\"https:\/\/www.justice.gov\/crt\/media\/1378896\/dl\">investiga\u00e7\u00e3o civil<\/a> entrou no departamento em 2022, disse que investigou dados da pol\u00edcia de Worcester de 2017 a 2022 e entrevistou membros da comunidade, policiais e funcion\u00e1rios municipais.<\/p>\n<p>A investiga\u00e7\u00e3o n\u00e3o nomeou nenhum agente individual que servisse a segunda maior cidade do estado, mas observou que o departamento n\u00e3o supervisionou os agentes e n\u00e3o fez cumprir as pol\u00edticas.<\/p>\n<p>\u201cAs pol\u00edticas, o treinamento, a supervis\u00e3o, as investiga\u00e7\u00f5es e a disciplina inadequadas do WPD promoveram esses padr\u00f5es ou pr\u00e1ticas ilegais\u201d, alega o DOJ.<\/p>\n<p>\u201cPassamos muito tempo na comunidade de Worcester\u201d, disse o procurador dos EUA, Joshua Levy, durante um webinar online sobre a investiga\u00e7\u00e3o na noite de segunda-feira. \u201cNo total, nossa equipe conversou com cerca de 150 membros diferentes da comunidade e organiza\u00e7\u00f5es locais, incluindo muitos residentes que sofreram m\u00e1 conduta por parte da pol\u00edcia de Worcester. \u2026 agradecemos a todos por compartilhar conosco.\u201d<\/p>\n<p>Brian T. Kelly, advogado que representa a cidade e o departamento, disse em comunicado ao <em>O Globo de Boston <\/em>que o relat\u00f3rio era \u201cum relat\u00f3rio injusto, impreciso e tendencioso que difama injustamente toda a for\u00e7a policial de Worcester\u201d.<\/p>\n<p>\u201cEm vez de identificar policiais individuais que poderiam \u2013 e deveriam \u2013 ser processados \u200b\u200bse essas alega\u00e7\u00f5es graves fossem verdadeiras, o DOJ preparou um relat\u00f3rio elaborado por advogados civis sem experi\u00eancia em promotoria que faz alega\u00e7\u00f5es incrivelmente amplas, mas n\u00e3o consegue identificar um \u00fanico policial corrupto\u201d, disse Kelly. , de acordo com o <em>Globo<\/em>. \u201cO relat\u00f3rio est\u00e1 repleto de imprecis\u00f5es factuais e ignora informa\u00e7\u00f5es fornecidas pela cidade, o que desmascara muitas das alega\u00e7\u00f5es an\u00f4nimas.\u201d<\/p>\n<p>A vice-procuradora dos EUA, Mary Murrane, esclareceu a diferen\u00e7a entre a investiga\u00e7\u00e3o deles e aquela que resultaria em acusa\u00e7\u00f5es criminais no webinar de segunda-feira.<\/p>\n<p>\u201cEste foi um padr\u00e3o civil ou investiga\u00e7\u00e3o pr\u00e1tica, e isso \u00e9 diferente e separado das investiga\u00e7\u00f5es criminais\u201d, disse Murrane. \u201cEsta investiga\u00e7\u00e3o n\u00e3o examinou o comportamento de nenhum policial em particular ou analisou poss\u00edveis penalidades criminais, mas sim o departamento como um todo.\u201d<\/p>\n<p>A pol\u00edcia de Worcester e a cidade de Worcester n\u00e3o responderam a um pedido de coment\u00e1rio.<\/p>\n<h2 class=\"wp-block-heading\" id=\"h-wpd-members-unreasonably-tase-hit-during-minor-incidents-feds-found\">Membros do WPD atacam e atingem injustificadamente durante incidentes menores, descobriram os federais<\/h2>\n<p>As conclus\u00f5es do Departamento de Justi\u00e7a inclu\u00edram que o departamento \u201cse envolve num padr\u00e3o ou pr\u00e1tica de uso excessivo de for\u00e7a\u201d. O DOJ disse que membros do departamento atordoaram injustificadamente as pessoas com tasers e bateram na cabe\u00e7a ou no rosto de pessoas, especialmente aquelas que tinham defici\u00eancias comportamentais ou estavam em crise. <\/p>\n<p>Os policiais permitiram que seus c\u00e3es policiais mordessem, especialmente quando as pessoas detidas j\u00e1 estavam sob controle, disse o DOJ. <\/p>\n<p>A investiga\u00e7\u00e3o analisou 87 incidentes com taser de 2018 a 2022 e descobriu que os membros do departamento aplicam taser em pessoas que n\u00e3o cumprem imediatamente as exig\u00eancias dos agentes, mas que n\u00e3o resistem ativamente ou postam uma amea\u00e7a.<\/p>\n<p>Em um exemplo, um adolescente de Worcester recebeu dois choques enquanto caminhava lentamente para tr\u00e1s com as m\u00e3os para cima, apesar de o adolescente n\u00e3o corresponder \u00e0 descri\u00e7\u00e3o da chamada original sobre um grupo de \u201ccrian\u00e7as causando travessuras\u201d. <\/p>\n<p>Os policiais de Worcester tamb\u00e9m atingiram v\u00e1rias pessoas antes de tentar qualquer outra medida. Os policiais socaram e pulverizaram spray de pimenta repetidamente em um ladr\u00e3o de lojas, e os policiais tamb\u00e9m intensificaram uma verifica\u00e7\u00e3o da previd\u00eancia social de um homem desarmado \u201cexibindo sintomas relacionados \u00e0 sa\u00fade mental\u201d, dando-lhe v\u00e1rios socos no rosto, descobriram os promotores.<\/p>\n<p>O uso da for\u00e7a em geral tamb\u00e9m n\u00e3o foi adequadamente supervisionado, concluiu a investiga\u00e7\u00e3o. <\/p>\n<p>\u201cEsta investiga\u00e7\u00e3o revelou v\u00e1rias narrativas de oficiais que eram inconsistentes com outra documenta\u00e7\u00e3o que descrevia o mesmo uso da for\u00e7a, mas nenhum supervisor reconciliou essas inconsist\u00eancias ou perguntou sobre elas de outra forma\u201d, afirma o relat\u00f3rio de 43 p\u00e1ginas.<\/p>\n<p>Alguns agentes \u201cagrediram sexualmente mulheres sob amea\u00e7a de pris\u00e3o e envolveram-se em outras condutas sexuais problem\u00e1ticas\u201d, afirma o relat\u00f3rio.<\/p>\n<p>O departamento supostamente permitiu que os policiais tivessem contato sexual com mulheres suspeitas de serem trabalhadoras do sexo, o que n\u00e3o tinha nenhum prop\u00f3sito leg\u00edtimo de aplica\u00e7\u00e3o da lei, disse o DOJ. <\/p>\n<p>\u201cApesar de estar ciente destas quest\u00f5es, o WPD n\u00e3o conseguiu estabelecer as pol\u00edticas, a forma\u00e7\u00e3o e a supervis\u00e3o necess\u00e1rias para garantir que os agentes n\u00e3o violavam os direitos constitucionais das mulheres, permitindo, em vez disso, que uma cultura problem\u00e1tica e uma conduta ilegal continuassem sem controlo\u201d, afirma o relat\u00f3rio. \u201c<\/p>\n<p>O DOJ entrevistou membros da Vice-Unidade do WPD, que lida com crimes relacionados com sexo e drogas, bem como mulheres que alegadamente tiveram experi\u00eancias pessoais com m\u00e1 conduta sexual de agentes. Muitos dos casos envolveram um policial tocando ou pedindo para ser tocado antes de prender a mulher.<\/p>\n<p>A investiga\u00e7\u00e3o descobriu que os policiais teriam supostamente agredido mulheres sexualmente e exigido atos sexuais em troca de assist\u00eancia policial, disse o DOJ. Num caso, um agente alegadamente identificou-se, mostrou a sua arma e mostrou a uma mulher um saco de drogas antes de amea\u00e7ar prend\u00ea-la se ela n\u00e3o praticasse sexo oral.<\/p>\n<p>\u201cEle deu a ela US$ 40 e comentou que ela teve sorte de receber algum dinheiro\u201d, disse o relat\u00f3rio. \u201cDe acordo com a mulher, em pelo menos duas ocasi\u00f5es adicionais o mesmo policial a pegou em diferentes carros alugados e a for\u00e7ou a fazer sexo oral.\u201d<\/p>\n<p>O relat\u00f3rio tamb\u00e9m afirma que os agentes pagavam \u00e0s mulheres por sexo fora das suas fun\u00e7\u00f5es oficiais, revelando \u201cuma cultura no WPD onde os agentes podem envolver-se livremente em atos ilegais com mulheres \u2013 sem consequ\u00eancias\u201d. <\/p>\n<p>O relat\u00f3rio concluiu que as investiga\u00e7\u00f5es do departamento sobre viol\u00eancia sexual s\u00e3o insuficientes e, embora n\u00e3o sejam inconstitucionais, o preconceito de g\u00e9nero pode interferir no tratamento dessas investiga\u00e7\u00f5es.<\/p>\n<h2 class=\"wp-block-heading\" id=\"h-enforcement-disproportionately-affects-hispanic-and-black-people\">A fiscaliza\u00e7\u00e3o afeta desproporcionalmente os hisp\u00e2nicos e negros<\/h2>\n<p>A investiga\u00e7\u00e3o descobriu que adultos e jovens hisp\u00e2nicos e negros eram mais propensos a enfrentar uma parada de tr\u00e2nsito que terminasse com pris\u00e3o, advert\u00eancia por escrito, cita\u00e7\u00e3o ou queixa criminal da pol\u00edcia de Worcester. Esses grupos tamb\u00e9m tinham maior probabilidade de serem presos por delitos menores e tratados com for\u00e7a excessiva.<\/p>\n<p>\u201cAtualmente, Worcester n\u00e3o tem uma pol\u00edtica que exige que os policiais documentem todas as paradas, nem rastreia o motivo da equipe, e Worcester tamb\u00e9m quase nunca documenta se uma busca foi realizada\u201d, disse o procurador assistente dos EUA, Gregory Dorchak, na noite de segunda-feira.<\/p>\n<p>O relat\u00f3rio afirma que essas disparidades raciais n\u00e3o reflectem necessariamente discrimina\u00e7\u00e3o ilegal, mas os dados \u201cmostra claramente um efeito desproporcional sobre as pessoas de cor\u201d.<\/p>\n<p>Os promotores apresentaram solu\u00e7\u00f5es para melhorar o departamento, incluindo pol\u00edticas, treinamento e pr\u00e1ticas de supervis\u00e3o novas e revisadas.<\/p>\n<p>\u201cEmbora as conclus\u00f5es anunciadas no relat\u00f3rio de hoje sejam s\u00e9rias e preocupantes, hoje iniciamos um novo cap\u00edtulo\u201d, disse Levy. \u201cEsperamos trabalhar com a cidade de Worcester e a nova lideran\u00e7a do Departamento de Pol\u00edcia de Worcester para implementar reformas que evitar\u00e3o a recorr\u00eancia deste tipo de incidentes.\u201d<\/p>\n<h2 class=\"wp-block-heading\" id=\"h-reactions-from-mayor-city-manager-councilors\">Rea\u00e7\u00f5es de prefeito, gestor municipal, vereadores<\/h2>\n<p>O gerente da cidade de Worcester, Eric Batista, disse em comunicado na ter\u00e7a-feira que muitas das recomenda\u00e7\u00f5es do relat\u00f3rio foram implementadas ou est\u00e3o em andamento.<\/p>\n<p>\u201cJ\u00e1 come\u00e7amos a melhorar nossa coleta de dados e an\u00e1lise demogr\u00e1fica, e uma quantidade significativa de dados, incluindo incidentes de uso da for\u00e7a e investiga\u00e7\u00f5es do Bureau of Professional Standards, est\u00e1 atualmente acess\u00edvel em nosso portal de dados abertos <a href=\"https:\/\/opendata.worcesterma.gov\/\">Informando Worcester<\/a>\u201d, disse Batista.<\/p>\n<p>Ele planeja apresentar uma proposta do Conselho de Revis\u00e3o Civil \u00e0 C\u00e2mara Municipal, disse ele.<\/p>\n<p>\u201cEntretanto, os membros do Departamento de Pol\u00edcia de Worcester, que servem esmagadoramente a nossa comunidade com integridade e compaix\u00e3o, continuar\u00e3o a sua cont\u00ednua sensibiliza\u00e7\u00e3o comunit\u00e1ria para construir relacionamentos e confian\u00e7a, ao mesmo tempo que continuam a refinar e melhorar as pol\u00edticas do Departamento\u201d, dizia a sua declara\u00e7\u00e3o.<\/p>\n<p>Etel Haxhiaj, vereadora da cidade de Worcester, disse que ficou \u201cfrustrada\u201d com o advogado externo Kelly e seus coment\u00e1rios sobre a investiga\u00e7\u00e3o.<\/p>\n<p>\u201cEstou farto de como ele foi autorizado a minar e rejeitar este relat\u00f3rio. N\u00e3o \u00e9 assim que avan\u00e7amos na dire\u00e7\u00e3o da responsabiliza\u00e7\u00e3o\u201d, Haxhiaj <a href=\"https:\/\/x.com\/Etel_Haxhiaj\/status\/1866220454450471052\">escreveu no X<\/a>. \u201cDeixe-me esclarecer. Ele n\u00e3o fala por mim. N\u00e3o sei por que ele tem permiss\u00e3o para falar em nome da cidade, do administrador municipal ou do chefe interino de pol\u00edcia.\u201d<\/p>\n<p>O prefeito de Worcester, Joseph Petty, disse ao Worcester <a href=\"https:\/\/www.telegram.com\/story\/news\/local\/2024\/12\/10\/mayor-petty-police-investigation-reaction\/76890733007\/\"><em>Telegrama e Gazeta<\/em><\/a>  que \u201cembora eu questione algumas das declara\u00e7\u00f5es feitas, s\u00f3 posso processar totalmente o relat\u00f3rio com os materiais investigativos do DOJ\u201d. <\/p>\n<p>\u201cQuero garantir que este processo mostre compaix\u00e3o e empatia para com aqueles que foram impactados, incluindo membros da comunidade BIPOC e sobreviventes do com\u00e9rcio sexual comercial\u201d, escreveu Petty, de acordo com o T&#038;G.<\/p>\n<div class=\"o-author-single has-avatar\">\n<header class=\"m-author-card\">\n<div class=\"a-image a-image--square m-author-card__image\">\n\t\t<img decoding=\"async\" class=\"\" src=\"https:\/\/www.boston.com\/wp-content\/uploads\/2024\/10\/cropped-molly-farrar-6707200226887-6707200bea6c0-242x242.jpg\" alt=\"Imagem do perfil de Molly Farrar\"\/>\t<\/div>\n<\/header>\n<section class=\"author-info\">\n<div class=\"m-author__section\">\n<p>Molly Farrar \u00e9 rep\u00f3rter geral do Boston.com, com foco em educa\u00e7\u00e3o, pol\u00edtica, crime e muito mais.<\/p>\n<\/div>\n<\/section>\n<\/div>\n<div class=\"m-block m-generic-cta\t m-generic-cta--post-content\t m-generic-cta--dark\t m-generic-cta--homepage\t m-generic-cta--email-signup\t\t m-generic-cta-block-style--default \tt-amp__generic-cta\"><\/p>\n<div class=\"m-generic-cta__wrap\">\n<div class=\"m-generic-cta__content\">\n<h3 class=\"m-generic-cta__title\">Boston.com hoje<\/h3>\n<p class=\"m-generic-cta__subtitle\">Inscreva-se para receber as \u00faltimas manchetes em sua caixa de entrada todas as manh\u00e3s.<\/p>\n<\/p><\/div>\n<\/p><\/div>\n<\/div><\/div>\n<p><script>\n\t\tvar consent=\"grant\";\n\t\t\/* The above code is parsing the JSON data from the local storage and storing it in a variable. *\/\n\t\t\t\t\tconst onetrustStorageConsent = JSON.parse(localStorage.getItem( 'consent_one_trust_bdc' ) );\n\t\t\tif ( ( onetrustStorageConsent !== null ) ) {\n\t\t\t\t\/* Checking to see if the user has consented to the use of cookies.\n\t\t\t\t* If they have not, it is deleting the cookie.\n\t\t\t\t* This will comment for now, until further notice.\n\t\t\t\t*\/\n\t\t\t\t\/\/if ( onetrustStorageConsent.C0002 === false ) {\n\t\t\t\t\/\/\tdocument.cookie=\"_fbp=;expires=Thu, 01 Jan 2010 00:00:00 UTC; path=\/; domain=.boston.com\";\n\t\t\t\t\/\/}\n\t\t\t\t\/* Checking if the user has given consent for the cookie C0002.\n\t\t\t\t* If the user has given consent, the variable consent will be set to 'grant'.\n\t\t\t\t* If the user has not given consent,the variable consent will be set to 'revoke'.\n\t\t\t\t* Documentation https:\/\/developers.facebook.com\/docs\/meta-pixel\/implementation\/gdpr\n\t\t\t\t*\/\n\t\t\t\tif ( onetrustStorageConsent.C0002 !== true ) {\n\t\t\t\t\tconsent=\"revoke\";\n\t\t\t\t}\n\t\t\t}\n\t\t\t\t!function(f,b,e,v,n,t,s)\n\t\t{if(f.fbq)return;n=f.fbq=function(){n.callMethod?\n\t\tn.callMethod.apply(n,arguments):n.queue.push(arguments)};\n\t\tif(!f._fbq)f._fbq=n;n.push=n;n.loaded=!0;n.version='2.0';\n\t\tn.queue=[];t=b.createElement(e);t.async=!0;\n\t\tt.src=v;s=b.getElementsByTagName(e)[0];\n\t\ts.parentNode.insertBefore(t,s)}(window, document,'script',\n\t\t'https:\/\/connect.facebook.net\/en_US\/fbevents.js');\n\t\tfbq('consent', consent);\n\t\tfbq('init', '989222871864976');\n\t\tfbq('track', 'PageView');\n\t<\/script><script type=\"module\">\n\t\tvar consent=\"grant\";\n\t\t\/* The above code is parsing the JSON data from the local storage and storing it in a variable. *\/\n\t\t\tconst onetrustStorageConsent = JSON.parse(localStorage.getItem( 'consent_one_trust_bdc' ) );\n\t\t\t\/* Checking to see if the user has consented to the use of cookies.\n\t\t\t* If they have not, it is deleting the cookie.\n\t\t\t* This will comment for now, until further notice.\n\t\t\t*\/\n\t\t\t\/\/if ( onetrustStorageConsent.C0002 === false ) {\n\t\t\t\/\/\tdocument.cookie=\"_fbp=;expires=Thu, 01 Jan 2010 00:00:00 UTC; path=\/; domain=.boston.com\";\n\t\t\t\/\/}\n\t\t\t\/* Checking if the user has given consent for the cookie C0002.\n\t\t\t* If the user has given consent, the variable consent will be set to 'grant'.\n\t\t\t* If the user has not given consent,the variable consent will be set to 'revoke'.\n\t\t\t* Documentation https:\/\/developers.facebook.com\/docs\/meta-pixel\/implementation\/gdpr\n\t\t\t*\/\n\t\t\tif ( ( onetrustStorageConsent !== null ) && (onetrustStorageConsent.C0002 !== true ) ) {\n\t\t\t\tconsent=\"revoke\";\n\t\t\t}\n\t\t\t\t!function(f,b,e,v,n,t,s){if(f.fbq)return;n=f.fbq=function()\n\t\t{n.callMethod? n.callMethod.apply(n,arguments):n.queue.push(arguments)}\n\t\t;if(!f._fbq)f._fbq=n;\n\t\tn.push=n;n.loaded=!0;n.version='2.0';n.queue=[];t=b.createElement(e);t.async=!0;\n\t\tt.src=v;s=b.getElementsByTagName(e)[0];s.parentNode.insertBefore(t,s)}(window,\n\t\tdocument,'script','https:\/\/connect.facebook.net\/en_US\/fbevents.js');\n\t\tfbq('consent', consent);\n\t\tfbq('init', '813236348753005');\n\t\tfbq('track', \"PageView\");\n\t<\/script><br \/>\n<br \/><br \/>\n<br \/><a href=\"https:\/\/www.boston.com\/news\/local-news\/2024\/12\/10\/justice-department-investigation-finds-worcester-police-officers-sexually-assaulted-suspected-sex-workers\/\">Source link <\/a><\/p>","protected":false},"excerpt":{"rendered":"<p>Not\u00edcias locais O DOJ tamb\u00e9m informou que o departamento usa for\u00e7a excessiva e policia desproporcionalmente os negros e hisp\u00e2nicos. Um carro da pol\u00edcia de Worcester no local de uma investiga\u00e7\u00e3o&hellip;<\/p>","protected":false},"author":1,"featured_media":74323,"comment_status":"closed","ping_status":"open","sticky":false,"template":"","format":"standard","meta":{"content-type":"","footnotes":""},"categories":[1],"tags":[],"class_list":["post-74322","post","type-post","status-publish","format-standard","has-post-thumbnail","hentry","category-uncategorized"],"_links":{"self":[{"href":"https:\/\/tvbrazilusa.com\/pt\/wp-json\/wp\/v2\/posts\/74322","targetHints":{"allow":["GET"]}}],"collection":[{"href":"https:\/\/tvbrazilusa.com\/pt\/wp-json\/wp\/v2\/posts"}],"about":[{"href":"https:\/\/tvbrazilusa.com\/pt\/wp-json\/wp\/v2\/types\/post"}],"author":[{"embeddable":true,"href":"https:\/\/tvbrazilusa.com\/pt\/wp-json\/wp\/v2\/users\/1"}],"replies":[{"embeddable":true,"href":"https:\/\/tvbrazilusa.com\/pt\/wp-json\/wp\/v2\/comments?post=74322"}],"version-history":[{"count":1,"href":"https:\/\/tvbrazilusa.com\/pt\/wp-json\/wp\/v2\/posts\/74322\/revisions"}],"predecessor-version":[{"id":74324,"href":"https:\/\/tvbrazilusa.com\/pt\/wp-json\/wp\/v2\/posts\/74322\/revisions\/74324"}],"wp:featuredmedia":[{"embeddable":true,"href":"https:\/\/tvbrazilusa.com\/pt\/wp-json\/wp\/v2\/media\/74323"}],"wp:attachment":[{"href":"https:\/\/tvbrazilusa.com\/pt\/wp-json\/wp\/v2\/media?parent=74322"}],"wp:term":[{"taxonomy":"category","embeddable":true,"href":"https:\/\/tvbrazilusa.com\/pt\/wp-json\/wp\/v2\/categories?post=74322"},{"taxonomy":"post_tag","embeddable":true,"href":"https:\/\/tvbrazilusa.com\/pt\/wp-json\/wp\/v2\/tags?post=74322"}],"curies":[{"name":"wp","href":"https:\/\/api.w.org\/{rel}","templated":true}]}}