{"id":74440,"date":"2024-12-11T03:39:51","date_gmt":"2024-12-11T03:39:51","guid":{"rendered":"https:\/\/tvbrazilusa.com\/2024\/12\/11\/e-uma-menina-paramedicos-de-gloucester-entregam-bebe-em-ambulancia\/"},"modified":"2024-12-11T03:46:00","modified_gmt":"2024-12-11T03:46:00","slug":"e-uma-menina-paramedicos-de-gloucester-entregam-bebe-em-ambulancia","status":"publish","type":"post","link":"https:\/\/tvbrazilusa.com\/pt\/2024\/12\/11\/e-uma-menina-paramedicos-de-gloucester-entregam-bebe-em-ambulancia\/","title":{"rendered":"\u00c9 uma menina! Param\u00e9dicos de Gloucester entregam beb\u00ea em ambul\u00e2ncia"},"content":{"rendered":"<p> <script async src=\"https:\/\/pagead2.googlesyndication.com\/pagead\/js\/adsbygoogle.js?client=ca-pub-8864793242727901\"\r\n     crossorigin=\"anonymous\"><\/script><br \/>\n<\/p>\n<div id=\"\">\n<header class=\"m-article-header m-article-header--standard\">\n\t\t\t\t\t\t\t\t\t\t\t\t<span id=\"article-header-primary-term\"><br \/>\n\t\t\t\t\t\t\t\t<a class=\"a-term a-term--primary\" href=\"https:\/\/www.boston.com\/tag\/local-news\/\"><\/p>\n<p>\t\t\t\t\t\t\t\tNot\u00edcias locais\t\t\t\t\t\t\t\t<\/a><br \/>\n\t\t\t\t\t\t\t<\/span><\/p>\n<h2 class=\"m-article-header__sub-headline\">O chefe dos bombeiros, Eric Smith, disse que a m\u00e3e e o beb\u00ea est\u00e3o \u201cbem\u201d.<\/h2>\n<figure class=\"a-photo m-article-header__photo\"><figcaption class=\"a-photo__caption\">\n\t<em> <\/em>\t<\/figcaption><\/figure>\n<\/header>\n<p>Os param\u00e9dicos em Gloucester deram \u00e0 luz um beb\u00ea no domingo em uma ambul\u00e2ncia a caminho do hospital, disse o chefe dos bombeiros da cidade em um comunicado.<\/p>\n<p>Membros do Corpo de Bombeiros de Gloucester responderam a uma casa por volta de 1h40 de domingo, ap\u00f3s receberem a den\u00fancia de uma mulher em trabalho de parto, o <a href=\"https:\/\/gloucesterfd.com\/2024\/12\/10\/gloucester-fire-department-paramedics-deliver-baby-in-ambulance\/?fbclid=IwZXh0bgNhZW0CMTEAAR0BWvQMph4Gi4Zi4JQEki-IPiG7c0W3ahUe00hP_W7ufcDBqFCKNONrbgI_aem_-j0wpbpfx9y8FOYuaFcHpw\">declara\u00e7\u00e3o<\/a> disse. Na chegada, os param\u00e9dicos avaliaram a gestante e se prepararam para lev\u00e1-la a um hospital local.<\/p>\n<p>O parto tornou-se \u201ciminente\u201d no caminho para o hospital. Dois param\u00e9dicos a bordo, Sean Ellis e Abigail Meadowcroft, entraram em a\u00e7\u00e3o e deram \u00e0 luz uma \u201cmenina saud\u00e1vel\u201d na parte de tr\u00e1s da ambul\u00e2ncia \u00e0s 2h16, de acordo com o comunicado.<\/p>\n<p>Os param\u00e9dicos levaram o beb\u00ea e sua m\u00e3e ao Hospital Beverly para cuidados adicionais. O chefe Eric Smith parabenizou a fam\u00edlia por sua nova adi\u00e7\u00e3o e agradeceu a Ellis e Meadowcroft por seu trabalho \u201capesar das circunst\u00e2ncias desafiadoras\u201d.<\/p>\n<p>\u201cEsta empresa de ambul\u00e2ncias fez um excelente trabalho e teve a honra de fornecer cuidados m\u00e9dicos para um momento positivo na vida de uma fam\u00edlia\u201d, disse Smith. \u201cNem todas as liga\u00e7\u00f5es do EMS t\u00eam finais t\u00e3o felizes. Estamos orgulhosos de ter tido a oportunidade de ajudar esta fam\u00edlia necessitada de Gloucester.\u201d<\/p>\n<p>Smith disse que m\u00e3e e filho est\u00e3o \u201cbem\u201d.<\/p>\n<div class=\"o-author-single has-avatar\">\n<header class=\"m-author-card\">\n<div class=\"a-image a-image--square m-author-card__image\">\n\t\t\t<\/div>\n<\/header>\n<section class=\"author-info\">\n<div class=\"m-author__section\">\n<p>Eva Levin \u00e9 uma cooperativa de tarefas gerais do Boston.com. Ela cobre not\u00edcias locais e de \u00faltima hora em Boston e al\u00e9m.<\/p>\n<\/div>\n<\/section>\n<\/div>\n<div class=\"m-block m-generic-cta\t m-generic-cta--post-content\t m-generic-cta--dark\t m-generic-cta--homepage\t m-generic-cta--email-signup\t\t m-generic-cta-block-style--default \tt-amp__generic-cta\"><\/p>\n<div class=\"m-generic-cta__wrap\">\n<div class=\"m-generic-cta__content\">\n<h3 class=\"m-generic-cta__title\">Boston.com hoje<\/h3>\n<p class=\"m-generic-cta__subtitle\">Inscreva-se para receber as \u00faltimas manchetes em sua caixa de entrada todas as manh\u00e3s.<\/p>\n<\/p><\/div>\n<\/p><\/div>\n<\/div><\/div>\n<p><script>\n\t\tvar consent=\"grant\";\n\t\t\/* The above code is parsing the JSON data from the local storage and storing it in a variable. *\/\n\t\t\t\t\tconst onetrustStorageConsent = JSON.parse(localStorage.getItem( 'consent_one_trust_bdc' ) );\n\t\t\tif ( ( onetrustStorageConsent !== null ) ) {\n\t\t\t\t\/* Checking to see if the user has consented to the use of cookies.\n\t\t\t\t* If they have not, it is deleting the cookie.\n\t\t\t\t* This will comment for now, until further notice.\n\t\t\t\t*\/\n\t\t\t\t\/\/if ( onetrustStorageConsent.C0002 === false ) {\n\t\t\t\t\/\/\tdocument.cookie=\"_fbp=;expires=Thu, 01 Jan 2010 00:00:00 UTC; path=\/; domain=.boston.com\";\n\t\t\t\t\/\/}\n\t\t\t\t\/* Checking if the user has given consent for the cookie C0002.\n\t\t\t\t* If the user has given consent, the variable consent will be set to 'grant'.\n\t\t\t\t* If the user has not given consent,the variable consent will be set to 'revoke'.\n\t\t\t\t* Documentation https:\/\/developers.facebook.com\/docs\/meta-pixel\/implementation\/gdpr\n\t\t\t\t*\/\n\t\t\t\tif ( onetrustStorageConsent.C0002 !== true ) {\n\t\t\t\t\tconsent=\"revoke\";\n\t\t\t\t}\n\t\t\t}\n\t\t\t\t!function(f,b,e,v,n,t,s)\n\t\t{if(f.fbq)return;n=f.fbq=function(){n.callMethod?\n\t\tn.callMethod.apply(n,arguments):n.queue.push(arguments)};\n\t\tif(!f._fbq)f._fbq=n;n.push=n;n.loaded=!0;n.version='2.0';\n\t\tn.queue=[];t=b.createElement(e);t.async=!0;\n\t\tt.src=v;s=b.getElementsByTagName(e)[0];\n\t\ts.parentNode.insertBefore(t,s)}(window, document,'script',\n\t\t'https:\/\/connect.facebook.net\/en_US\/fbevents.js');\n\t\tfbq('consent', consent);\n\t\tfbq('init', '989222871864976');\n\t\tfbq('track', 'PageView');\n\t<\/script><script type=\"module\">\n\t\tvar consent=\"grant\";\n\t\t\/* The above code is parsing the JSON data from the local storage and storing it in a variable. *\/\n\t\t\tconst onetrustStorageConsent = JSON.parse(localStorage.getItem( 'consent_one_trust_bdc' ) );\n\t\t\t\/* Checking to see if the user has consented to the use of cookies.\n\t\t\t* If they have not, it is deleting the cookie.\n\t\t\t* This will comment for now, until further notice.\n\t\t\t*\/\n\t\t\t\/\/if ( onetrustStorageConsent.C0002 === false ) {\n\t\t\t\/\/\tdocument.cookie=\"_fbp=;expires=Thu, 01 Jan 2010 00:00:00 UTC; path=\/; domain=.boston.com\";\n\t\t\t\/\/}\n\t\t\t\/* Checking if the user has given consent for the cookie C0002.\n\t\t\t* If the user has given consent, the variable consent will be set to 'grant'.\n\t\t\t* If the user has not given consent,the variable consent will be set to 'revoke'.\n\t\t\t* Documentation https:\/\/developers.facebook.com\/docs\/meta-pixel\/implementation\/gdpr\n\t\t\t*\/\n\t\t\tif ( ( onetrustStorageConsent !== null ) && (onetrustStorageConsent.C0002 !== true ) ) {\n\t\t\t\tconsent=\"revoke\";\n\t\t\t}\n\t\t\t\t!function(f,b,e,v,n,t,s){if(f.fbq)return;n=f.fbq=function()\n\t\t{n.callMethod? n.callMethod.apply(n,arguments):n.queue.push(arguments)}\n\t\t;if(!f._fbq)f._fbq=n;\n\t\tn.push=n;n.loaded=!0;n.version='2.0';n.queue=[];t=b.createElement(e);t.async=!0;\n\t\tt.src=v;s=b.getElementsByTagName(e)[0];s.parentNode.insertBefore(t,s)}(window,\n\t\tdocument,'script','https:\/\/connect.facebook.net\/en_US\/fbevents.js');\n\t\tfbq('consent', consent);\n\t\tfbq('init', '813236348753005');\n\t\tfbq('track', \"PageView\");\n\t<\/script><br \/>\n<br \/><br \/>\n<br \/><a href=\"https:\/\/www.boston.com\/news\/local-news\/2024\/12\/10\/its-a-girl-gloucester-paramedics-deliver-baby-in-ambulance\/\">Source link <\/a><\/p>","protected":false},"excerpt":{"rendered":"<p>Not\u00edcias locais O chefe dos bombeiros, Eric Smith, disse que a m\u00e3e e o beb\u00ea est\u00e3o \u201cbem\u201d. Os param\u00e9dicos em Gloucester deram \u00e0 luz um beb\u00ea no domingo em uma&hellip;<\/p>","protected":false},"author":1,"featured_media":61205,"comment_status":"closed","ping_status":"open","sticky":false,"template":"","format":"standard","meta":{"content-type":"","footnotes":""},"categories":[1],"tags":[],"class_list":["post-74440","post","type-post","status-publish","format-standard","has-post-thumbnail","hentry","category-uncategorized"],"_links":{"self":[{"href":"https:\/\/tvbrazilusa.com\/pt\/wp-json\/wp\/v2\/posts\/74440","targetHints":{"allow":["GET"]}}],"collection":[{"href":"https:\/\/tvbrazilusa.com\/pt\/wp-json\/wp\/v2\/posts"}],"about":[{"href":"https:\/\/tvbrazilusa.com\/pt\/wp-json\/wp\/v2\/types\/post"}],"author":[{"embeddable":true,"href":"https:\/\/tvbrazilusa.com\/pt\/wp-json\/wp\/v2\/users\/1"}],"replies":[{"embeddable":true,"href":"https:\/\/tvbrazilusa.com\/pt\/wp-json\/wp\/v2\/comments?post=74440"}],"version-history":[{"count":1,"href":"https:\/\/tvbrazilusa.com\/pt\/wp-json\/wp\/v2\/posts\/74440\/revisions"}],"predecessor-version":[{"id":74441,"href":"https:\/\/tvbrazilusa.com\/pt\/wp-json\/wp\/v2\/posts\/74440\/revisions\/74441"}],"wp:featuredmedia":[{"embeddable":true,"href":"https:\/\/tvbrazilusa.com\/pt\/wp-json\/wp\/v2\/media\/61205"}],"wp:attachment":[{"href":"https:\/\/tvbrazilusa.com\/pt\/wp-json\/wp\/v2\/media?parent=74440"}],"wp:term":[{"taxonomy":"category","embeddable":true,"href":"https:\/\/tvbrazilusa.com\/pt\/wp-json\/wp\/v2\/categories?post=74440"},{"taxonomy":"post_tag","embeddable":true,"href":"https:\/\/tvbrazilusa.com\/pt\/wp-json\/wp\/v2\/tags?post=74440"}],"curies":[{"name":"wp","href":"https:\/\/api.w.org\/{rel}","templated":true}]}}