{"id":74445,"date":"2024-12-11T03:48:22","date_gmt":"2024-12-11T03:48:22","guid":{"rendered":"https:\/\/tvbrazilusa.com\/2024\/12\/11\/a-imprensa-internacional-repercute-a-cirurgia-de-emergencia-de-lula-tv-florida-usa-a-sua-tv-brasileira-nos-estados-unidos\/"},"modified":"2024-12-11T04:04:38","modified_gmt":"2024-12-11T04:04:38","slug":"a-imprensa-internacional-repercute-a-cirurgia-de-emergencia-de-lula-tv-florida-usa-a-sua-tv-brasileira-nos-estados-unidos","status":"publish","type":"post","link":"https:\/\/tvbrazilusa.com\/pt\/2024\/12\/11\/a-imprensa-internacional-repercute-a-cirurgia-de-emergencia-de-lula-tv-florida-usa-a-sua-tv-brasileira-nos-estados-unidos\/","title":{"rendered":"A imprensa internacional repercute a cirurgia de emerg\u00eancia de Lula \u2013 TV Florida USA \u2013 A sua TV Brasileira nos Estados Unidos"},"content":{"rendered":"<p> <script async src=\"https:\/\/pagead2.googlesyndication.com\/pagead\/js\/adsbygoogle.js?client=ca-pub-8864793242727901\"\r\n     crossorigin=\"anonymous\"><\/script><br \/>\n<\/p>\n<div id=\"taboola-read-more\" style=\"display:block; width:100%\">\n<p>A imprensa internacional repercutiu nesta ter\u00e7a-feira (10) a interna\u00e7\u00e3o \u00e0s pressas do presidente Luiz In\u00e1cio Lula da Silva em S\u00e3o Paulo ap\u00f3s sentir fortes dores na cabe\u00e7a. Exames de imagem indicaram a presen\u00e7a de uma hemorragia intracraniana, resultado de um acidente dom\u00e9stico sofrido em outubro deste ano.\n<\/p>\n<p>O jornal The New York Times explicou que um sangramento na cabe\u00e7a foi o motivo da cirurgia e cita a suspeita do Hospital S\u00edrio-Liban\u00eas, onde o presidente est\u00e1 internado, de conex\u00e3o com o acidente sofrido por Lula em outubro.<\/p>\n<p>O jornal portugu\u00eas Di\u00e1rio de Not\u00edcias destacou o estado de sa\u00fade do presidente brasileiro ap\u00f3s o procedimento cir\u00fargico, realizado nesta madrugada. \u201cCl\u00ednicos sublinham que les\u00e3o n\u00e3o foi no c\u00e9rebro e sim num osso e estimam regresso \u00e0 atividade normal na segunda-feira, 16\u201d, explica a reportagem.\n<\/p>\n<p>Di\u00e1rio de Not\u00edcias repercurte cirurgia \u00e0s pressas de Lula | Reprodu\u00e7\u00e3o\n<\/p>\n<p>J\u00e1 o alem\u00e3o Spiegel e o brit\u00e2nico The Guardian, destacaram que Lula deve permanecer em observa\u00e7\u00e3o na UTI por 48 horas, e est\u00e1 com um dreno acoplado \u00e0 cabe\u00e7a, que dever\u00e1 ser retirado daqui tr\u00eas dias.\n<\/p>\n<\/p>\n<p>Spiegel repercute estado de sa\u00fade do presidente Lula ap\u00f3s cirurgia em S\u00e3o Paulo | Reprodu\u00e7\u00e3o\n<\/p>\n<p><img decoding=\"async\" src=\"https:\/\/sbt-news-assets-prod.s3.sa-east-1.amazonaws.com\/The_Guardian_destaca_que_Lula_esta_na_UTI_apos_cirurgia_as_pressas_em_Sao_Paulo_a7816158eb.JPG\" alt=\"\" width=\"100%\"\/>\n<\/p>\n<p>The Guardian destaca que Lula est\u00e1 na UTI ap\u00f3s cirurgia \u00e0s pressas em S\u00e3o Paulo | Reprodu\u00e7\u00e3o\n<\/p>\n<p>O El Pa\u00eds, da Espanha, mencionou na reportagem as dores de cabe\u00e7a que o chefe de Estado teria sentido ao longo do dia, antes de procurar o hospital S\u00edrio-liban\u00eas de Bras\u00edlia e ser transferido, posteriormente, para S\u00e3o Paulo por um avi\u00e3o da For\u00e7a A\u00e9rea Brasileira (FAB).\n<\/p>\n<p>\u201cO presidente do Brasil, de 79 anos, est\u00e1 acordado e est\u00e1vel, monitorado na UTI de um hospital de S\u00e3o Paulo, para onde foi transferido em um avi\u00e3o militar\u201d, menciona.\n<\/p>\n<p><img decoding=\"async\" src=\"https:\/\/sbt-news-assets-prod.s3.sa-east-1.amazonaws.com\/El_Pais_da_Espanha_tambem_repercutiu_internacao_de_Lula_269901660a.JPG\" alt=\"\" width=\"100%\"\/>\n<\/p>\n<p>El Pa\u00eds da Espanha tamb\u00e9m repercutiu interna\u00e7\u00e3o de Lula | Reprodu\u00e7\u00e3o\n<\/p>\n<p>O jornal franc\u00eas Le Parisien repercutiu as informa\u00e7\u00f5es divulgadas pela equipe m\u00e9dica do presidente em coletiva de imprensa nesta ter\u00e7a-feira (10), destacando na manchete que Lula est\u00e1 \u201csem sequelas\u201d ap\u00f3s opera\u00e7\u00e3o de \u201chemorragia intracraniana\u201d.\n<\/p>\n<p><img decoding=\"async\" src=\"https:\/\/sbt-news-assets-prod.s3.sa-east-1.amazonaws.com\/Le_Parisien_destaca_evolucao_no_quadro_de_Lula_apos_cirurgia_41885b6b0b.JPG\" alt=\"\" width=\"100%\"\/>\n<\/p>\n<p>Le Parisien destaca evolu\u00e7\u00e3o no quadro de Lula ap\u00f3s cirurgia | Reprodu\u00e7\u00e3o\n<\/p>\n<p>Fonte: SBT News              <\/p>\n<\/div>\n<p><br \/>\n<br \/><a href=\"https:\/\/tvfloridausa.com\/2024\/12\/11\/a-imprensa-internacional-repercute-a-cirurgia-de-emergencia-de-lula\/\">Source link <\/a><\/p>","protected":false},"excerpt":{"rendered":"<p>A imprensa internacional repercutiu nesta ter\u00e7a-feira (10) a interna\u00e7\u00e3o \u00e0s pressas do presidente Luiz In\u00e1cio Lula da Silva em S\u00e3o Paulo ap\u00f3s sentir fortes dores na cabe\u00e7a. Exames de imagem&hellip;<\/p>","protected":false},"author":1,"featured_media":74446,"comment_status":"closed","ping_status":"open","sticky":false,"template":"","format":"standard","meta":{"content-type":"","footnotes":""},"categories":[22],"tags":[],"class_list":["post-74445","post","type-post","status-publish","format-standard","has-post-thumbnail","hentry","category-tv-florida-usa"],"_links":{"self":[{"href":"https:\/\/tvbrazilusa.com\/pt\/wp-json\/wp\/v2\/posts\/74445","targetHints":{"allow":["GET"]}}],"collection":[{"href":"https:\/\/tvbrazilusa.com\/pt\/wp-json\/wp\/v2\/posts"}],"about":[{"href":"https:\/\/tvbrazilusa.com\/pt\/wp-json\/wp\/v2\/types\/post"}],"author":[{"embeddable":true,"href":"https:\/\/tvbrazilusa.com\/pt\/wp-json\/wp\/v2\/users\/1"}],"replies":[{"embeddable":true,"href":"https:\/\/tvbrazilusa.com\/pt\/wp-json\/wp\/v2\/comments?post=74445"}],"version-history":[{"count":1,"href":"https:\/\/tvbrazilusa.com\/pt\/wp-json\/wp\/v2\/posts\/74445\/revisions"}],"predecessor-version":[{"id":74447,"href":"https:\/\/tvbrazilusa.com\/pt\/wp-json\/wp\/v2\/posts\/74445\/revisions\/74447"}],"wp:featuredmedia":[{"embeddable":true,"href":"https:\/\/tvbrazilusa.com\/pt\/wp-json\/wp\/v2\/media\/74446"}],"wp:attachment":[{"href":"https:\/\/tvbrazilusa.com\/pt\/wp-json\/wp\/v2\/media?parent=74445"}],"wp:term":[{"taxonomy":"category","embeddable":true,"href":"https:\/\/tvbrazilusa.com\/pt\/wp-json\/wp\/v2\/categories?post=74445"},{"taxonomy":"post_tag","embeddable":true,"href":"https:\/\/tvbrazilusa.com\/pt\/wp-json\/wp\/v2\/tags?post=74445"}],"curies":[{"name":"wp","href":"https:\/\/api.w.org\/{rel}","templated":true}]}}