{"id":7445,"date":"2024-07-24T14:04:09","date_gmt":"2024-07-24T14:04:09","guid":{"rendered":"https:\/\/tvbrazilusa.com\/2024\/07\/24\/meta-anuncia-nova-inteligencia-artificial-inovadora-mas-brasil-acaba-ficando-de-fora-entenda\/"},"modified":"2024-07-24T14:10:07","modified_gmt":"2024-07-24T14:10:07","slug":"meta-anuncia-nova-inteligencia-artificial-inovadora-mas-brasil-acaba-ficando-de-fora-entenda","status":"publish","type":"post","link":"https:\/\/tvbrazilusa.com\/pt\/2024\/07\/24\/meta-anuncia-nova-inteligencia-artificial-inovadora-mas-brasil-acaba-ficando-de-fora-entenda\/","title":{"rendered":"Meta anuncia nova intelig\u00eancia artificial inovadora mas Brasil acaba ficando de fora; entenda"},"content":{"rendered":"<p> <script async src=\"https:\/\/pagead2.googlesyndication.com\/pagead\/js\/adsbygoogle.js?client=ca-pub-8864793242727901\"\r\n     crossorigin=\"anonymous\"><\/script><br \/>\n<\/p>\n<div>\n<p>A Meta, empresa respons\u00e1vel pelo Facebook, Instagram e WhatsApp, apresentou recentemente uma nova intelig\u00eancia artificial (IA) que j\u00e1 est\u00e1 dispon\u00edvel em sete idiomas e em v\u00e1rios pa\u00edses pelo mundo, incluindo na\u00e7\u00f5es da Am\u00e9rica Latina. Curiosamente, o Brasil foi exclu\u00eddo do lan\u00e7amento ap\u00f3s a Autoridade Nacional de Prote\u00e7\u00e3o de Dados (ANPD) proibir a coleta de dados de cidad\u00e3os brasileiros.<\/p>\n<p>Conforme anunciado pela Meta, a aus\u00eancia da IA em territ\u00f3rio brasileiro se deu devido a \u201cincertezas regulat\u00f3rias\u201d. A empresa informou que continuar\u00e1 colaborando com as autoridades locais para que, no futuro, o Brasil possa ter acesso \u00e0s mesmas inova\u00e7\u00f5es que est\u00e3o sendo implementadas em outros pa\u00edses. Atualmente, as ferramentas foram lan\u00e7adas na Argentina, Chile, Col\u00f4mbia, Equador, M\u00e9xico e Peru.<\/p>\n<h2 class=\"wp-block-heading\">Autoridade Nacional de Prote\u00e7\u00e3o de Dados (ANPD) Pro\u00edbe Coleta de Dados no Brasil<\/h2>\n<p>No in\u00edcio de julho de 2023, o Instituto de Defesa de Consumidores (Idec) alertou a ANPD, a Secretaria Nacional do Consumidor (Senacon) e o Conselho Administrativo de Defesa Econ\u00f4mica (Cade) sobre a maneira que a Meta estava utilizando informa\u00e7\u00f5es dos usu\u00e1rios de suas redes sociais no Brasil para treinar suas IAs.<\/p>\n<p>Como consequ\u00eancia, a ANPD ordenou que a Meta parasse de coletar essas informa\u00e7\u00f5es, citando poss\u00edveis viola\u00e7\u00f5es \u00e0 Lei Geral de Prote\u00e7\u00e3o de Dados (LGPD). A empresa foi amea\u00e7ada com uma multa di\u00e1ria de R$ 50 mil caso n\u00e3o cumprisse a ordem.<\/p>\n<h2 class=\"wp-block-heading\">Por que a Intelig\u00eancia Artificial da Meta N\u00e3o Est\u00e1 Dispon\u00edvel no Brasil?<\/h2>\n<p>Em resposta \u00e0s demandas das autoridades brasileiras, a Meta decidiu suspender temporariamente os recursos de intelig\u00eancia artificial generativa em suas plataformas no Brasil. De acordo com um porta-voz da empresa, este momento est\u00e1 sendo dedicado a esclarecer as d\u00favidas da ANPD sobre o uso da IA generativa.<\/p>\n<p>Esse impasse tamb\u00e9m aconteceu anteriormente na Uni\u00e3o Europeia, onde a Meta foi proibida de coletar dados para treinamento de suas IAs. Isso resultou na desist\u00eancia da empresa de lan\u00e7ar as novas ferramentas naquele mercado espec\u00edfico.<\/p>\n<h2 class=\"wp-block-heading\">O Que a Intelig\u00eancia Artificial da Meta Faz?<\/h2>\n<figure class=\"wp-block-image size-full\"><figcaption class=\"wp-element-caption\">Reprodu\u00e7\u00e3o\/Meta<\/figcaption><\/figure>\n<p>A nova ferramenta de IA da Meta, especificamente o recurso \u201cImagine-me\u201d, permite que os usu\u00e1rios, a partir de uma foto, forne\u00e7am comandos como \u201cimagine-me surfando\u201d. A IA ent\u00e3o gera imagens que podem ser compartilhadas nas redes sociais da empresa. Al\u00e9m disso, essa IA \u00e9 capaz de responder a perguntas complexas, inclusive resolver problemas matem\u00e1ticos rapidamente.<\/p>\n<p>Essa tecnologia est\u00e1 sendo oferecida experimentalmente nos Estados Unidos e Canad\u00e1 atrav\u00e9s dos \u00f3culos inteligentes Ray-Ban Meta, onde os usu\u00e1rios podem utilizar comandos de voz para verificar informa\u00e7\u00f5es como clima e not\u00edcias em tempo real.<\/p>\n<h2 class=\"wp-block-heading\">Quais s\u00e3o as Fun\u00e7\u00f5es do Novo Modelo de Linguagem da Meta?<\/h2>\n<p>Acompanhando o lan\u00e7amento da nova intelig\u00eancia artificial, a Meta tamb\u00e9m apresentou um novo modelo de linguagem (LLM) de c\u00f3digo aberto, o Llama 3.1. Este modelo possui 405 bilh\u00f5es de par\u00e2metros, colocando-o no mesmo n\u00edvel de sofisticadas IAs como o GPT-4. O Llama \u00e9 amplamente utilizado por pesquisadores e startups para desenvolver e aprimorar servi\u00e7os de IA, apesar da Meta n\u00e3o divulgar quais dados espec\u00edficos foram usados para trein\u00e1-lo.<\/p>\n<\/p><\/div>\n<p><br \/>\n<br \/><a href=\"https:\/\/terrabrasilnoticias.com\/2024\/07\/meta-anuncia-nova-inteligencia-artificial-inovadora-mas-brasil-acaba-ficando-de-fora-entenda\/\">Source link <\/a><\/p>","protected":false},"excerpt":{"rendered":"<p>A Meta, empresa respons\u00e1vel pelo Facebook, Instagram e WhatsApp, apresentou recentemente uma nova intelig\u00eancia artificial (IA) que j\u00e1 est\u00e1 dispon\u00edvel em sete idiomas e em v\u00e1rios pa\u00edses pelo mundo, incluindo&hellip;<\/p>","protected":false},"author":1,"featured_media":7446,"comment_status":"closed","ping_status":"open","sticky":false,"template":"","format":"standard","meta":{"content-type":"","footnotes":""},"categories":[16],"tags":[],"class_list":["post-7445","post","type-post","status-publish","format-standard","has-post-thumbnail","hentry","category-noticias"],"_links":{"self":[{"href":"https:\/\/tvbrazilusa.com\/pt\/wp-json\/wp\/v2\/posts\/7445","targetHints":{"allow":["GET"]}}],"collection":[{"href":"https:\/\/tvbrazilusa.com\/pt\/wp-json\/wp\/v2\/posts"}],"about":[{"href":"https:\/\/tvbrazilusa.com\/pt\/wp-json\/wp\/v2\/types\/post"}],"author":[{"embeddable":true,"href":"https:\/\/tvbrazilusa.com\/pt\/wp-json\/wp\/v2\/users\/1"}],"replies":[{"embeddable":true,"href":"https:\/\/tvbrazilusa.com\/pt\/wp-json\/wp\/v2\/comments?post=7445"}],"version-history":[{"count":1,"href":"https:\/\/tvbrazilusa.com\/pt\/wp-json\/wp\/v2\/posts\/7445\/revisions"}],"predecessor-version":[{"id":7447,"href":"https:\/\/tvbrazilusa.com\/pt\/wp-json\/wp\/v2\/posts\/7445\/revisions\/7447"}],"wp:featuredmedia":[{"embeddable":true,"href":"https:\/\/tvbrazilusa.com\/pt\/wp-json\/wp\/v2\/media\/7446"}],"wp:attachment":[{"href":"https:\/\/tvbrazilusa.com\/pt\/wp-json\/wp\/v2\/media?parent=7445"}],"wp:term":[{"taxonomy":"category","embeddable":true,"href":"https:\/\/tvbrazilusa.com\/pt\/wp-json\/wp\/v2\/categories?post=7445"},{"taxonomy":"post_tag","embeddable":true,"href":"https:\/\/tvbrazilusa.com\/pt\/wp-json\/wp\/v2\/tags?post=7445"}],"curies":[{"name":"wp","href":"https:\/\/api.w.org\/{rel}","templated":true}]}}