{"id":74473,"date":"2024-12-11T09:00:00","date_gmt":"2024-12-11T09:00:00","guid":{"rendered":"https:\/\/tvbrazilusa.com\/2024\/12\/11\/querida-abby-estou-satisfeito-com-minha-plastica-mas-infeliz-porque-as-pessoas-sentem-necessidade-de-comentar-sobre-isso\/"},"modified":"2024-12-11T09:37:53","modified_gmt":"2024-12-11T09:37:53","slug":"querida-abby-estou-satisfeito-com-minha-plastica-mas-infeliz-porque-as-pessoas-sentem-necessidade-de-comentar-sobre-isso","status":"publish","type":"post","link":"https:\/\/tvbrazilusa.com\/pt\/2024\/12\/11\/querida-abby-estou-satisfeito-com-minha-plastica-mas-infeliz-porque-as-pessoas-sentem-necessidade-de-comentar-sobre-isso\/","title":{"rendered":"Querida Abby: Estou satisfeito com minha pl\u00e1stica, mas infeliz porque as pessoas sentem necessidade de comentar sobre isso"},"content":{"rendered":"<script async src=\"https:\/\/pagead2.googlesyndication.com\/pagead\/js\/adsbygoogle.js?client=ca-pub-8864793242727901\"\r\n     crossorigin=\"anonymous\"><\/script>\n<div>\n<p class=\"article__paragraph article__paragraph--left\" id=\"BKMP6MXVXVEUZL5CTWHDXHLZCM\">QUERIDA ABBY: Fiz um facelift h\u00e1 v\u00e1rios anos e estou muito satisfeita com os resultados. No entanto, n\u00e3o gosto de revelar isso \u00e0s pessoas. Acredito que seja pessoal e da minha conta, mesmo que seja evidente pela minha idade.<\/p>\n<p class=\"article__paragraph article__paragraph--left\" id=\"FHH72IXXGZFGXAFKAHHTMKURH4\">O problema s\u00e3o as pessoas que sentem necessidade de se aprofundar na minha vida por quaisquer motivos e, ao descobrirem pela l\u00f3gica, eu viro assunto de conversa e rid\u00edculo. Fiquei profundamente magoado, envergonhado e feito papel de bobo v\u00e1rias vezes, e n\u00e3o tenho ideia de por que algu\u00e9m se importaria.<\/p>\n<p class=\"article__paragraph article__paragraph--left\" id=\"VIDJ547WTRANNELS6WXVKZFGCM\">Respeito e amo meu marido e n\u00e3o me gabo diante dos homens, mas fui acusada disso. \u00c9 doloroso porque sou uma \u201cpessoa soci\u00e1vel\u201d e considero as cr\u00edticas e a zombaria cru\u00e9is. N\u00e3o sei como lidar com isso al\u00e9m de me esconder em minha casa. Por favor, me d\u00ea alguns conselhos. Obrigado. &#8211; EST\u00c1 BEM EM NOVA JERSEY<\/p>\n<p class=\"article__paragraph article__paragraph--left\" id=\"QY4V7QGDN5CDLJNVK7P5JGGO6I\">CARO BONITO: N\u00e3o h\u00e1 nada de vergonhoso em querer estar no seu melhor. Muitas mulheres (e homens) que podem pagar recorrem \u00e0 cirurgia est\u00e9tica. Voc\u00ea j\u00e1 foi \u201cdesmascarado\u201d por essas pessoas invejosas, ent\u00e3o \u00e9 melhor sorrir, ficar em p\u00e9 e assumir isso. Como seu resultado foi t\u00e3o bom, voc\u00ea pode at\u00e9 oferecer o nome do seu cirurgi\u00e3o. Esconder-se n\u00e3o funcionou, ent\u00e3o saia e tenha orgulho. Voc\u00ea pagou por aquele rosto. Divulgue isso em p\u00fablico!<\/p>\n<p class=\"article__paragraph article__paragraph--left\" id=\"CAF7Y2HPONHYBH543UR6SZX2X4\">** ** **<\/p>\n<p class=\"article__paragraph article__paragraph--left\" id=\"2WHGENQFPJGZHDWXHVJXEJ6K4M\"><i>Dear Abby foi escrita por Abigail Van Buren, tamb\u00e9m conhecida como Jeanne Phillips, e foi fundada por sua m\u00e3e, Pauline Phillips. Entre em contato com a querida Abby em <\/i><a href=\"http:\/\/www.dearabby.com\/\"><i>www.DearAbby.com<\/i><\/a><i>  ou PO Box 69440, Los Angeles, CA 90069.<\/i><\/p>\n<section class=\"Stories-By-Section-Tag-module_wrapper__69Ed7 Stories-By-Section-Tag-module_nj__RFbQx\"\/><\/div>\n<p><br \/>\n<br \/><a href=\"https:\/\/www.nj.com\/advice\/2024\/12\/dear-abby-im-pleased-with-my-facelift-but-unhappy-that-people-feel-the-need-to-comment-about-it.html\">Source link <\/a><\/p>","protected":false},"excerpt":{"rendered":"<p>QUERIDA ABBY: Fiz um facelift h\u00e1 v\u00e1rios anos e estou muito satisfeita com os resultados. No entanto, n\u00e3o gosto de revelar isso \u00e0s pessoas. Acredito que seja pessoal e da&hellip;<\/p>","protected":false},"author":1,"featured_media":37157,"comment_status":"closed","ping_status":"open","sticky":false,"template":"","format":"standard","meta":{"content-type":"","footnotes":""},"categories":[1],"tags":[],"class_list":["post-74473","post","type-post","status-publish","format-standard","has-post-thumbnail","hentry","category-uncategorized"],"_links":{"self":[{"href":"https:\/\/tvbrazilusa.com\/pt\/wp-json\/wp\/v2\/posts\/74473","targetHints":{"allow":["GET"]}}],"collection":[{"href":"https:\/\/tvbrazilusa.com\/pt\/wp-json\/wp\/v2\/posts"}],"about":[{"href":"https:\/\/tvbrazilusa.com\/pt\/wp-json\/wp\/v2\/types\/post"}],"author":[{"embeddable":true,"href":"https:\/\/tvbrazilusa.com\/pt\/wp-json\/wp\/v2\/users\/1"}],"replies":[{"embeddable":true,"href":"https:\/\/tvbrazilusa.com\/pt\/wp-json\/wp\/v2\/comments?post=74473"}],"version-history":[{"count":1,"href":"https:\/\/tvbrazilusa.com\/pt\/wp-json\/wp\/v2\/posts\/74473\/revisions"}],"predecessor-version":[{"id":74474,"href":"https:\/\/tvbrazilusa.com\/pt\/wp-json\/wp\/v2\/posts\/74473\/revisions\/74474"}],"wp:featuredmedia":[{"embeddable":true,"href":"https:\/\/tvbrazilusa.com\/pt\/wp-json\/wp\/v2\/media\/37157"}],"wp:attachment":[{"href":"https:\/\/tvbrazilusa.com\/pt\/wp-json\/wp\/v2\/media?parent=74473"}],"wp:term":[{"taxonomy":"category","embeddable":true,"href":"https:\/\/tvbrazilusa.com\/pt\/wp-json\/wp\/v2\/categories?post=74473"},{"taxonomy":"post_tag","embeddable":true,"href":"https:\/\/tvbrazilusa.com\/pt\/wp-json\/wp\/v2\/tags?post=74473"}],"curies":[{"name":"wp","href":"https:\/\/api.w.org\/{rel}","templated":true}]}}