{"id":74483,"date":"2024-12-11T10:32:00","date_gmt":"2024-12-11T10:32:00","guid":{"rendered":"https:\/\/tvbrazilusa.com\/2024\/12\/11\/moraes-ordena-que-homem-que-danificou-relogio-em-8-de-janeiro-inicie-cumprimento-da-pena\/"},"modified":"2024-12-11T10:32:02","modified_gmt":"2024-12-11T10:32:02","slug":"moraes-ordena-que-homem-que-danificou-relogio-em-8-de-janeiro-inicie-cumprimento-da-pena","status":"publish","type":"post","link":"https:\/\/tvbrazilusa.com\/pt\/2024\/12\/11\/moraes-ordena-que-homem-que-danificou-relogio-em-8-de-janeiro-inicie-cumprimento-da-pena\/","title":{"rendered":"Moraes ordena que homem que danificou rel\u00f3gio em 8 de janeiro inicie cumprimento da pena"},"content":{"rendered":"<p> <script async src=\"https:\/\/pagead2.googlesyndication.com\/pagead\/js\/adsbygoogle.js?client=ca-pub-8864793242727901\"\r\n     crossorigin=\"anonymous\"><\/script><br \/>\n<\/p>\n<div data-block-type=\"unstyled\" data-block-weight=\"49\">\n<p class=\"content-text__container\" data-track-category=\"Link no Texto\" data-track-links=\"data-track-links\">Em depoimento \u00e0 PF, Ferreira confessou que danificou um vidro para ingressar no Planalto e disse que &#8220;em raz\u00e3o da rea\u00e7\u00e3o dos \u00f3rg\u00e3os de seguran\u00e7a, resolveu danificar o rel\u00f3gio hist\u00f3rico e rasgar uma poltrona, os quais estavam na parte interna do pr\u00e9dio e, ap\u00f3s, jogou um extintor nas c\u00e2meras&#8221;.\n<\/p>\n<\/div>\n<p><br \/>\n<br \/><a href=\"https:\/\/diariodobrasilnoticias.com.br\/noticia\/moraes-ordena-que-homem-que-danificou-relogio-em-8-de-janeiro-inicie-cumprimento-da-pena-675968ad09760\">Source link <\/a><\/p>","protected":false},"excerpt":{"rendered":"<p>Em depoimento \u00e0 PF, Ferreira confessou que danificou um vidro para ingressar no Planalto e disse que &#8220;em raz\u00e3o da rea\u00e7\u00e3o dos \u00f3rg\u00e3os de seguran\u00e7a, resolveu danificar o rel\u00f3gio hist\u00f3rico&hellip;<\/p>","protected":false},"author":1,"featured_media":74484,"comment_status":"closed","ping_status":"open","sticky":false,"template":"","format":"standard","meta":{"content-type":"","footnotes":""},"categories":[16],"tags":[123,2448,5313,1267],"class_list":["post-74483","post","type-post","status-publish","format-standard","has-post-thumbnail","hentry","category-noticias","tag-brasil","tag-diario","tag-noticia","tag-noticias"],"_links":{"self":[{"href":"https:\/\/tvbrazilusa.com\/pt\/wp-json\/wp\/v2\/posts\/74483","targetHints":{"allow":["GET"]}}],"collection":[{"href":"https:\/\/tvbrazilusa.com\/pt\/wp-json\/wp\/v2\/posts"}],"about":[{"href":"https:\/\/tvbrazilusa.com\/pt\/wp-json\/wp\/v2\/types\/post"}],"author":[{"embeddable":true,"href":"https:\/\/tvbrazilusa.com\/pt\/wp-json\/wp\/v2\/users\/1"}],"replies":[{"embeddable":true,"href":"https:\/\/tvbrazilusa.com\/pt\/wp-json\/wp\/v2\/comments?post=74483"}],"version-history":[{"count":1,"href":"https:\/\/tvbrazilusa.com\/pt\/wp-json\/wp\/v2\/posts\/74483\/revisions"}],"predecessor-version":[{"id":74485,"href":"https:\/\/tvbrazilusa.com\/pt\/wp-json\/wp\/v2\/posts\/74483\/revisions\/74485"}],"wp:featuredmedia":[{"embeddable":true,"href":"https:\/\/tvbrazilusa.com\/pt\/wp-json\/wp\/v2\/media\/74484"}],"wp:attachment":[{"href":"https:\/\/tvbrazilusa.com\/pt\/wp-json\/wp\/v2\/media?parent=74483"}],"wp:term":[{"taxonomy":"category","embeddable":true,"href":"https:\/\/tvbrazilusa.com\/pt\/wp-json\/wp\/v2\/categories?post=74483"},{"taxonomy":"post_tag","embeddable":true,"href":"https:\/\/tvbrazilusa.com\/pt\/wp-json\/wp\/v2\/tags?post=74483"}],"curies":[{"name":"wp","href":"https:\/\/api.w.org\/{rel}","templated":true}]}}