{"id":74492,"date":"2024-12-11T11:03:01","date_gmt":"2024-12-11T11:03:01","guid":{"rendered":"https:\/\/tvbrazilusa.com\/2024\/12\/11\/piloto-de-helicoptero-registrou-um-fenomeno-misterioso-como-se-fogo-caisse-do-ceu-veja-video\/"},"modified":"2024-12-11T11:03:03","modified_gmt":"2024-12-11T11:03:03","slug":"piloto-de-helicoptero-registrou-um-fenomeno-misterioso-como-se-fogo-caisse-do-ceu-veja-video","status":"publish","type":"post","link":"https:\/\/tvbrazilusa.com\/pt\/2024\/12\/11\/piloto-de-helicoptero-registrou-um-fenomeno-misterioso-como-se-fogo-caisse-do-ceu-veja-video\/","title":{"rendered":"Piloto de helic\u00f3ptero registrou um fen\u00f4meno misterioso, como se fogo ca\u00edsse do c\u00e9u; VEJA V\u00cdDEO"},"content":{"rendered":"<p> <script async src=\"https:\/\/pagead2.googlesyndication.com\/pagead\/js\/adsbygoogle.js?client=ca-pub-8864793242727901\"\r\n     crossorigin=\"anonymous\"><\/script><br \/>\n<br \/>O piloto observou que o fen\u00f4meno ocorreu depois que um furac\u00e3o atingiu o local.<br \/>\n<br \/><br \/>\n<br \/><a href=\"https:\/\/diariodobrasilnoticias.com.br\/noticia\/piloto-de-helicoptero-registrou-um-fenomeno-misterioso-como-se-fogo-caisse-do-ceu-veja-video-67596764ae5d9\">Source link <\/a><\/p>","protected":false},"excerpt":{"rendered":"<p>O piloto observou que o fen\u00f4meno ocorreu depois que um furac\u00e3o atingiu o local. Source link<\/p>","protected":false},"author":1,"featured_media":74493,"comment_status":"closed","ping_status":"open","sticky":false,"template":"","format":"standard","meta":{"content-type":"","footnotes":""},"categories":[16],"tags":[123,2448,5313,1267],"class_list":["post-74492","post","type-post","status-publish","format-standard","has-post-thumbnail","hentry","category-noticias","tag-brasil","tag-diario","tag-noticia","tag-noticias"],"_links":{"self":[{"href":"https:\/\/tvbrazilusa.com\/pt\/wp-json\/wp\/v2\/posts\/74492","targetHints":{"allow":["GET"]}}],"collection":[{"href":"https:\/\/tvbrazilusa.com\/pt\/wp-json\/wp\/v2\/posts"}],"about":[{"href":"https:\/\/tvbrazilusa.com\/pt\/wp-json\/wp\/v2\/types\/post"}],"author":[{"embeddable":true,"href":"https:\/\/tvbrazilusa.com\/pt\/wp-json\/wp\/v2\/users\/1"}],"replies":[{"embeddable":true,"href":"https:\/\/tvbrazilusa.com\/pt\/wp-json\/wp\/v2\/comments?post=74492"}],"version-history":[{"count":1,"href":"https:\/\/tvbrazilusa.com\/pt\/wp-json\/wp\/v2\/posts\/74492\/revisions"}],"predecessor-version":[{"id":74494,"href":"https:\/\/tvbrazilusa.com\/pt\/wp-json\/wp\/v2\/posts\/74492\/revisions\/74494"}],"wp:featuredmedia":[{"embeddable":true,"href":"https:\/\/tvbrazilusa.com\/pt\/wp-json\/wp\/v2\/media\/74493"}],"wp:attachment":[{"href":"https:\/\/tvbrazilusa.com\/pt\/wp-json\/wp\/v2\/media?parent=74492"}],"wp:term":[{"taxonomy":"category","embeddable":true,"href":"https:\/\/tvbrazilusa.com\/pt\/wp-json\/wp\/v2\/categories?post=74492"},{"taxonomy":"post_tag","embeddable":true,"href":"https:\/\/tvbrazilusa.com\/pt\/wp-json\/wp\/v2\/tags?post=74492"}],"curies":[{"name":"wp","href":"https:\/\/api.w.org\/{rel}","templated":true}]}}