{"id":74495,"date":"2024-12-11T11:15:20","date_gmt":"2024-12-11T11:15:20","guid":{"rendered":"https:\/\/tvbrazilusa.com\/2024\/12\/11\/inflacao-rompe-o-teto-em-dez-capitais-no-brasil\/"},"modified":"2024-12-11T11:15:21","modified_gmt":"2024-12-11T11:15:21","slug":"inflacao-rompe-o-teto-em-dez-capitais-no-brasil","status":"publish","type":"post","link":"https:\/\/tvbrazilusa.com\/pt\/2024\/12\/11\/inflacao-rompe-o-teto-em-dez-capitais-no-brasil\/","title":{"rendered":"Infla\u00e7\u00e3o rompe o teto em dez capitais no Brasil"},"content":{"rendered":"<p> <script async src=\"https:\/\/pagead2.googlesyndication.com\/pagead\/js\/adsbygoogle.js?client=ca-pub-8864793242727901\"\r\n     crossorigin=\"anonymous\"><\/script><br \/>\n<\/p>\n<div id=\"taboola-read-more\" style=\"display:block; width:100%\">\n<p>A infla\u00e7\u00e3o segue como uma das principais preocupa\u00e7\u00f5es econ\u00f4micas do Brasil, segundo os dados de novembro divulgados pelo IBGE nesta ter\u00e7a-feira, 10. Apesar da desacelera\u00e7\u00e3o do \u00edndice mensal, que caiu de 0,56% em outubro para 0,39% em novembro, a taxa em 12 meses subiu novamente, de 4,76% para 4,87%. Esse movimento coloca a infla\u00e7\u00e3o acima do teto da meta estabelecida para 2024, que \u00e9 de 3%, com limite m\u00e1ximo de 4,5%.\n<\/p>\n<p>Com esse cen\u00e1rio, o Banco Central se v\u00ea pressionado a aumentar novamente a taxa Selic na reuni\u00e3o de\u00a0<a title=\"Pol\u00edtica\" href=\"https:\/\/www.conexaopolitica.com.br\/politica\/\" data-internallinksmanager029f6b8e52c=\"24\">pol\u00edtica<\/a>\u00a0monet\u00e1ria que termina nesta quarta-feira, 11. Al\u00e9m disso, o Boletim Focus divulgado na segunda-feira, 9, apontou uma piora nas expectativas futuras. A proje\u00e7\u00e3o de infla\u00e7\u00e3o para 2024 subiu de 4,4% para 4,59%, e os anos seguintes, incluindo 2027, tamb\u00e9m registraram aumentos, distanciando-se ainda mais do centro da meta.<\/p>\n<p>Entre os fatores que impulsionam a infla\u00e7\u00e3o est\u00e1 a disparada do\u00a0<a title=\"D\u00f3lar\" href=\"https:\/\/conexao1.com\/tag\/dolar\/\" data-internallinksmanager029f6b8e52c=\"14\">d\u00f3lar<\/a>, que j\u00e1 acumula alta de 25% em 2024, refletindo principalmente o risco fiscal do pa\u00eds. O governo n\u00e3o tem conseguido demonstrar controle sobre o aumento da d\u00edvida p\u00fablica, o que gera desconfian\u00e7a no mercado. Economistas estimam que a valoriza\u00e7\u00e3o de 10% no d\u00f3lar eleva o IPCA em 0,4 ponto percentual, o que explica parte da press\u00e3o inflacion\u00e1ria deste ano.\n<\/p>\n<p>A infla\u00e7\u00e3o de servi\u00e7os, que acumulou alta de 4,71%, tamb\u00e9m preocupa. Por estar diretamente vinculada ao mercado de trabalho, sua desacelera\u00e7\u00e3o pode implicar em um cen\u00e1rio de atividade econ\u00f4mica mais fraca e aumento do desemprego. Outro ponto cr\u00edtico \u00e9 a infla\u00e7\u00e3o de alimentos e bebidas, que subiu 7,63% nos \u00faltimos 12 meses. As carnes, por exemplo, tiveram alta acumulada de 15,43%, revertendo o cen\u00e1rio de defla\u00e7\u00e3o observado em abril. A picanha, item simb\u00f3lico para os consumidores brasileiros, passou de uma queda de 11,35% para um aumento de 7,8% em novembro, refletindo os impactos diretos no poder de compra da popula\u00e7\u00e3o.\n<\/p>\n<p>Nas 16 capitais pesquisadas pelo IBGE, 10 j\u00e1 registram infla\u00e7\u00e3o acima do teto da meta, incluindo Belo Horizonte (6,54%), S\u00e3o Lu\u00eds (6,22%), e Rio Branco (5,3%). O aumento de pre\u00e7os \u00e9 disseminado por todas as regi\u00f5es do pa\u00eds, e a press\u00e3o sobre itens essenciais, como alimentos, tende a intensificar a insatisfa\u00e7\u00e3o popular com o governo.\n<\/p>\n<p>O quadro inflacion\u00e1rio, somado \u00e0 piora das expectativas, na avalia\u00e7\u00e3o do economista Douglas de Holanda, do The Doug Economist, indica um cen\u00e1rio ainda mais turbulento nos pr\u00f3ximos meses, tanto para o controle de pre\u00e7os quanto para a condu\u00e7\u00e3o da pol\u00edtica econ\u00f4mica.<\/p>\n<p>Fonte: Conex\u00e3o Pol\u00edtica              <\/p>\n<\/div>\n<p><br \/>\n<br \/><a href=\"https:\/\/diariodobrasilnoticias.com.br\/noticia\/inflacao-rompe-o-teto-em-dez-capitais-no-brasil-675966510dce2\">Source link <\/a><\/p>","protected":false},"excerpt":{"rendered":"<p>A infla\u00e7\u00e3o segue como uma das principais preocupa\u00e7\u00f5es econ\u00f4micas do Brasil, segundo os dados de novembro divulgados pelo IBGE nesta ter\u00e7a-feira, 10. Apesar da desacelera\u00e7\u00e3o do \u00edndice mensal, que caiu&hellip;<\/p>","protected":false},"author":1,"featured_media":74496,"comment_status":"closed","ping_status":"open","sticky":false,"template":"","format":"standard","meta":{"content-type":"","footnotes":""},"categories":[16],"tags":[123,2448,5313,1267],"class_list":["post-74495","post","type-post","status-publish","format-standard","has-post-thumbnail","hentry","category-noticias","tag-brasil","tag-diario","tag-noticia","tag-noticias"],"_links":{"self":[{"href":"https:\/\/tvbrazilusa.com\/pt\/wp-json\/wp\/v2\/posts\/74495","targetHints":{"allow":["GET"]}}],"collection":[{"href":"https:\/\/tvbrazilusa.com\/pt\/wp-json\/wp\/v2\/posts"}],"about":[{"href":"https:\/\/tvbrazilusa.com\/pt\/wp-json\/wp\/v2\/types\/post"}],"author":[{"embeddable":true,"href":"https:\/\/tvbrazilusa.com\/pt\/wp-json\/wp\/v2\/users\/1"}],"replies":[{"embeddable":true,"href":"https:\/\/tvbrazilusa.com\/pt\/wp-json\/wp\/v2\/comments?post=74495"}],"version-history":[{"count":1,"href":"https:\/\/tvbrazilusa.com\/pt\/wp-json\/wp\/v2\/posts\/74495\/revisions"}],"predecessor-version":[{"id":74497,"href":"https:\/\/tvbrazilusa.com\/pt\/wp-json\/wp\/v2\/posts\/74495\/revisions\/74497"}],"wp:featuredmedia":[{"embeddable":true,"href":"https:\/\/tvbrazilusa.com\/pt\/wp-json\/wp\/v2\/media\/74496"}],"wp:attachment":[{"href":"https:\/\/tvbrazilusa.com\/pt\/wp-json\/wp\/v2\/media?parent=74495"}],"wp:term":[{"taxonomy":"category","embeddable":true,"href":"https:\/\/tvbrazilusa.com\/pt\/wp-json\/wp\/v2\/categories?post=74495"},{"taxonomy":"post_tag","embeddable":true,"href":"https:\/\/tvbrazilusa.com\/pt\/wp-json\/wp\/v2\/tags?post=74495"}],"curies":[{"name":"wp","href":"https:\/\/api.w.org\/{rel}","templated":true}]}}