{"id":74498,"date":"2024-12-11T11:27:36","date_gmt":"2024-12-11T11:27:36","guid":{"rendered":"https:\/\/tvbrazilusa.com\/2024\/12\/11\/mesmo-internado-na-uti-o-presidente-lula-nao-transferira-o-cargo-para-alckmin\/"},"modified":"2024-12-11T11:27:38","modified_gmt":"2024-12-11T11:27:38","slug":"mesmo-internado-na-uti-o-presidente-lula-nao-transferira-o-cargo-para-alckmin","status":"publish","type":"post","link":"https:\/\/tvbrazilusa.com\/pt\/2024\/12\/11\/mesmo-internado-na-uti-o-presidente-lula-nao-transferira-o-cargo-para-alckmin\/","title":{"rendered":"Mesmo internado na UTI, o presidente Lula n\u00e3o transferir\u00e1 o cargo para Alckmin"},"content":{"rendered":"<p> <script async src=\"https:\/\/pagead2.googlesyndication.com\/pagead\/js\/adsbygoogle.js?client=ca-pub-8864793242727901\"\r\n     crossorigin=\"anonymous\"><\/script><br \/>\n<\/p>\n<div id=\"taboola-read-more\" style=\"display:block; width:100%\">\n<p>Mesmo internado ap\u00f3s uma cirurgia de emerg\u00eancia, o presidente Luiz In\u00e1cio Lula da Silva (PT) n\u00e3o passar\u00e1 o exerc\u00edcio do cargo a seu vice, Geraldo Alckmin (PSB), informou a assessoria do Planalto, na tarde desta ter\u00e7a-feira (10\/12).\n<\/p>\n<p data-gtm-vis-first-on-screen104869357_94=\"6012\" data-gtm-vis-total-visible-time104869357_94=\"100\" data-gtm-vis-has-fired104869357_94=\"1\">O presidente est\u00e1 consciente e se recupera bem ap\u00f3s ser submetido a uma craniotomia, no hospital S\u00edrio-Liban\u00eas na capital paulista. No entanto, n\u00e3o h\u00e1 qualquer gabinete presencial montado no local.<\/p>\n<div class=\"\">Lula ficar\u00e1 em observa\u00e7\u00e3o nos pr\u00f3ximos dias e permanecer\u00e1 na Unidade de Tratamento Intensivo (UTI) por 48 horas. De acordo com o cardiologista Roberto Kalil Filho, que acompanha o presidente, Lula est\u00e1 est\u00e1vel e j\u00e1 acordado. Al\u00e9m disso, poder\u00e1 ter alta na pr\u00f3xima semana. As fun\u00e7\u00f5es neurol\u00f3gicas foram preservadas e ele n\u00e3o ter\u00e1 sequelas.<\/p>\n<p>\u201cO presidente Luiz In\u00e1cio Lula da Silva est\u00e1 bem, est\u00e1vel, acordado e conversando\u201d, afirmou Kalil em coletiva de imprensa.<\/p>\n<p>A cirurgia, realizada para a drenagem de um hematoma, transcorreu sem intercorr\u00eancias.<\/p>\n<p>O presidente sentiu dores de cabe\u00e7a na noite dessa segunda (9) e esteve na unidade do hospital em Bras\u00edlia para realizar exame de imagem. A resson\u00e2ncia magn\u00e9tica mostrou hemorragia intracraniana, decorrente da queda que sofreu em casa. Ele, ent\u00e3o, foi transferido para S\u00e3o Paulo.<\/p>\n<\/div>\n<p>Fonte: Metr\u00f3poles<\/p>\n<\/p><\/div>\n<p><br \/>\n<br \/><a href=\"https:\/\/diariodobrasilnoticias.com.br\/noticia\/mesmo-internado-na-uti-o-presidente-lula-nao-transferira-o-cargo-para-alckmin-6759646e817ed\">Source link <\/a><\/p>","protected":false},"excerpt":{"rendered":"<p>Mesmo internado ap\u00f3s uma cirurgia de emerg\u00eancia, o presidente Luiz In\u00e1cio Lula da Silva (PT) n\u00e3o passar\u00e1 o exerc\u00edcio do cargo a seu vice, Geraldo Alckmin (PSB), informou a assessoria&hellip;<\/p>","protected":false},"author":1,"featured_media":74499,"comment_status":"closed","ping_status":"open","sticky":false,"template":"","format":"standard","meta":{"content-type":"","footnotes":""},"categories":[16],"tags":[123,2448,5313,1267],"class_list":["post-74498","post","type-post","status-publish","format-standard","has-post-thumbnail","hentry","category-noticias","tag-brasil","tag-diario","tag-noticia","tag-noticias"],"_links":{"self":[{"href":"https:\/\/tvbrazilusa.com\/pt\/wp-json\/wp\/v2\/posts\/74498","targetHints":{"allow":["GET"]}}],"collection":[{"href":"https:\/\/tvbrazilusa.com\/pt\/wp-json\/wp\/v2\/posts"}],"about":[{"href":"https:\/\/tvbrazilusa.com\/pt\/wp-json\/wp\/v2\/types\/post"}],"author":[{"embeddable":true,"href":"https:\/\/tvbrazilusa.com\/pt\/wp-json\/wp\/v2\/users\/1"}],"replies":[{"embeddable":true,"href":"https:\/\/tvbrazilusa.com\/pt\/wp-json\/wp\/v2\/comments?post=74498"}],"version-history":[{"count":1,"href":"https:\/\/tvbrazilusa.com\/pt\/wp-json\/wp\/v2\/posts\/74498\/revisions"}],"predecessor-version":[{"id":74500,"href":"https:\/\/tvbrazilusa.com\/pt\/wp-json\/wp\/v2\/posts\/74498\/revisions\/74500"}],"wp:featuredmedia":[{"embeddable":true,"href":"https:\/\/tvbrazilusa.com\/pt\/wp-json\/wp\/v2\/media\/74499"}],"wp:attachment":[{"href":"https:\/\/tvbrazilusa.com\/pt\/wp-json\/wp\/v2\/media?parent=74498"}],"wp:term":[{"taxonomy":"category","embeddable":true,"href":"https:\/\/tvbrazilusa.com\/pt\/wp-json\/wp\/v2\/categories?post=74498"},{"taxonomy":"post_tag","embeddable":true,"href":"https:\/\/tvbrazilusa.com\/pt\/wp-json\/wp\/v2\/tags?post=74498"}],"curies":[{"name":"wp","href":"https:\/\/api.w.org\/{rel}","templated":true}]}}