{"id":74501,"date":"2024-12-11T11:39:52","date_gmt":"2024-12-11T11:39:52","guid":{"rendered":"https:\/\/tvbrazilusa.com\/2024\/12\/11\/nova-pesquisa-de-satisfacao-do-governo-e-divulgado-veja-numeros\/"},"modified":"2024-12-11T11:39:54","modified_gmt":"2024-12-11T11:39:54","slug":"nova-pesquisa-de-satisfacao-do-governo-e-divulgado-veja-numeros","status":"publish","type":"post","link":"https:\/\/tvbrazilusa.com\/pt\/2024\/12\/11\/nova-pesquisa-de-satisfacao-do-governo-e-divulgado-veja-numeros\/","title":{"rendered":"Nova pesquisa de satisfa\u00e7\u00e3o do governo \u00e9 divulgado; VEJA N\u00daMEROS"},"content":{"rendered":"<p> <script async src=\"https:\/\/pagead2.googlesyndication.com\/pagead\/js\/adsbygoogle.js?client=ca-pub-8864793242727901\"\r\n     crossorigin=\"anonymous\"><\/script><br \/>\n<\/p>\n<div>Essa \u00e9 a primeira vez que a avalia\u00e7\u00e3o negativa supera a positiva em mais de 10 pontos percentuais. Na pesquisa anterior, as duas percep\u00e7\u00f5es estavam tecnicamente empatadas.<\/p>\n<p>Na compara\u00e7\u00e3o com a \u00faltima pesquisa Futura, a avalia\u00e7\u00e3o negativa oscilou positivamente em 2,3 pontos percentuais, de 41,2% para 43,5%, enquanto a positiva variou negativamente em 7,1 pontos percentuais, de 39,5% para 32,4%.<\/p>\n<p>Lula \u00e9 melhor avaliado entre mulheres, pessoas acima de 45 anos, com ensino fundamental completo, renda de at\u00e9 um sal\u00e1rio m\u00ednimo, cat\u00f3licas e do Nordeste. Por outro lado, a maioria que possui opini\u00e3o negativa em rela\u00e7\u00e3o ao presidente s\u00e3o homens, entre 35 e 59 anos, com ensino m\u00e9dio e superior completo, renda acima de um sal\u00e1rio m\u00ednimo, evang\u00e9licos, do Sul e Sudeste.<\/p>\n<p>Segundo o estudo, os n\u00fameros demonstram que a imagem do petista piorou, com uma parte da avalia\u00e7\u00e3o positiva transferida para quem considera o trabalho regular e outra parcela para quem considera o trabalho negativo.<\/p>\n<p>Avalia\u00e7\u00e3o negativa sobe no Sudeste e positiva cresce no Centro-Oeste<br \/>No recorte regional, a avalia\u00e7\u00e3o negativa de Lula no Sudeste subiu de 38,5% para 48%, um salto de 9,5 pontos percentuais. J\u00e1 a avalia\u00e7\u00e3o positiva caiu de 41,8% para 30,4%, uma diferen\u00e7a de mais de 17 pontos percentuais entre os \u00edndices. Essa \u00e9 a terceira vez que a avalia\u00e7\u00e3o negativa supera a positiva no Sudeste, com a maior disparidade da s\u00e9rie hist\u00f3rica.<\/p>\n<p>No Centro-Oeste, a avalia\u00e7\u00e3o &#8220;\u00d3timo\/Bom&#8221; atingiu o pico hist\u00f3rico desde o in\u00edcio do governo, com 37,4%. Pela primeira vez, a aprova\u00e7\u00e3o ficou tecnicamente empatada com a avalia\u00e7\u00e3o negativa, que foi de 38,3%.<\/p>\n<p>No Nordeste, regi\u00e3o onde Lula obt\u00e9m seus melhores resultados, houve uma queda na avalia\u00e7\u00e3o positiva, de 51% para 36,8%. Por outro lado, a avalia\u00e7\u00e3o negativa subiu de 30,5% para 36,4% em rela\u00e7\u00e3o \u00e0 pesquisa de agosto.<\/p>\n<p>No Sul, a avalia\u00e7\u00e3o negativa caiu de 57,9% para 48,3%, ap\u00f3s atingir o m\u00e1ximo em agosto. A avalia\u00e7\u00e3o &#8220;\u00d3timo\/Bom&#8221; apresentou varia\u00e7\u00e3o positiva, subindo de 26,7% para 29%. J\u00e1 a avalia\u00e7\u00e3o &#8220;Regular&#8221; cresceu de 15,4% para 21,8%.<\/p>\n<p>No Norte, a avalia\u00e7\u00e3o negativa teve uma redu\u00e7\u00e3o significativa, de 51,2% para 42,6%, enquanto a regular aumentou de 18,5% para 29,4%. A avalia\u00e7\u00e3o positiva variou de 26,3% para 28%.<\/p>\n<\/div>\n<div>Percep\u00e7\u00e3o negativa sobre a economia cresce<br \/>A percep\u00e7\u00e3o sobre o cen\u00e1rio econ\u00f4mico piorou em rela\u00e7\u00e3o \u00e0 pesquisa de agosto. O percentual de entrevistados que consideram a economia brasileira ruim ou p\u00e9ssima subiu de 40,6% para 52,5%, um aumento de 11,9 pontos percentuais. J\u00e1 a percep\u00e7\u00e3o positiva caiu de 16,9% para 12,8%, enquanto a regular teve uma queda de 40,4% para 33,5%.<br \/>Na gera\u00e7\u00e3o de empregos, a opini\u00e3o dos eleitores se mostrou menos favor\u00e1vel, mesmo com a menor taxa de desemprego da hist\u00f3ria, segundo o IBGE. Quanto ao combate \u00e0 infla\u00e7\u00e3o, a avalia\u00e7\u00e3o negativa cresceu enquanto a positiva apresentou queda.<\/p>\n<p>A pesquisa Futura Intelig\u00eancia utilizou uma amostra do tipo n\u00e3o probabil\u00edstica, com 1.000 entrevistas realizadas entre os dias 18 e 25 de novembro de 2024. A margem de erro \u00e9 de 3,1 pontos percentuais para mais ou para menos, e o n\u00edvel de confian\u00e7a \u00e9 de 95%. As entrevistas foram realizadas via **CATI** (entrevistas telef\u00f4nicas assistidas por computador), respeitando crit\u00e9rios de aleatoriedade e propor\u00e7\u00f5es populacionais de sexo, idade e estado de moradia, com respondentes acima de 16 anos.<\/p>\n<\/div>\n<p><br \/>\n<br \/><a href=\"https:\/\/diariodobrasilnoticias.com.br\/noticia\/nova-pesquisa-de-satisfacao-do-governo-e-divulgado-veja-numeros-675967f53651e\">Source link <\/a><\/p>","protected":false},"excerpt":{"rendered":"<p>Essa \u00e9 a primeira vez que a avalia\u00e7\u00e3o negativa supera a positiva em mais de 10 pontos percentuais. Na pesquisa anterior, as duas percep\u00e7\u00f5es estavam tecnicamente empatadas. Na compara\u00e7\u00e3o com&hellip;<\/p>","protected":false},"author":1,"featured_media":74502,"comment_status":"closed","ping_status":"open","sticky":false,"template":"","format":"standard","meta":{"content-type":"","footnotes":""},"categories":[16],"tags":[123,2448,5313,1267],"class_list":["post-74501","post","type-post","status-publish","format-standard","has-post-thumbnail","hentry","category-noticias","tag-brasil","tag-diario","tag-noticia","tag-noticias"],"_links":{"self":[{"href":"https:\/\/tvbrazilusa.com\/pt\/wp-json\/wp\/v2\/posts\/74501","targetHints":{"allow":["GET"]}}],"collection":[{"href":"https:\/\/tvbrazilusa.com\/pt\/wp-json\/wp\/v2\/posts"}],"about":[{"href":"https:\/\/tvbrazilusa.com\/pt\/wp-json\/wp\/v2\/types\/post"}],"author":[{"embeddable":true,"href":"https:\/\/tvbrazilusa.com\/pt\/wp-json\/wp\/v2\/users\/1"}],"replies":[{"embeddable":true,"href":"https:\/\/tvbrazilusa.com\/pt\/wp-json\/wp\/v2\/comments?post=74501"}],"version-history":[{"count":1,"href":"https:\/\/tvbrazilusa.com\/pt\/wp-json\/wp\/v2\/posts\/74501\/revisions"}],"predecessor-version":[{"id":74503,"href":"https:\/\/tvbrazilusa.com\/pt\/wp-json\/wp\/v2\/posts\/74501\/revisions\/74503"}],"wp:featuredmedia":[{"embeddable":true,"href":"https:\/\/tvbrazilusa.com\/pt\/wp-json\/wp\/v2\/media\/74502"}],"wp:attachment":[{"href":"https:\/\/tvbrazilusa.com\/pt\/wp-json\/wp\/v2\/media?parent=74501"}],"wp:term":[{"taxonomy":"category","embeddable":true,"href":"https:\/\/tvbrazilusa.com\/pt\/wp-json\/wp\/v2\/categories?post=74501"},{"taxonomy":"post_tag","embeddable":true,"href":"https:\/\/tvbrazilusa.com\/pt\/wp-json\/wp\/v2\/tags?post=74501"}],"curies":[{"name":"wp","href":"https:\/\/api.w.org\/{rel}","templated":true}]}}