{"id":74515,"date":"2024-12-11T12:23:26","date_gmt":"2024-12-11T12:23:26","guid":{"rendered":"https:\/\/tvbrazilusa.com\/2024\/12\/11\/pt-rejeita-qualquer-ideia-de-alckmin-ocupar-um-cargo\/"},"modified":"2024-12-11T12:23:28","modified_gmt":"2024-12-11T12:23:28","slug":"pt-rejeita-qualquer-ideia-de-alckmin-ocupar-um-cargo","status":"publish","type":"post","link":"https:\/\/tvbrazilusa.com\/pt\/2024\/12\/11\/pt-rejeita-qualquer-ideia-de-alckmin-ocupar-um-cargo\/","title":{"rendered":"PT rejeita qualquer ideia de Alckmin ocupar um cargo"},"content":{"rendered":"<p> <script async src=\"https:\/\/pagead2.googlesyndication.com\/pagead\/js\/adsbygoogle.js?client=ca-pub-8864793242727901\"\r\n     crossorigin=\"anonymous\"><\/script><br \/>\n<\/p>\n<div>\n<figure class=\"post-image\">\n<\/figure>\n<p>            <span style=\"font-size: 12px\"> (Foto: Ricardo Stuckert\/PR\/Arquivo)<\/span><\/p>\n<p>            <!-- end metas --><br \/>\n            <!-- ADS --><\/p>\n<div id=\"taboola-read-more\" style=\"display:block; width:100%\">\n<p>A cirurgia de Lula no c\u00e9rebro confrontou o PT com seu maior fantasma: a posse do vice Geraldo Alckmin. J\u00e1 aconteceu antes em sua trajet\u00f3ria, quando vice de M\u00e1rio Covas, falecido no cargo. Os petistas at\u00e9 toleram, mas n\u00e3o confiam em Alckmin. Ontem cedo, com aval de Janja, \u201cministros da casa\u201d plantaram que Lula n\u00e3o se afastaria do cargo. Ele est\u00e1 na UTI, incapacitado de tomar decis\u00f5es, mas o vice foi impedido de exercer seu papel constitucional. Alckmin n\u00e3o reclama. Coisa de quem sabe esperar. As informa\u00e7\u00f5es s\u00e3o da Coluna Cl\u00e1udio Humberto, do Di\u00e1rio do Poder.\n<\/p>\n<p>Ao vice s\u00e3o confiados s\u00f3 fatos irrelevantes, como ontem, no Rio, com o premi\u00ea eslovaco. A \u201cvice\u201d Janja representa Lula em eventos midi\u00e1ticos.<\/p>\n<p>Janja se imp\u00f4s para representar relutante marido na visita \u00e0 trag\u00e9dia ga\u00facha, em setembro de 2023, e na abertura das Olimp\u00edadas de Paris.\n<\/p>\n<p>A \u201cvingan\u00e7a\u201d ficou por conta dos criadores de memes, das montagens mostrando o vice \u201catleta\u201d alongando ou posando com faixa presidencial.\n<\/p>\n<h3><em>Veja\u00a0 alguns memes:<\/em><\/h3>\n<div class=\"glide m-carousel-post siema glide--ltr glide--slider glide--swipeable\" data-idx=\"0\">\n<div class=\"glide__track\" data-glide-el=\"track\">\n<div class=\"glide__slides\">\n<div class=\"glide__slide\"><img decoding=\"async\" src=\"https:\/\/uploads.diariodopoder.com.br\/2024\/12\/35850e24-meme-geraldo-alckmin-1-ft-reproducao-rede-social-960x640.jpeg\" alt=\"\"\/><\/p>\n<p>\u00a0<\/p>\n<\/div>\n<div class=\"glide__slide\"><img decoding=\"async\" src=\"https:\/\/uploads.diariodopoder.com.br\/2024\/12\/2bd55fd4-meme-geraldo-alckmin-2-ft-reproducao-rede-social-960x640.jpeg\" alt=\"\"\/><\/p>\n<p>\u00a0<\/p>\n<\/div>\n<div class=\"glide__slide\"><img decoding=\"async\" src=\"https:\/\/uploads.diariodopoder.com.br\/2024\/12\/dcecae33-meme-geraldo-alckmin-3-ft-reproducao-rede-social-960x584.jpeg\" alt=\"\"\/><\/p>\n<p>\u00a0<\/p>\n<\/div>\n<p>\u00a0<\/p>\n<div class=\"glide__slide glide__slide--active\"><img decoding=\"async\" src=\"https:\/\/uploads.diariodopoder.com.br\/2024\/12\/6ccdb49e-meme-geraldo-alckmin-5-ft-reproducao-rede-social-960x640.jpeg\" alt=\"\"\/><\/p>\n<p>\u00a0<\/p>\n<p>Fonte: Di\u00e1rio do Poder<\/p>\n<\/div>\n<\/div>\n<\/div>\n<\/div><\/div>\n<p>                        <!-- Scripts para conteudo --><\/p>\n<p>            <!-- .\/Scripts para conteudo --><br \/>\n            <!-- .\/Mat\u00e9ria --><\/p>\n<div class=\"row mt-3\">\n<div class=\"col-sm-6\">\n                <!-- Whatsapp channel 3--><br \/>\n                <a href=\"https:\/\/chat.whatsapp.com\/J6hwSKYns5B0XFowx2wZ0P\" target=\"_blank\"><br \/>\n                  <img decoding=\"async\" src=\"https:\/\/diariodobrasilnoticias.com.br\/assets-site\/images\/bot_whatsapp.png\"\/><\/a>\n              <\/div>\n<div class=\"col-sm-6\">\n                <a href=\"https:\/\/t.me\/+_4gTmi5LKo03OTM5\" target=\"_blank\"><br \/>\n                  <img decoding=\"async\" src=\"https:\/\/diariodobrasilnoticias.com.br\/assets-site\/images\/bot_telegram.png\"\/><\/a>\n              <\/div>\n<\/p><\/div>\n<p>            <!-- end post-navigation --><\/p>\n<p>              <!-- end row --><\/p>\n<p>              <!-- end col-12-->\n                      <\/div>\n<p><br \/>\n<br \/><a href=\"https:\/\/diariodobrasilnoticias.com.br\/noticia\/pt-rejeita-qualquer-ideia-de-alckmin-ocupar-um-cargo-67596cccceb5d\">Source link <\/a><\/p>","protected":false},"excerpt":{"rendered":"<p>(Foto: Ricardo Stuckert\/PR\/Arquivo) A cirurgia de Lula no c\u00e9rebro confrontou o PT com seu maior fantasma: a posse do vice Geraldo Alckmin. J\u00e1 aconteceu antes em sua trajet\u00f3ria, quando vice&hellip;<\/p>","protected":false},"author":1,"featured_media":74516,"comment_status":"closed","ping_status":"open","sticky":false,"template":"","format":"standard","meta":{"content-type":"","footnotes":""},"categories":[16],"tags":[123,2448,5313,1267],"class_list":["post-74515","post","type-post","status-publish","format-standard","has-post-thumbnail","hentry","category-noticias","tag-brasil","tag-diario","tag-noticia","tag-noticias"],"_links":{"self":[{"href":"https:\/\/tvbrazilusa.com\/pt\/wp-json\/wp\/v2\/posts\/74515","targetHints":{"allow":["GET"]}}],"collection":[{"href":"https:\/\/tvbrazilusa.com\/pt\/wp-json\/wp\/v2\/posts"}],"about":[{"href":"https:\/\/tvbrazilusa.com\/pt\/wp-json\/wp\/v2\/types\/post"}],"author":[{"embeddable":true,"href":"https:\/\/tvbrazilusa.com\/pt\/wp-json\/wp\/v2\/users\/1"}],"replies":[{"embeddable":true,"href":"https:\/\/tvbrazilusa.com\/pt\/wp-json\/wp\/v2\/comments?post=74515"}],"version-history":[{"count":1,"href":"https:\/\/tvbrazilusa.com\/pt\/wp-json\/wp\/v2\/posts\/74515\/revisions"}],"predecessor-version":[{"id":74517,"href":"https:\/\/tvbrazilusa.com\/pt\/wp-json\/wp\/v2\/posts\/74515\/revisions\/74517"}],"wp:featuredmedia":[{"embeddable":true,"href":"https:\/\/tvbrazilusa.com\/pt\/wp-json\/wp\/v2\/media\/74516"}],"wp:attachment":[{"href":"https:\/\/tvbrazilusa.com\/pt\/wp-json\/wp\/v2\/media?parent=74515"}],"wp:term":[{"taxonomy":"category","embeddable":true,"href":"https:\/\/tvbrazilusa.com\/pt\/wp-json\/wp\/v2\/categories?post=74515"},{"taxonomy":"post_tag","embeddable":true,"href":"https:\/\/tvbrazilusa.com\/pt\/wp-json\/wp\/v2\/tags?post=74515"}],"curies":[{"name":"wp","href":"https:\/\/api.w.org\/{rel}","templated":true}]}}