{"id":74518,"date":"2024-12-10T22:25:44","date_gmt":"2024-12-10T22:25:44","guid":{"rendered":"https:\/\/tvbrazilusa.com\/2024\/12\/10\/show-da-manha-bolsonaro-rebate-stf-e-as-gafes-de-alckmin-11-12-2024\/"},"modified":"2024-12-10T22:25:44","modified_gmt":"2024-12-10T22:25:44","slug":"show-da-manha-bolsonaro-rebate-stf-e-as-gafes-de-alckmin-11-12-2024","status":"publish","type":"post","link":"https:\/\/tvbrazilusa.com\/pt\/2024\/12\/10\/show-da-manha-bolsonaro-rebate-stf-e-as-gafes-de-alckmin-11-12-2024\/","title":{"rendered":"SHOW DA MANH\u00c3 &#8211; BOLSONARO REBATE STF E AS GAFES DE ALCKMIN\u00a0&#8211;\u00a011\/12\/2024"},"content":{"rendered":"<p><iframe  width=\"580\" height=\"385\" src=\"https:\/\/www.youtube.com\/embed\/7KmRRo-NQts?modestbranding=1\" frameborder=\"0\" allowfullscreen><\/iframe><br \/>\n<br \/>Apresentado por Marco Ant\u00f4nio Costa, com os coment\u00e1rios de Adrilles. Convidados de hoje: Didi Red Pill e Marcelo Rocha Monteiro. Participa\u00e7\u00e3o especial: Ernesto Ara\u00fajo. O Show da Manh\u00e3 vai ao ar de segunda a sexta, das 10h \u00e0s 12h.<\/p>\n<p>\ud83d\udd25 NESTE NATAL, ASSINE O DEZ A FIO E GANHE O CLUBE DA LUTA DE PRESENTE! \ud83d\udc49 <\/p>\n<p>\ud83d\udd25 PRE\u00c7OS ESPECIAIS LIMITADOS! O PRESENTE DE NATAL IDEAL EST\u00c1 EM NOSSA LIVRARIA: <\/p>\n<p>Inscreva-se no nosso Canal!<\/p>\n<p>Ou\u00e7a no Spotify: <\/p>\n<p>Siga no Instagram:<\/p>\n<p>Marco Ant\u00f4nio Costa: <\/p>\n<p>Adrilles Jorge: <\/p>\n<p>Fio Di\u00e1rio: <\/p>\n<p><a href=\"https:\/\/www.youtube.com\/watch?v=7KmRRo-NQts\">source<\/a><\/p>","protected":false},"excerpt":{"rendered":"<p>Apresentado por Marco Ant\u00f4nio Costa, com os coment\u00e1rios de Adrilles. Convidados de hoje: Didi Red Pill e Marcelo Rocha Monteiro. Participa\u00e7\u00e3o especial: Ernesto Ara\u00fajo. O Show da Manh\u00e3 vai ao&hellip;<\/p>","protected":false},"author":1,"featured_media":74519,"comment_status":"","ping_status":"open","sticky":false,"template":"","format":"standard","meta":{"content-type":"","footnotes":""},"categories":[17],"tags":[31556,136,649,557,3524,63,871],"class_list":["post-74518","post","type-post","status-publish","format-standard","has-post-thumbnail","hentry","category-programas","tag-alckmin11122024","tag-bolsonaro","tag-gafes","tag-manha","tag-rebate","tag-show","tag-stf"],"_links":{"self":[{"href":"https:\/\/tvbrazilusa.com\/pt\/wp-json\/wp\/v2\/posts\/74518","targetHints":{"allow":["GET"]}}],"collection":[{"href":"https:\/\/tvbrazilusa.com\/pt\/wp-json\/wp\/v2\/posts"}],"about":[{"href":"https:\/\/tvbrazilusa.com\/pt\/wp-json\/wp\/v2\/types\/post"}],"author":[{"embeddable":true,"href":"https:\/\/tvbrazilusa.com\/pt\/wp-json\/wp\/v2\/users\/1"}],"replies":[{"embeddable":true,"href":"https:\/\/tvbrazilusa.com\/pt\/wp-json\/wp\/v2\/comments?post=74518"}],"version-history":[{"count":0,"href":"https:\/\/tvbrazilusa.com\/pt\/wp-json\/wp\/v2\/posts\/74518\/revisions"}],"wp:featuredmedia":[{"embeddable":true,"href":"https:\/\/tvbrazilusa.com\/pt\/wp-json\/wp\/v2\/media\/74519"}],"wp:attachment":[{"href":"https:\/\/tvbrazilusa.com\/pt\/wp-json\/wp\/v2\/media?parent=74518"}],"wp:term":[{"taxonomy":"category","embeddable":true,"href":"https:\/\/tvbrazilusa.com\/pt\/wp-json\/wp\/v2\/categories?post=74518"},{"taxonomy":"post_tag","embeddable":true,"href":"https:\/\/tvbrazilusa.com\/pt\/wp-json\/wp\/v2\/tags?post=74518"}],"curies":[{"name":"wp","href":"https:\/\/api.w.org\/{rel}","templated":true}]}}