{"id":74546,"date":"2024-12-11T13:45:18","date_gmt":"2024-12-11T13:45:18","guid":{"rendered":"https:\/\/tvbrazilusa.com\/2024\/12\/11\/neymar-processa-criminalmente-luana-piovani-por-difamacao-entenda-o-caso\/"},"modified":"2024-12-11T13:45:19","modified_gmt":"2024-12-11T13:45:19","slug":"neymar-processa-criminalmente-luana-piovani-por-difamacao-entenda-o-caso","status":"publish","type":"post","link":"https:\/\/tvbrazilusa.com\/pt\/2024\/12\/11\/neymar-processa-criminalmente-luana-piovani-por-difamacao-entenda-o-caso\/","title":{"rendered":"Neymar processa criminalmente Luana Piovani por difama\u00e7\u00e3o; Entenda o caso"},"content":{"rendered":"<p> <script async src=\"https:\/\/pagead2.googlesyndication.com\/pagead\/js\/adsbygoogle.js?client=ca-pub-8864793242727901\"\r\n     crossorigin=\"anonymous\"><\/script><br \/>\n<\/p>\n<div id=\"taboola-read-more\" style=\"display:block; width:100%\">\n<p>O portal LeoDias teve acesso a uma queixa-crime ajuizada por Neymar contra Luana Piovani. No processo o craque acusa a atriz de difama\u00e7\u00e3o por uma s\u00e9rie de declara\u00e7\u00f5es dadas no meio deste ano. Na a\u00e7\u00e3o o caso em que Piovani acusa o jogador de querer a privatiza\u00e7\u00e3o de praias e de chamar o atleta de \u201ctraidor de mulher gr\u00e1vida\u201d.\n<\/p>\n<p>\u201cNos dias 28 de maio de 2024, 30 de maio de 2024 e 1\u00ba de junho de 2024, por meio de publica\u00e7\u00f5es de \u2018Stories\u2019 em seu perfil na rede social Instagram (@luapio), LUANA PIOVANI difamou e injuriou continuadamente o Querelante NEYMAR DA SILVA SANTOS J\u00daNIOR e ofendeu a sua reputa\u00e7\u00e3o, a sua dignidade e o seu decoro com as seguintes declara\u00e7\u00f5es proferidas pela rede mundial de computadores, o que facilitou a divulga\u00e7\u00e3o das ofensas contra a honra\u201d, disse a defesa de Neymar na a\u00e7\u00e3o.<\/p>\n<p>Al\u00e9m de pedir a condena\u00e7\u00e3o da atriz pelos crimes de difama\u00e7\u00e3o e inj\u00faria, Neymar pede a indeniza\u00e7\u00e3o de R$ 50 mil.\n<\/p>\n<p>\u201cQue a Querelada LUANA EL\u00cdDIA AFONSO PIOVANI processada nos termos da lei e, ao final, condenada pela pr\u00e1tica dos crimes previstos nos artigos 139 e 140 do C\u00f3digo Penal, por dez vezes, com os acr\u00e9scimos da continuidade delitiva previstos no artigo 71 do C\u00f3digo Penal, bem como com as causas de aumento dispostas no artigo 141, inciso III e \u00a72\u00ba, do C\u00f3digo Penal, fixando-se, inclusive, valor m\u00ednimo para indeniza\u00e7\u00e3o e repara\u00e7\u00e3o de danos causados ao Querelante no montante de R$ 50.000,00 (cinquenta mil reais)\u201d, solicitou Neymar \u00e0 Justi\u00e7a.<\/p>\n<p>Fonte: Portal Leo Dias              <\/p>\n<\/div>\n<p><br \/>\n<br \/><a href=\"https:\/\/diariodobrasilnoticias.com.br\/noticia\/neymar-processa-criminalmente-luana-piovani-por-difamacao-entenda-o-caso-675975a0c28b5\">Source link <\/a><\/p>","protected":false},"excerpt":{"rendered":"<p>O portal LeoDias teve acesso a uma queixa-crime ajuizada por Neymar contra Luana Piovani. No processo o craque acusa a atriz de difama\u00e7\u00e3o por uma s\u00e9rie de declara\u00e7\u00f5es dadas no&hellip;<\/p>","protected":false},"author":1,"featured_media":74547,"comment_status":"closed","ping_status":"open","sticky":false,"template":"","format":"standard","meta":{"content-type":"","footnotes":""},"categories":[16],"tags":[123,2448,5313,1267],"class_list":["post-74546","post","type-post","status-publish","format-standard","has-post-thumbnail","hentry","category-noticias","tag-brasil","tag-diario","tag-noticia","tag-noticias"],"_links":{"self":[{"href":"https:\/\/tvbrazilusa.com\/pt\/wp-json\/wp\/v2\/posts\/74546","targetHints":{"allow":["GET"]}}],"collection":[{"href":"https:\/\/tvbrazilusa.com\/pt\/wp-json\/wp\/v2\/posts"}],"about":[{"href":"https:\/\/tvbrazilusa.com\/pt\/wp-json\/wp\/v2\/types\/post"}],"author":[{"embeddable":true,"href":"https:\/\/tvbrazilusa.com\/pt\/wp-json\/wp\/v2\/users\/1"}],"replies":[{"embeddable":true,"href":"https:\/\/tvbrazilusa.com\/pt\/wp-json\/wp\/v2\/comments?post=74546"}],"version-history":[{"count":1,"href":"https:\/\/tvbrazilusa.com\/pt\/wp-json\/wp\/v2\/posts\/74546\/revisions"}],"predecessor-version":[{"id":74548,"href":"https:\/\/tvbrazilusa.com\/pt\/wp-json\/wp\/v2\/posts\/74546\/revisions\/74548"}],"wp:featuredmedia":[{"embeddable":true,"href":"https:\/\/tvbrazilusa.com\/pt\/wp-json\/wp\/v2\/media\/74547"}],"wp:attachment":[{"href":"https:\/\/tvbrazilusa.com\/pt\/wp-json\/wp\/v2\/media?parent=74546"}],"wp:term":[{"taxonomy":"category","embeddable":true,"href":"https:\/\/tvbrazilusa.com\/pt\/wp-json\/wp\/v2\/categories?post=74546"},{"taxonomy":"post_tag","embeddable":true,"href":"https:\/\/tvbrazilusa.com\/pt\/wp-json\/wp\/v2\/tags?post=74546"}],"curies":[{"name":"wp","href":"https:\/\/api.w.org\/{rel}","templated":true}]}}