{"id":74552,"date":"2024-12-11T14:14:45","date_gmt":"2024-12-11T14:14:45","guid":{"rendered":"https:\/\/tvbrazilusa.com\/2024\/12\/11\/urgente-justica-eleitoral-condena-ronaldo-caiado-a-inelegibilidade-e-cassa-registro-de-sandro-mabel-por-abuso-de-poder-politico\/"},"modified":"2024-12-11T14:14:47","modified_gmt":"2024-12-11T14:14:47","slug":"urgente-justica-eleitoral-condena-ronaldo-caiado-a-inelegibilidade-e-cassa-registro-de-sandro-mabel-por-abuso-de-poder-politico","status":"publish","type":"post","link":"https:\/\/tvbrazilusa.com\/pt\/2024\/12\/11\/urgente-justica-eleitoral-condena-ronaldo-caiado-a-inelegibilidade-e-cassa-registro-de-sandro-mabel-por-abuso-de-poder-politico\/","title":{"rendered":"URGENTE: Justi\u00e7a Eleitoral Condena Ronaldo Caiado \u00e0 Inelegibilidade e Cassa Registro de Sandro Mabel por Abuso de Poder Pol\u00edtico"},"content":{"rendered":"<p> <script async src=\"https:\/\/pagead2.googlesyndication.com\/pagead\/js\/adsbygoogle.js?client=ca-pub-8864793242727901\"\r\n     crossorigin=\"anonymous\"><\/script><br \/>\n<\/p>\n<div id=\"taboola-read-more\" style=\"display:block; width:100%\">\n<p>*Goi\u00e2nia, 11 de dezembro de 2024* &#8211; Em uma decis\u00e3o que repercutir\u00e1 fortemente no cen\u00e1rio pol\u00edtico de Goi\u00e2nia, a Ju\u00edza Eleitoral Maria Umbelina Zorzetti condenou o Governador de Goi\u00e1s, Ronaldo Ramos Caiado, \u00e0 inelegibilidade por 8 anos e cassou o registro de candidatura do prefeito eleito Sandro da Mabel Ant\u00f4nio Scodro, al\u00e9m de sua vice, Cl\u00e1udia da Silva Lira, tamb\u00e9m declarada ineleg\u00edvel pelo mesmo per\u00edodo. A senten\u00e7a foi proferida em resposta a uma a\u00e7\u00e3o de investiga\u00e7\u00e3o judicial eleitoral (AIJE) movida pela coliga\u00e7\u00e3o &#8220;Goi\u00e2nia Acima de Tudo&#8221; (PL\/NOVO) e pelo candidato Frederico Gustavo Rodrigues da Cunha.\n<\/p>\n<p>A investiga\u00e7\u00e3o apontou que nos dias 7 e 9 de outubro de 2024, o Governador Ronaldo Caiado utilizou o Pal\u00e1cio das Esmeraldas, resid\u00eancia oficial do governo goiano, para promover jantares com vereadores eleitos e suplentes, eventos que foram considerados pela Justi\u00e7a como atos de campanha eleitoral em favor de Mabel e Lira. A decis\u00e3o destaca que houve uso indevido da estrutura governamental, incluindo bens e servi\u00e7os p\u00fablicos, para beneficiar candidatos espec\u00edficos, configurando abuso de poder pol\u00edtico e viola\u00e7\u00e3o das normas eleitorais.<\/p>\n<p>*Detalhes da Decis\u00e3o:*<br \/>&#8211; *Ronaldo Caiado:* Condenado \u00e0 inelegibilidade por 8 anos e multa de R$ 60.000,00 por abuso de poder pol\u00edtico e pr\u00e1tica de condutas vedadas.<br \/>&#8211; *Sandro Mabel:* Teve seu registro de candidato a Prefeito cassado, al\u00e9m de ser condenado \u00e0 inelegibilidade por 8 anos e multa de R$ 40.000,00.<br \/>&#8211; *Cl\u00e1udia Lira:* Cassa\u00e7\u00e3o do registro de candidata a Vice-Prefeito, inelegibilidade por 8 anos, e multa de R$ 5.320,50.\n<\/p>\n<p>A senten\u00e7a tamb\u00e9m determina a suspens\u00e3o imediata das atividades eleitorais que foram consideradas irregulares e a exclus\u00e3o dos partidos envolvidos na distribui\u00e7\u00e3o dos recursos do Fundo Partid\u00e1rio.\n<\/p>\n<p>Os advogados de defesa de Caiado e Mabel argumentaram que os encontros eram reuni\u00f5es institucionais sem car\u00e1ter eleitoral, mas as provas, incluindo v\u00eddeos e testemunhos, demonstraram que houve pedidos velados de apoio pol\u00edtico, o que foi considerado suficiente para configurar o abuso de poder.\n<\/p>\n<p>A repercuss\u00e3o da decis\u00e3o na m\u00eddia e nas redes sociais foi significativa, com muitos ve\u00edculos noticiando os fatos como uma clara tentativa de influenciar o pleito eleitoral. A decis\u00e3o ainda pode ser alvo de recurso, mas enquanto isso, o cen\u00e1rio pol\u00edtico de Goi\u00e2nia se v\u00ea em um novo cap\u00edtulo de incertezas sobre quem assumir\u00e1 a prefeitura em caso de confirma\u00e7\u00e3o definitiva da cassa\u00e7\u00e3o.\n<\/p>\n<p><a href=\"https:\/\/pdfupload.io\/docs\/646de203\" target=\"_blank\" rel=\"noopener noreferrer\">Veja a\u00e7\u00e3o aqui<\/a>              <\/p>\n<\/div>\n<p><br \/>\n<br \/><a href=\"https:\/\/diariodobrasilnoticias.com.br\/noticia\/urgente-justica-eleitoral-condena-ronaldo-caiado-a-inelegibilidade-e-cassa-registro-de-sandro-mabel-por-abuso-de-poder-politico-675997e610079\">Source link <\/a><\/p>","protected":false},"excerpt":{"rendered":"<p>*Goi\u00e2nia, 11 de dezembro de 2024* &#8211; Em uma decis\u00e3o que repercutir\u00e1 fortemente no cen\u00e1rio pol\u00edtico de Goi\u00e2nia, a Ju\u00edza Eleitoral Maria Umbelina Zorzetti condenou o Governador de Goi\u00e1s, Ronaldo&hellip;<\/p>","protected":false},"author":1,"featured_media":74553,"comment_status":"closed","ping_status":"open","sticky":false,"template":"","format":"standard","meta":{"content-type":"","footnotes":""},"categories":[16],"tags":[123,2448,5313,1267],"class_list":["post-74552","post","type-post","status-publish","format-standard","has-post-thumbnail","hentry","category-noticias","tag-brasil","tag-diario","tag-noticia","tag-noticias"],"_links":{"self":[{"href":"https:\/\/tvbrazilusa.com\/pt\/wp-json\/wp\/v2\/posts\/74552","targetHints":{"allow":["GET"]}}],"collection":[{"href":"https:\/\/tvbrazilusa.com\/pt\/wp-json\/wp\/v2\/posts"}],"about":[{"href":"https:\/\/tvbrazilusa.com\/pt\/wp-json\/wp\/v2\/types\/post"}],"author":[{"embeddable":true,"href":"https:\/\/tvbrazilusa.com\/pt\/wp-json\/wp\/v2\/users\/1"}],"replies":[{"embeddable":true,"href":"https:\/\/tvbrazilusa.com\/pt\/wp-json\/wp\/v2\/comments?post=74552"}],"version-history":[{"count":1,"href":"https:\/\/tvbrazilusa.com\/pt\/wp-json\/wp\/v2\/posts\/74552\/revisions"}],"predecessor-version":[{"id":74554,"href":"https:\/\/tvbrazilusa.com\/pt\/wp-json\/wp\/v2\/posts\/74552\/revisions\/74554"}],"wp:featuredmedia":[{"embeddable":true,"href":"https:\/\/tvbrazilusa.com\/pt\/wp-json\/wp\/v2\/media\/74553"}],"wp:attachment":[{"href":"https:\/\/tvbrazilusa.com\/pt\/wp-json\/wp\/v2\/media?parent=74552"}],"wp:term":[{"taxonomy":"category","embeddable":true,"href":"https:\/\/tvbrazilusa.com\/pt\/wp-json\/wp\/v2\/categories?post=74552"},{"taxonomy":"post_tag","embeddable":true,"href":"https:\/\/tvbrazilusa.com\/pt\/wp-json\/wp\/v2\/tags?post=74552"}],"curies":[{"name":"wp","href":"https:\/\/api.w.org\/{rel}","templated":true}]}}