{"id":74557,"date":"2024-12-11T14:26:41","date_gmt":"2024-12-11T14:26:41","guid":{"rendered":"https:\/\/tvbrazilusa.com\/2024\/12\/11\/passageira-morre-em-voo-da-gol-de-brasilia-para-miami-entenda\/"},"modified":"2024-12-11T14:26:42","modified_gmt":"2024-12-11T14:26:42","slug":"passageira-morre-em-voo-da-gol-de-brasilia-para-miami-entenda","status":"publish","type":"post","link":"https:\/\/tvbrazilusa.com\/pt\/2024\/12\/11\/passageira-morre-em-voo-da-gol-de-brasilia-para-miami-entenda\/","title":{"rendered":"Passageira morre em voo da Gol de Bras\u00edlia para Miami; entenda"},"content":{"rendered":"<p> <script async src=\"https:\/\/pagead2.googlesyndication.com\/pagead\/js\/adsbygoogle.js?client=ca-pub-8864793242727901\"\r\n     crossorigin=\"anonymous\"><\/script><br \/>\n<\/p>\n<div id=\"taboola-read-more\" style=\"display:block; width:100%\">\n<p>Uma passageira morreu durante um voo da Gol que partiu de Bras\u00edlia com destino a Miami, nos Estados Unidos, nesta ter\u00e7a-feira, 10. A companhia a\u00e9rea confirmou o \u00f3bito em comunicado.\n<\/p>\n<p>\u201cA Gol se sensibiliza pelo ocorrido e informa que todos os procedimentos previstos para casos como este foram realizados de acordo com o preconizado pelos \u00f3rg\u00e3os reguladores internacionais\u201d, afirmou a empresa.<\/p>\n<p>Segundo um relato compartilhado em rede social, a passageira passou mal durante a viagem e foi atendida por dois m\u00e9dicos que estavam a bordo. Apesar da assist\u00eancia, a mulher n\u00e3o resistiu. O avi\u00e3o pousou no Aeroporto de Miami com a passageira j\u00e1 sem vida.\n<\/p>\n<p><strong>Veja a nota da Gol na \u00edntegra<\/strong><br \/>\u201cA GOL informa que durante o voo G3 7748, entre Bras\u00edlia (BSB) e Miami (MIA), realizado nesta ter\u00e7a-feira (10\/12), uma passageira passou mal e, infelizmente, faleceu a bordo.\n<\/p>\n<p>A aeronave pousou na cidade americana \u00e0s 15h55 (hora local).\n<\/p>\n<p>A GOL se sensibiliza pelo ocorrido e informa que todos os procedimentos previstos para casos como este foram realizados de acordo com o preconizado pelos \u00f3rg\u00e3os reguladores internacionais.\u201d\n<\/p>\n<p><strong>Companhia retoma rota internacional para o Marrocos<\/strong><br \/>A Gol anunciou em novembro uma nova parceria com a Royal Air Maroc, a principal companhia a\u00e9rea do Marrocos, para retomar voos diretos entre o Aeroporto de Guarulhos, em S\u00e3o Paulo, e o terminal de Casablanca.\n<\/p>\n<p>Essa iniciativa resultou de uma reuni\u00e3o realizada em junho entre Mauro Vieira, ministro das Rela\u00e7\u00f5es Exteriores do Brasil, e Nasser Bourita, ministro dos Neg\u00f3cios Estrangeiros do Marrocos.\n<\/p>\n<p>Os voos estavam suspensos havia quatro anos devido \u00e0 pandemia de covid-19, mas agora prometem reabrir novas possibilidades de conex\u00e3o entre os dois pa\u00edses.\n<\/p>\n<p>O acordo \u00e9 um codeshare, que permite que ambas as companhias compartilhem voos em 20 destinos no Marrocos, incluindo cidades como Marrakesh, Agadir, Tangier e Fes.\n<\/p>\n<p>Al\u00e9m disso, os passageiros da Royal Air Maroc ter\u00e3o acesso \u00e0 extensa rede de destinos nacionais oferecida pela Gol no Brasil, a partir de Guarulhos.<\/p>\n<p>Fonte: Revista Oeste              <\/p>\n<\/div>\n<p><br \/>\n<br \/><a href=\"https:\/\/diariodobrasilnoticias.com.br\/noticia\/passageira-morre-em-voo-da-gol-de-brasilia-para-miami-entenda-675978619a2ee\">Source link <\/a><\/p>","protected":false},"excerpt":{"rendered":"<p>Uma passageira morreu durante um voo da Gol que partiu de Bras\u00edlia com destino a Miami, nos Estados Unidos, nesta ter\u00e7a-feira, 10. A companhia a\u00e9rea confirmou o \u00f3bito em comunicado.&hellip;<\/p>","protected":false},"author":1,"featured_media":74558,"comment_status":"closed","ping_status":"open","sticky":false,"template":"","format":"standard","meta":{"content-type":"","footnotes":""},"categories":[16],"tags":[123,2448,5313,1267],"class_list":["post-74557","post","type-post","status-publish","format-standard","has-post-thumbnail","hentry","category-noticias","tag-brasil","tag-diario","tag-noticia","tag-noticias"],"_links":{"self":[{"href":"https:\/\/tvbrazilusa.com\/pt\/wp-json\/wp\/v2\/posts\/74557","targetHints":{"allow":["GET"]}}],"collection":[{"href":"https:\/\/tvbrazilusa.com\/pt\/wp-json\/wp\/v2\/posts"}],"about":[{"href":"https:\/\/tvbrazilusa.com\/pt\/wp-json\/wp\/v2\/types\/post"}],"author":[{"embeddable":true,"href":"https:\/\/tvbrazilusa.com\/pt\/wp-json\/wp\/v2\/users\/1"}],"replies":[{"embeddable":true,"href":"https:\/\/tvbrazilusa.com\/pt\/wp-json\/wp\/v2\/comments?post=74557"}],"version-history":[{"count":1,"href":"https:\/\/tvbrazilusa.com\/pt\/wp-json\/wp\/v2\/posts\/74557\/revisions"}],"predecessor-version":[{"id":74559,"href":"https:\/\/tvbrazilusa.com\/pt\/wp-json\/wp\/v2\/posts\/74557\/revisions\/74559"}],"wp:featuredmedia":[{"embeddable":true,"href":"https:\/\/tvbrazilusa.com\/pt\/wp-json\/wp\/v2\/media\/74558"}],"wp:attachment":[{"href":"https:\/\/tvbrazilusa.com\/pt\/wp-json\/wp\/v2\/media?parent=74557"}],"wp:term":[{"taxonomy":"category","embeddable":true,"href":"https:\/\/tvbrazilusa.com\/pt\/wp-json\/wp\/v2\/categories?post=74557"},{"taxonomy":"post_tag","embeddable":true,"href":"https:\/\/tvbrazilusa.com\/pt\/wp-json\/wp\/v2\/tags?post=74557"}],"curies":[{"name":"wp","href":"https:\/\/api.w.org\/{rel}","templated":true}]}}