{"id":74560,"date":"2024-12-11T14:39:35","date_gmt":"2024-12-11T14:39:35","guid":{"rendered":"https:\/\/tvbrazilusa.com\/2024\/12\/11\/plenario-do-senado-aprova-regulamentacao-da-inteligencia-artificial\/"},"modified":"2024-12-11T14:39:36","modified_gmt":"2024-12-11T14:39:36","slug":"plenario-do-senado-aprova-regulamentacao-da-inteligencia-artificial","status":"publish","type":"post","link":"https:\/\/tvbrazilusa.com\/pt\/2024\/12\/11\/plenario-do-senado-aprova-regulamentacao-da-inteligencia-artificial\/","title":{"rendered":"Plen\u00e1rio do Senado aprova regulamenta\u00e7\u00e3o da Intelig\u00eancia Artificial"},"content":{"rendered":"<p> <script async src=\"https:\/\/pagead2.googlesyndication.com\/pagead\/js\/adsbygoogle.js?client=ca-pub-8864793242727901\"\r\n     crossorigin=\"anonymous\"><\/script><br \/>\n<\/p>\n<div id=\"taboola-read-more\" style=\"display:block; width:100%\">\n<p>O plen\u00e1rio do Senado Federal aprovou de forma simb\u00f3lica, nesta ter\u00e7a-feira (10), o projeto de lei (PL) n\u00ba 2.338\/2023, que regulamenta a intelig\u00eancia artificial (IA) no Brasil. Agora o texto segue para ser apreciado na C\u00e2mara dos Deputados.\n<\/p>\n<p>A vota\u00e7\u00e3o da proposta na comiss\u00e3o tempor\u00e1ria que analisou o texto foi adiada diversas vezes. O texto foi politizado, principalmente por membros da oposi\u00e7\u00e3o, que alegavam que se estaria abrindo a possibilidade de censura.<\/p>\n<p>A proposta \u00e9 de autoria do presidente do Congresso Nacional, Rodrigo Pacheco (PSD-MG), que tem como prioridade finalizar a an\u00e1lise da proposta ainda este ano na Casa, antes de deixar o cargo.\n<\/p>\n<p>O PL estabelece as diretrizes da IA, como limites e regras que devem ser seguidas pelas plataformas que fazem uso da tecnologia, al\u00e9m de poss\u00edveis san\u00e7\u00f5es a atividades que s\u00e3o consideradas de alto risco.\n<\/p>\n<p>O texto cria o Sistema Nacional de Regula\u00e7\u00e3o e Governan\u00e7a de Intelig\u00eancia Artificial (SIA), que ser\u00e1 respons\u00e1vel pela fiscaliza\u00e7\u00e3o da IA no Brasil. O sistema vai ser coordenado pela Autoridade Nacional de Prote\u00e7\u00e3o de Dados (ANPD).\n<\/p>\n<p><strong>Mudan\u00e7as no texto<\/strong><br \/>O relator, senador Eduardo Gomes (PL-TO), precisou fazer altera\u00e7\u00f5es redacionais no texto, inclusive sobre liberdade de express\u00e3o, j\u00e1 que parte do seu pr\u00f3prio partido, o PL, alegavam em alguns momentos que a proposta feria o direitos de express\u00e3o.\n<\/p>\n<p><strong>Proibi\u00e7\u00f5es para as empresas de IA<\/strong><br \/>O projeto estabelece algumas proibi\u00e7\u00f5es para as plataformas. Uma delas \u00e9 a cria\u00e7\u00e3o de material que caracterize ou represente abuso ou explora\u00e7\u00e3o sexual de crian\u00e7as e adolescentes. Outra \u00e9 que pro\u00edbe a explora\u00e7\u00e3o da vulnerabilidade dos usu\u00e1rios.\n<\/p>\n<p>Na lista de proibi\u00e7\u00f5es, est\u00e1 a que veda instigar ou induzir o comportamento da pessoa natural ou de grupos de maneira que cause danos \u00e0 sa\u00fade, seguran\u00e7a ou outros direitos fundamentais pr\u00f3prios ou de terceiros.\n<\/p>\n<p>H\u00e1 ainda, entre a lista de proibi\u00e7\u00f5es, a proibi\u00e7\u00e3o do uso da IA como arma aut\u00f4noma, com dissemina\u00e7\u00e3o a alvos sem interven\u00e7\u00e3o humana.\n<\/p>\n<p>Quando se refere a investiga\u00e7\u00f5es, o texto estabelece que utilizar a IA como arma aut\u00f4noma para coletar provas em inqu\u00e9ritos ser\u00e1 permitido desde que haja autoriza\u00e7\u00e3o judicial e\/ou quando n\u00e3o houver outros meios.\n<\/p>\n<p><strong>Multas e san\u00e7\u00f5es<\/strong><br \/>Caso as plataformas de IA n\u00e3o sigam as regras criadas pela regulamenta\u00e7\u00e3o, ficam estabelecidas algumas san\u00e7\u00f5es. Uma delas \u00e9 uma multa de at\u00e9 R$ 50 milh\u00f5es ou 2% de seu faturamento total por cada viola\u00e7\u00e3o cometida.\n<\/p>\n<p>Al\u00e9m disso, est\u00e1 permitida a publiciza\u00e7\u00e3o da infra\u00e7\u00e3o ap\u00f3s apura\u00e7\u00e3o e confirma\u00e7\u00e3o da ocorr\u00eancia. E tamb\u00e9m a suspens\u00e3o parcial ou total, tempor\u00e1ria ou definitiva, do desenvolvimento, fornecimento ou opera\u00e7\u00e3o do sistema de IA.\n<\/p>\n<p>Com informa\u00e7\u00f5es de Metr\u00f3poles              <\/p>\n<\/div>\n<p><br \/>\n<br \/><a href=\"https:\/\/diariodobrasilnoticias.com.br\/noticia\/plenario-do-senado-aprova-regulamentacao-da-inteligencia-artificial-67597ac733dbe\">Source link <\/a><\/p>","protected":false},"excerpt":{"rendered":"<p>O plen\u00e1rio do Senado Federal aprovou de forma simb\u00f3lica, nesta ter\u00e7a-feira (10), o projeto de lei (PL) n\u00ba 2.338\/2023, que regulamenta a intelig\u00eancia artificial (IA) no Brasil. Agora o texto&hellip;<\/p>","protected":false},"author":1,"featured_media":74561,"comment_status":"closed","ping_status":"open","sticky":false,"template":"","format":"standard","meta":{"content-type":"","footnotes":""},"categories":[16],"tags":[123,2448,5313,1267],"class_list":["post-74560","post","type-post","status-publish","format-standard","has-post-thumbnail","hentry","category-noticias","tag-brasil","tag-diario","tag-noticia","tag-noticias"],"_links":{"self":[{"href":"https:\/\/tvbrazilusa.com\/pt\/wp-json\/wp\/v2\/posts\/74560","targetHints":{"allow":["GET"]}}],"collection":[{"href":"https:\/\/tvbrazilusa.com\/pt\/wp-json\/wp\/v2\/posts"}],"about":[{"href":"https:\/\/tvbrazilusa.com\/pt\/wp-json\/wp\/v2\/types\/post"}],"author":[{"embeddable":true,"href":"https:\/\/tvbrazilusa.com\/pt\/wp-json\/wp\/v2\/users\/1"}],"replies":[{"embeddable":true,"href":"https:\/\/tvbrazilusa.com\/pt\/wp-json\/wp\/v2\/comments?post=74560"}],"version-history":[{"count":1,"href":"https:\/\/tvbrazilusa.com\/pt\/wp-json\/wp\/v2\/posts\/74560\/revisions"}],"predecessor-version":[{"id":74562,"href":"https:\/\/tvbrazilusa.com\/pt\/wp-json\/wp\/v2\/posts\/74560\/revisions\/74562"}],"wp:featuredmedia":[{"embeddable":true,"href":"https:\/\/tvbrazilusa.com\/pt\/wp-json\/wp\/v2\/media\/74561"}],"wp:attachment":[{"href":"https:\/\/tvbrazilusa.com\/pt\/wp-json\/wp\/v2\/media?parent=74560"}],"wp:term":[{"taxonomy":"category","embeddable":true,"href":"https:\/\/tvbrazilusa.com\/pt\/wp-json\/wp\/v2\/categories?post=74560"},{"taxonomy":"post_tag","embeddable":true,"href":"https:\/\/tvbrazilusa.com\/pt\/wp-json\/wp\/v2\/tags?post=74560"}],"curies":[{"name":"wp","href":"https:\/\/api.w.org\/{rel}","templated":true}]}}