{"id":74606,"date":"2024-12-11T15:47:36","date_gmt":"2024-12-11T15:47:36","guid":{"rendered":"https:\/\/tvbrazilusa.com\/2024\/12\/11\/escolhas-de-artes-13-a-15-de-dezembro-jacksonville-hoje\/"},"modified":"2024-12-11T15:49:31","modified_gmt":"2024-12-11T15:49:31","slug":"escolhas-de-artes-13-a-15-de-dezembro-jacksonville-hoje","status":"publish","type":"post","link":"https:\/\/tvbrazilusa.com\/pt\/2024\/12\/11\/escolhas-de-artes-13-a-15-de-dezembro-jacksonville-hoje\/","title":{"rendered":"ESCOLHAS DE ARTES | 13 a 15 de dezembro | Jacksonville hoje"},"content":{"rendered":"<p> <script async src=\"https:\/\/pagead2.googlesyndication.com\/pagead\/js\/adsbygoogle.js?client=ca-pub-8864793242727901\"\r\n     crossorigin=\"anonymous\"><\/script><br \/>\n<\/p>\n<div class=\"wp-block-image\">\n<figure class=\"aligncenter size-large\"><\/figure>\n<\/div>\n<p><strong>S\u00e1bado<\/strong><\/p>\n<p><strong>Viva a festa <\/strong><\/p>\n<p><strong>Parque James Weldon Johnson | Centro de Jacksonville<\/strong><\/p>\n<p>O popular (e \u00fanico) festival hisp\u00e2nico anual em Jacksonville, Viva La Fiesta, retorna no s\u00e1bado. (O evento foi remarcado do M\u00eas da Heran\u00e7a Hisp\u00e2nica em outubro devido ao furac\u00e3o Milton.) O festival \u00e9 um dia inteiro de dan\u00e7a e arte no Parque James Weldon Johnson. O cantor e compositor de salsa Frankie Negron se apresenta. Do meio-dia \u00e0s 18h. Participa\u00e7\u00e3o gratuita. <a href=\"https:\/\/www.facebook.com\/vivalafiestajax\/\" rel=\"nofollow noopener\" target=\"_blank\">Mais informa\u00e7\u00f5es<\/a>.<\/p>\n<hr class=\"wp-block-separator has-alpha-channel-opacity\" \/>\n<div class=\"wp-block-image\">\n<figure class=\"aligncenter size-large\"><img fetchpriority=\"high\" decoding=\"async\" style=\"--dominant-color: #d55337\" width=\"1024\" height=\"718\" src=\"https:\/\/jaxtoday.org\/wp-content\/uploads\/2024\/12\/IMG_3258-1024x718.png\" alt=\"\" class=\"not-transparent wp-image-83491\" \/><\/figure>\n<\/div>\n<p><strong>S\u00e1bado <\/strong><\/p>\n<p><strong><em>sentimental<\/em><\/strong><strong>  Exposi\u00e7\u00e3o em grupo <\/strong><\/p>\n<p><strong>Compartilhar Galeria de Arte | S\u00e3o Marcos<\/strong><\/p>\n<p>Nova galeria de arte contempor\u00e2nea com foco local Compartilhar anfitri\u00f5es <em>Soppy, <\/em>uma exposi\u00e7\u00e3o coletiva com curadoria de Kenny Wilson e Em Spitler apresentando novos trabalhos de uma linha de artistas baseados em Jax, exclusivamente femininas, incluindo Stacey Koo, Dessarae Bassel, Natalie Novak, Dani Simmons e Kat Tarbet. A recep\u00e7\u00e3o de abertura \u00e9 das 18h \u00e0s 21h no s\u00e1bado. Gratuito para participar. <a href=\"https:\/\/www.instagram.com\/p\/DDCanZnunZ7\/\" rel=\"nofollow noopener\" target=\"_blank\">Mais informa\u00e7\u00f5es<\/a>.<\/p>\n<hr class=\"wp-block-separator has-alpha-channel-opacity\" \/>\n<div class=\"wp-block-image\">\n<figure class=\"aligncenter size-large\"><img decoding=\"async\" style=\"--dominant-color: #682f30\" width=\"1024\" height=\"576\" src=\"https:\/\/jaxtoday.org\/wp-content\/uploads\/2024\/12\/Sequence-01.00_00_12_00.Still001-1024x576.jpg\" alt=\"\" class=\"not-transparent wp-image-83489\" \/><\/figure>\n<\/div>\n<p><strong>Todo o fim de semana<\/strong><\/p>\n<p><strong><em>Assuntos Espectrais<\/em><\/strong><strong> <\/strong><\/p>\n<p><strong>MOCA | Centro de Jacksonville<\/strong><\/p>\n<p>A celebra\u00e7\u00e3o do anivers\u00e1rio de 100 anos do MOCA continua com a mais recente instala\u00e7\u00e3o do Project Atrium, <em>Assuntos Espectrais<\/em>um projeto de arte biom\u00e9trica \u00fanico e din\u00e2mico. Idealizado pelo artista internacionalmente aclamado Rafael Lozano-Hemmer, <em>Assuntos Espectrais<\/em> usa software e proje\u00e7\u00f5es de imagens t\u00e9rmicas de \u00faltima gera\u00e7\u00e3o, convidando os espectadores a ver o corpo humano como um continuum com o ambiente ao seu redor. A exposi\u00e7\u00e3o fica patente at\u00e9 1\u00ba de junho de 2025. O museu funciona de ter\u00e7a a domingo, das 11h \u00e0s 17h. A entrada \u00e9 gratuita aos s\u00e1bados. <a href=\"https:\/\/mocajacksonville.unf.edu\/exhibitions\/project-atrium\/rafael-lozano-hemmer.html\" rel=\"nofollow noopener\" target=\"_blank\">Mais informa\u00e7\u00f5es<\/a>.<\/p>\n<p>A postagem <a rel=\"nofollow\" href=\"https:\/\/jaxtoday.org\/2024\/12\/11\/arts-picks-dec-13-15\/\">ESCOLHAS DE ARTES | 13 a 15 de dezembro<\/a> apareceu primeiro em <a rel=\"nofollow\" href=\"https:\/\/jaxtoday.org\">Jacksonville hoje<\/a>.<\/p>\n<p><script async src=\"\/\/www.instagram.com\/embed.js\"><\/script><br \/>\n<br \/><br \/>\n<br \/><a href=\"https:\/\/jaxtoday.org\/2024\/12\/11\/arts-picks-dec-13-15\/\">Source link <\/a><\/p>","protected":false},"excerpt":{"rendered":"<p>S\u00e1bado Viva a festa Parque James Weldon Johnson | Centro de Jacksonville O popular (e \u00fanico) festival hisp\u00e2nico anual em Jacksonville, Viva La Fiesta, retorna no s\u00e1bado. (O evento foi&hellip;<\/p>","protected":false},"author":1,"featured_media":74607,"comment_status":"closed","ping_status":"open","sticky":false,"template":"","format":"standard","meta":{"content-type":"","footnotes":""},"categories":[1],"tags":[],"class_list":["post-74606","post","type-post","status-publish","format-standard","has-post-thumbnail","hentry","category-uncategorized"],"_links":{"self":[{"href":"https:\/\/tvbrazilusa.com\/pt\/wp-json\/wp\/v2\/posts\/74606","targetHints":{"allow":["GET"]}}],"collection":[{"href":"https:\/\/tvbrazilusa.com\/pt\/wp-json\/wp\/v2\/posts"}],"about":[{"href":"https:\/\/tvbrazilusa.com\/pt\/wp-json\/wp\/v2\/types\/post"}],"author":[{"embeddable":true,"href":"https:\/\/tvbrazilusa.com\/pt\/wp-json\/wp\/v2\/users\/1"}],"replies":[{"embeddable":true,"href":"https:\/\/tvbrazilusa.com\/pt\/wp-json\/wp\/v2\/comments?post=74606"}],"version-history":[{"count":1,"href":"https:\/\/tvbrazilusa.com\/pt\/wp-json\/wp\/v2\/posts\/74606\/revisions"}],"predecessor-version":[{"id":74608,"href":"https:\/\/tvbrazilusa.com\/pt\/wp-json\/wp\/v2\/posts\/74606\/revisions\/74608"}],"wp:featuredmedia":[{"embeddable":true,"href":"https:\/\/tvbrazilusa.com\/pt\/wp-json\/wp\/v2\/media\/74607"}],"wp:attachment":[{"href":"https:\/\/tvbrazilusa.com\/pt\/wp-json\/wp\/v2\/media?parent=74606"}],"wp:term":[{"taxonomy":"category","embeddable":true,"href":"https:\/\/tvbrazilusa.com\/pt\/wp-json\/wp\/v2\/categories?post=74606"},{"taxonomy":"post_tag","embeddable":true,"href":"https:\/\/tvbrazilusa.com\/pt\/wp-json\/wp\/v2\/tags?post=74606"}],"curies":[{"name":"wp","href":"https:\/\/api.w.org\/{rel}","templated":true}]}}