{"id":74612,"date":"2024-12-11T15:44:13","date_gmt":"2024-12-11T15:44:13","guid":{"rendered":"https:\/\/tvbrazilusa.com\/2024\/12\/11\/patriots-estao-liberando-o-wide-receiver-kj-osborn\/"},"modified":"2024-12-11T15:51:32","modified_gmt":"2024-12-11T15:51:32","slug":"patriots-estao-liberando-o-wide-receiver-kj-osborn","status":"publish","type":"post","link":"https:\/\/tvbrazilusa.com\/pt\/2024\/12\/11\/patriots-estao-liberando-o-wide-receiver-kj-osborn\/","title":{"rendered":"Patriots est\u00e3o liberando o wide receiver KJ Osborn"},"content":{"rendered":"<p> <script async src=\"https:\/\/pagead2.googlesyndication.com\/pagead\/js\/adsbygoogle.js?client=ca-pub-8864793242727901\"\r\n     crossorigin=\"anonymous\"><\/script><br \/>\n<\/p>\n<div id=\"\">\n<header class=\"m-article-header m-article-header--standard\">\n\t\t\t\t\t\t\t\t\t\t\t\t<span id=\"article-header-primary-term\"><br \/>\n\t\t\t\t\t\t\t\t<a class=\"a-term a-term--primary\" href=\"https:\/\/www.boston.com\/tag\/new-england-patriots\/\"><\/p>\n<p>\t\t\t\t\t\t\t\tPatriotas\t\t\t\t\t\t\t\t<\/a><br \/>\n\t\t\t\t\t\t\t<\/span><\/p>\n<h2 class=\"m-article-header__sub-headline\">O ex-Vikings WR assinou um contrato de um ano no valor de US$ 4 milh\u00f5es com o New England em mar\u00e7o.<\/h2>\n<figure class=\"a-photo m-article-header__photo\"><figcaption class=\"a-photo__caption\">\n<p>\tKJ Osborn usa o uniforme antigo antes de enfrentar os texanos.<em> Danielle Parhizkaran \/ Equipe do Globo<\/em>\t<\/figcaption><\/figure>\n<div class=\"m-article-header__meta\">\n<div class=\"m-article-header__byline\">\n<p class=\"m-article-header__author\">\n<p>\t\t\t\t\t\t\t\tPor Nicole Yang, The Boston Globe\t\t\t\t\t\t\t<\/p>\n<p>\t\t\t\t\t\t\t\t\t\t\t\t\t\t\t<time class=\"m-article-header__date\"><\/p>\n<p>\t\t\t\t\t\t\t\t\t11 de dezembro de 2024 | 10h44\t\t\t\t\t\t\t\t<\/time><\/p><\/div>\n<\/p><\/div>\n<\/header>\n<p>Os Patriots dispensaram o wide receiver KJ Osborn e preencheram sua vaga no elenco ativando o atacante Cole Strange da lista de fisicamente incapazes de atuar.<\/p>\n<p>Osborn, que tem sido um arranh\u00e3o saud\u00e1vel nos \u00faltimos tr\u00eas jogos, assinou um contrato de um ano no valor de US$ 4 milh\u00f5es em mar\u00e7o. <a href=\"https:\/\/www.bostonglobe.com\/2024\/03\/20\/sports\/kj-osborn-patriots-vikings\/\" target=\"_blank\" rel=\"noreferrer noopener\">com a esperan\u00e7a de se tornar uma presen\u00e7a veterana e confi\u00e1vel<\/a> na jovem sala de recep\u00e7\u00e3o da Nova Inglaterra.<\/p>\n<p>Mas seu papel nunca deu certo. Osborn foi titular nos primeiros quatro jogos, j\u00e1 que o ataque de passe inicialmente teve dificuldades com o quarterback Jacoby Brissett. Depois que os Patriots mudaram para o novato Drake Maye, o ataque se apoiou mais no trio DeMario Douglas, Kayshon Boutte e Kendrick Bourne, junto com os tight ends Hunter Henry e Austin Hooper.<\/p>\n<p>Desde que Maye assumiu como titular na Semana 6, Osborn apareceu em tr\u00eas jogos. Seu melhor desempenho foi contra Jacksonville, em 20 de outubro, em Londres, quando conseguiu dois passes para 26 jardas e um touchdown. Esse jogo foi respons\u00e1vel por quase metade de sua produ\u00e7\u00e3o na temporada, j\u00e1 que ele deixa a Nova Inglaterra com sete recep\u00e7\u00f5es em 18 alvos para 57 jardas.<\/p>\n<p>Antes do prazo final de negocia\u00e7\u00e3o em novembro, <a href=\"https:\/\/www.bostonglobe.com\/2024\/10\/25\/sports\/patriots-wide-receivers-unrest\/\" target=\"_blank\" rel=\"noreferrer noopener\">Osborn indicou que preferiria ser negociado<\/a>. Os Patriots, por\u00e9m, n\u00e3o conseguiram encontrar nenhum valor.<\/p>\n<p>A sala de wide receiver da Nova Inglaterra est\u00e1 agora reduzida a cinco jogadores: Douglas, Boutte, Bourne, Ja&#8217;Lynn Polk e Javon Baker. A equipe tamb\u00e9m lan\u00e7ou a escolha de segunda rodada de 2022, Tyquan Thornton, em novembro.<\/p>\n<p>Enquanto isso, Strange voltou a treinar em 20 de novembro e precisava ser ativado at\u00e9 quarta-feira para poder jogar nesta temporada. A escolha do primeiro turno de 2022 jogou principalmente na guarda esquerda, mas pode dar uma olhada no centro enquanto os Patriots tentam otimizar sua linha ofensiva para o futuro.<\/p>\n<h2 class=\"wp-block-heading\" id=\"h-statue-unveiling-on-hold\">Inaugura\u00e7\u00e3o da est\u00e1tua est\u00e1 suspensa<\/h2>\n<p>Os Patriots est\u00e3o adiando a inaugura\u00e7\u00e3o de sua est\u00e1tua de Tom Brady at\u00e9 2025.<\/p>\n<p>Quando a organiza\u00e7\u00e3o <a href=\"https:\/\/www.boston.com\/sports\/new-england-patriots\/2024\/06\/13\/tom-brady-patriots-hall-of-fame-best-moments\/\" target=\"_blank\" rel=\"noreferrer noopener\">homenageou Brady em junho<\/a>introduzindo-o no Hall da Fama dos Patriots e aposentando seu n\u00famero 12, o propriet\u00e1rio Robert Kraft anunciou planos para que uma est\u00e1tua de bronze de 3,6 metros de Brady fosse instalada nesta temporada na pra\u00e7a inferior do Patriot Place.<\/p>\n<p>\u201cEmbora consideremos o Patriots Hall of Fame a maior homenagem individual para esta franquia, quer\u00edamos que o maior fosse o primeiro a receber uma homenagem ainda maior\u201d, disse Kraft. \u201cNo ano passado, contratamos um escultor local para criar uma est\u00e1tua de bronze gigantesca para perpetuar o legado lend\u00e1rio deste jogador \u00fanico.\u201d<\/p>\n<p>O plano original era revelar a est\u00e1tua na estreia em casa, quando os membros da equipe campe\u00e3 do Super Bowl XLIX retornassem para uma reuni\u00e3o de 10 anos. Mas a Fox n\u00e3o atribuiu o jogo a Brady, em vez disso fez com que ele ligasse para os Cowboys-Saints. A esperan\u00e7a era ent\u00e3o adiar para o pr\u00f3ximo jogo em casa na Fox, Semana 5, mas a rede mais uma vez designou Brady para outro lugar.<\/p>\n<p>Como resultado, os Patriots decidiram adiar a inaugura\u00e7\u00e3o, para um jogo na pr\u00f3xima temporada ou para uma data fora da temporada, como o draft ou o campo de treinamento, a fim de encontrar um hor\u00e1rio que permita que Brady e sua fam\u00edlia estejam presentes.<\/p>\n<p>\u201cEle ficar\u00e1 sozinho na pra\u00e7a fora do Hall da Fama para simbolizar sua posi\u00e7\u00e3o n\u00e3o como o maior da hist\u00f3ria da franquia, mas como o maior de toda a hist\u00f3ria da NFL\u201d, disse Kraft.<\/p>\n<h2 class=\"wp-block-heading\" id=\"h-kicking-competition\">Chutando a competi\u00e7\u00e3o?<\/h2>\n<p>Os Patriotas <a href=\"https:\/\/www.boston.com\/sports\/new-england-patriots\/2024\/12\/10\/patriots-add-kicker-john-parker-romo-from-vikings-to-practice-squad\/\" target=\"_blank\" rel=\"noreferrer noopener\">contratou o chutador John Parker Romo para seu time de treino<\/a> e lan\u00e7ou o linebacker Keshawn Banks. Romo fez sua estreia na NFL este ano, fazendo 7 das 8 tentativas de field goal em quatro jogos pelos Vikings, enquanto Will Reichard estava na reserva por les\u00e3o.<\/p>\n<div class=\"m-block m-generic-cta\t m-generic-cta--post-content\t m-generic-cta--dark\t m-generic-cta--homepage\t m-generic-cta--email-signup\t\t m-generic-cta-block-style--default \tt-amp__generic-cta\"><\/p>\n<div class=\"m-generic-cta__wrap\">\n<div class=\"m-generic-cta__content\">\n<h3 class=\"m-generic-cta__title\">Inscreva-se para receber atualiza\u00e7\u00f5es do Patriots\ud83c\udfc8<\/h3>\n<p class=\"m-generic-cta__subtitle\">Receba as \u00faltimas not\u00edcias e an\u00e1lises em sua caixa de entrada durante a temporada de futebol.<\/p>\n<\/p><\/div>\n<\/p><\/div>\n<\/div><\/div>\n<p><script>\n\t\tvar consent=\"grant\";\n\t\t\/* The above code is parsing the JSON data from the local storage and storing it in a variable. *\/\n\t\t\t\t\tconst onetrustStorageConsent = JSON.parse(localStorage.getItem( 'consent_one_trust_bdc' ) );\n\t\t\tif ( ( onetrustStorageConsent !== null ) ) {\n\t\t\t\t\/* Checking to see if the user has consented to the use of cookies.\n\t\t\t\t* If they have not, it is deleting the cookie.\n\t\t\t\t* This will comment for now, until further notice.\n\t\t\t\t*\/\n\t\t\t\t\/\/if ( onetrustStorageConsent.C0002 === false ) {\n\t\t\t\t\/\/\tdocument.cookie=\"_fbp=;expires=Thu, 01 Jan 2010 00:00:00 UTC; path=\/; domain=.boston.com\";\n\t\t\t\t\/\/}\n\t\t\t\t\/* Checking if the user has given consent for the cookie C0002.\n\t\t\t\t* If the user has given consent, the variable consent will be set to 'grant'.\n\t\t\t\t* If the user has not given consent,the variable consent will be set to 'revoke'.\n\t\t\t\t* Documentation https:\/\/developers.facebook.com\/docs\/meta-pixel\/implementation\/gdpr\n\t\t\t\t*\/\n\t\t\t\tif ( onetrustStorageConsent.C0002 !== true ) {\n\t\t\t\t\tconsent=\"revoke\";\n\t\t\t\t}\n\t\t\t}\n\t\t\t\t!function(f,b,e,v,n,t,s)\n\t\t{if(f.fbq)return;n=f.fbq=function(){n.callMethod?\n\t\tn.callMethod.apply(n,arguments):n.queue.push(arguments)};\n\t\tif(!f._fbq)f._fbq=n;n.push=n;n.loaded=!0;n.version='2.0';\n\t\tn.queue=[];t=b.createElement(e);t.async=!0;\n\t\tt.src=v;s=b.getElementsByTagName(e)[0];\n\t\ts.parentNode.insertBefore(t,s)}(window, document,'script',\n\t\t'https:\/\/connect.facebook.net\/en_US\/fbevents.js');\n\t\tfbq('consent', consent);\n\t\tfbq('init', '989222871864976');\n\t\tfbq('track', 'PageView');\n\t<\/script><script type=\"module\">\n\t\tvar consent=\"grant\";\n\t\t\/* The above code is parsing the JSON data from the local storage and storing it in a variable. *\/\n\t\t\tconst onetrustStorageConsent = JSON.parse(localStorage.getItem( 'consent_one_trust_bdc' ) );\n\t\t\t\/* Checking to see if the user has consented to the use of cookies.\n\t\t\t* If they have not, it is deleting the cookie.\n\t\t\t* This will comment for now, until further notice.\n\t\t\t*\/\n\t\t\t\/\/if ( onetrustStorageConsent.C0002 === false ) {\n\t\t\t\/\/\tdocument.cookie=\"_fbp=;expires=Thu, 01 Jan 2010 00:00:00 UTC; path=\/; domain=.boston.com\";\n\t\t\t\/\/}\n\t\t\t\/* Checking if the user has given consent for the cookie C0002.\n\t\t\t* If the user has given consent, the variable consent will be set to 'grant'.\n\t\t\t* If the user has not given consent,the variable consent will be set to 'revoke'.\n\t\t\t* Documentation https:\/\/developers.facebook.com\/docs\/meta-pixel\/implementation\/gdpr\n\t\t\t*\/\n\t\t\tif ( ( onetrustStorageConsent !== null ) && (onetrustStorageConsent.C0002 !== true ) ) {\n\t\t\t\tconsent=\"revoke\";\n\t\t\t}\n\t\t\t\t!function(f,b,e,v,n,t,s){if(f.fbq)return;n=f.fbq=function()\n\t\t{n.callMethod? n.callMethod.apply(n,arguments):n.queue.push(arguments)}\n\t\t;if(!f._fbq)f._fbq=n;\n\t\tn.push=n;n.loaded=!0;n.version='2.0';n.queue=[];t=b.createElement(e);t.async=!0;\n\t\tt.src=v;s=b.getElementsByTagName(e)[0];s.parentNode.insertBefore(t,s)}(window,\n\t\tdocument,'script','https:\/\/connect.facebook.net\/en_US\/fbevents.js');\n\t\tfbq('consent', consent);\n\t\tfbq('init', '813236348753005');\n\t\tfbq('track', \"PageView\");\n\t<\/script><br \/>\n<br \/><br \/>\n<br \/><a href=\"https:\/\/www.boston.com\/sports\/new-england-patriots\/2024\/12\/11\/patriots-kj-osborn-release-nfl\/\">Source link <\/a><\/p>","protected":false},"excerpt":{"rendered":"<p>Patriotas O ex-Vikings WR assinou um contrato de um ano no valor de US$ 4 milh\u00f5es com o New England em mar\u00e7o. KJ Osborn usa o uniforme antigo antes de&hellip;<\/p>","protected":false},"author":1,"featured_media":74613,"comment_status":"closed","ping_status":"open","sticky":false,"template":"","format":"standard","meta":{"content-type":"","footnotes":""},"categories":[1],"tags":[],"class_list":["post-74612","post","type-post","status-publish","format-standard","has-post-thumbnail","hentry","category-uncategorized"],"_links":{"self":[{"href":"https:\/\/tvbrazilusa.com\/pt\/wp-json\/wp\/v2\/posts\/74612","targetHints":{"allow":["GET"]}}],"collection":[{"href":"https:\/\/tvbrazilusa.com\/pt\/wp-json\/wp\/v2\/posts"}],"about":[{"href":"https:\/\/tvbrazilusa.com\/pt\/wp-json\/wp\/v2\/types\/post"}],"author":[{"embeddable":true,"href":"https:\/\/tvbrazilusa.com\/pt\/wp-json\/wp\/v2\/users\/1"}],"replies":[{"embeddable":true,"href":"https:\/\/tvbrazilusa.com\/pt\/wp-json\/wp\/v2\/comments?post=74612"}],"version-history":[{"count":1,"href":"https:\/\/tvbrazilusa.com\/pt\/wp-json\/wp\/v2\/posts\/74612\/revisions"}],"predecessor-version":[{"id":74614,"href":"https:\/\/tvbrazilusa.com\/pt\/wp-json\/wp\/v2\/posts\/74612\/revisions\/74614"}],"wp:featuredmedia":[{"embeddable":true,"href":"https:\/\/tvbrazilusa.com\/pt\/wp-json\/wp\/v2\/media\/74613"}],"wp:attachment":[{"href":"https:\/\/tvbrazilusa.com\/pt\/wp-json\/wp\/v2\/media?parent=74612"}],"wp:term":[{"taxonomy":"category","embeddable":true,"href":"https:\/\/tvbrazilusa.com\/pt\/wp-json\/wp\/v2\/categories?post=74612"},{"taxonomy":"post_tag","embeddable":true,"href":"https:\/\/tvbrazilusa.com\/pt\/wp-json\/wp\/v2\/tags?post=74612"}],"curies":[{"name":"wp","href":"https:\/\/api.w.org\/{rel}","templated":true}]}}