{"id":74644,"date":"2024-12-11T16:38:59","date_gmt":"2024-12-11T16:38:59","guid":{"rendered":"https:\/\/tvbrazilusa.com\/2024\/12\/11\/novo-primeiro-ministro-sirio-pede-que-exilados-voltem-ao-pais-temos-de-reconstruir-e-precisamos-da-ajuda-de-todos\/"},"modified":"2024-12-11T16:39:01","modified_gmt":"2024-12-11T16:39:01","slug":"novo-primeiro-ministro-sirio-pede-que-exilados-voltem-ao-pais-temos-de-reconstruir-e-precisamos-da-ajuda-de-todos","status":"publish","type":"post","link":"https:\/\/tvbrazilusa.com\/pt\/2024\/12\/11\/novo-primeiro-ministro-sirio-pede-que-exilados-voltem-ao-pais-temos-de-reconstruir-e-precisamos-da-ajuda-de-todos\/","title":{"rendered":"Novo primeiro-ministro s\u00edrio pede que exilados voltem ao pa\u00eds: &#8216;Temos de reconstruir e precisamos da ajuda de todos&#8217;"},"content":{"rendered":"<p> <script async src=\"https:\/\/pagead2.googlesyndication.com\/pagead\/js\/adsbygoogle.js?client=ca-pub-8864793242727901\"\r\n     crossorigin=\"anonymous\"><\/script><br \/>\n<\/p>\n<div>\n<figure class=\"post-image\">\n<\/figure>\n<p>            <span style=\"font-size: 12px\">Foto: Reprodu\u00e7\u00e3o\/Minist\u00e9rio da Informa\u00e7\u00e3o do Governo da Salva\u00e7\u00e3o s\u00edria<\/span><\/p>\n<p>            <!-- end metas --><br \/>\n            <!-- ADS --><\/p>\n<div id=\"taboola-read-more\" style=\"display:block; width:100%\">\n<p>O novo primeiro-ministro de transi\u00e7\u00e3o da S\u00edria pediu aos s\u00edrios que buscaram ref\u00fagio no exterior que retornem ao pa\u00eds ap\u00f3s a queda do presidente Bashar al-Assad.\n<\/p>\n<p>Mohamed al-Bashir, nomeado pelos grupos rebeldes como chefe de Governo de transi\u00e7\u00e3o at\u00e9 mar\u00e7o, disse ao jornal italiano &#8220;Corriere della Sera&#8221; que um dos seus primeiros objetivos \u00e9 &#8220;recuperar os milh\u00f5es de refugiados s\u00edrios que est\u00e3o no exterior&#8221;.<\/p>\n<p>&#8220;Seu capital humano e sua experi\u00eancia permitir\u00e3o ao pa\u00eds florescer. Meu chamado \u00e9 para todos os s\u00edrios no exterior: a S\u00edria \u00e9 agora um pa\u00eds livre que conquistou seu orgulho e dignidade. Voltem. Temos de reconstruir, renascer e precisamos da ajuda de todos&#8221;, afirmou.<br \/>Quase 14 anos de guerra civil deixaram meio milh\u00e3o de mortos na S\u00edria e obrigaram metade da popula\u00e7\u00e3o a deixar suas casas. Milh\u00f5es de pessoas encontraram ref\u00fagio no exterior.\n<\/p>\n<p>Agora, com Bashar Al-Assad fora do poder ap\u00f3s opositores liderados pelo grupo islamista Hayah Tahrir al Sham tomarem a capital s\u00edria, Damasco, o pa\u00eds vive um momento de incertezas e receios de viol\u00eancia sect\u00e1ria, embora o HTS tenha prometido que todas as minorias religiosas estar\u00e3o seguras.\n<\/p>\n<p>Fonte: g1              <\/p>\n<\/div>\n<p>                        <!-- Scripts para conteudo --><\/p>\n<p>            <!-- .\/Scripts para conteudo --><br \/>\n            <!-- .\/Mat\u00e9ria --><\/p>\n<div class=\"row mt-3\">\n<div class=\"col-sm-6\">\n                <!-- Whatsapp channel 3--><br \/>\n                <a href=\"https:\/\/chat.whatsapp.com\/J6hwSKYns5B0XFowx2wZ0P\" target=\"_blank\"><br \/>\n                  <img decoding=\"async\" src=\"https:\/\/diariodobrasilnoticias.com.br\/assets-site\/images\/bot_whatsapp.png\"\/><\/a>\n              <\/div>\n<div class=\"col-sm-6\">\n                <a href=\"https:\/\/t.me\/+_4gTmi5LKo03OTM5\" target=\"_blank\"><br \/>\n                  <img decoding=\"async\" src=\"https:\/\/diariodobrasilnoticias.com.br\/assets-site\/images\/bot_telegram.png\"\/><\/a>\n              <\/div>\n<\/p><\/div>\n<p>            <!-- end post-navigation --><\/p>\n<p>              <!-- end row --><\/p>\n<p>              <!-- end col-12-->\n                      <\/div>\n<p><br \/>\n<br \/><a href=\"https:\/\/diariodobrasilnoticias.com.br\/noticia\/novo-primeiro-ministro-sirio-pede-que-exilados-voltem-ao-pais-temos-de-reconstruir-e-precisamos-da-ajuda-de-todos-6759a634342e7\">Source link <\/a><\/p>","protected":false},"excerpt":{"rendered":"<p>Foto: Reprodu\u00e7\u00e3o\/Minist\u00e9rio da Informa\u00e7\u00e3o do Governo da Salva\u00e7\u00e3o s\u00edria O novo primeiro-ministro de transi\u00e7\u00e3o da S\u00edria pediu aos s\u00edrios que buscaram ref\u00fagio no exterior que retornem ao pa\u00eds ap\u00f3s a&hellip;<\/p>","protected":false},"author":1,"featured_media":74645,"comment_status":"closed","ping_status":"open","sticky":false,"template":"","format":"standard","meta":{"content-type":"","footnotes":""},"categories":[16],"tags":[123,2448,5313,1267],"class_list":["post-74644","post","type-post","status-publish","format-standard","has-post-thumbnail","hentry","category-noticias","tag-brasil","tag-diario","tag-noticia","tag-noticias"],"_links":{"self":[{"href":"https:\/\/tvbrazilusa.com\/pt\/wp-json\/wp\/v2\/posts\/74644","targetHints":{"allow":["GET"]}}],"collection":[{"href":"https:\/\/tvbrazilusa.com\/pt\/wp-json\/wp\/v2\/posts"}],"about":[{"href":"https:\/\/tvbrazilusa.com\/pt\/wp-json\/wp\/v2\/types\/post"}],"author":[{"embeddable":true,"href":"https:\/\/tvbrazilusa.com\/pt\/wp-json\/wp\/v2\/users\/1"}],"replies":[{"embeddable":true,"href":"https:\/\/tvbrazilusa.com\/pt\/wp-json\/wp\/v2\/comments?post=74644"}],"version-history":[{"count":1,"href":"https:\/\/tvbrazilusa.com\/pt\/wp-json\/wp\/v2\/posts\/74644\/revisions"}],"predecessor-version":[{"id":74646,"href":"https:\/\/tvbrazilusa.com\/pt\/wp-json\/wp\/v2\/posts\/74644\/revisions\/74646"}],"wp:featuredmedia":[{"embeddable":true,"href":"https:\/\/tvbrazilusa.com\/pt\/wp-json\/wp\/v2\/media\/74645"}],"wp:attachment":[{"href":"https:\/\/tvbrazilusa.com\/pt\/wp-json\/wp\/v2\/media?parent=74644"}],"wp:term":[{"taxonomy":"category","embeddable":true,"href":"https:\/\/tvbrazilusa.com\/pt\/wp-json\/wp\/v2\/categories?post=74644"},{"taxonomy":"post_tag","embeddable":true,"href":"https:\/\/tvbrazilusa.com\/pt\/wp-json\/wp\/v2\/tags?post=74644"}],"curies":[{"name":"wp","href":"https:\/\/api.w.org\/{rel}","templated":true}]}}